{"id":108386,"date":"2025-12-09T12:34:09","date_gmt":"2025-12-09T12:34:09","guid":{"rendered":"https:\/\/www.europesays.com\/no\/108386\/"},"modified":"2025-12-09T12:34:09","modified_gmt":"2025-12-09T12:34:09","slug":"google-eu-eu-kommisjonen-starter-etterforskning-av-googles-ki-databruk","status":"publish","type":"post","link":"https:\/\/www.europesays.com\/no\/108386\/","title":{"rendered":"Google, EU | EU-kommisjonen starter etterforskning av Googles KI-databruk"},"content":{"rendered":"\n<p>If\u00f8lge nyhetsbyr\u00e5et DPA dreier det seg om Googles bruk av innhold p\u00e5 internett for s\u00f8keresultater generert av kunstig intelligens.<\/p>\n<p>AFP skriver at det er snakk om bruk av innhold som er publisert av medier og andre publisister til \u00e5 trene og tilby KI-tjenester, uten rettferdig kompensasjon.<\/p>\n<p><b>Les ogs\u00e5: <a href=\"https:\/\/www.nettavisen.no\/nyheter\/bane-nor-full-stans-i-togtrafikken-mellom-oslo-og-lillestrom\/s\/5-95-2770367\" rel=\"Follow nofollow noopener\" target=\"_blank\">Bane Nor: Full stans i togtrafikken mellom Oslo og Lillestr\u00f8m<\/a><\/b><\/p>\n<p>Det handler ogs\u00e5 om Googles bruk av YouTube-videoer til \u00e5 trene KI.<\/p>\n<p>\u2013 Vi unders\u00f8ker om Google har brukt urettferdige vilk\u00e5r mot publisister og innholdsprodusenter, samt gitt rivaliserende KI-modeller ulemper, i strid med EUs konkurranseregler, sier EU-kommisjonens konkurransesjef Teresa Ribera.<\/p>\n<p>Det har tidligere kommet kraftige reaksjoner fra USA etter at EU har iverksatt etterforskning og ilagt b\u00f8ter til amerikanske datagiganter, senest en massiv bot mot det sosiale mediet X.<\/p>\n","protected":false},"excerpt":{"rendered":"If\u00f8lge nyhetsbyr\u00e5et DPA dreier det seg om Googles bruk av innhold p\u00e5 internett for s\u00f8keresultater generert av kunstig&hellip;\n","protected":false},"author":2,"featured_media":108387,"comment_status":"","ping_status":"","sticky":false,"template":"","format":"standard","meta":{"footnotes":""},"categories":[12],"tags":[20,21,24,25,15,22,23,13,30,28,29,14,16,26,27,42,43,44,45],"class_list":{"0":"post-108386","1":"post","2":"type-post","3":"status-publish","4":"format-standard","5":"has-post-thumbnail","7":"category-verden","8":"tag-breaking-news","9":"tag-breakingnews","10":"tag-featured-news","11":"tag-featurednews","12":"tag-headlines","13":"tag-latest-news","14":"tag-latestnews","15":"tag-news","16":"tag-no","17":"tag-norge","18":"tag-norway","19":"tag-nyheter","20":"tag-overskrifter","21":"tag-top-stories","22":"tag-topstories","23":"tag-verden","24":"tag-world","25":"tag-world-news","26":"tag-worldnews"},"share_on_mastodon":{"url":"https:\/\/pubeurope.com\/@no\/115689636880520874","error":""},"_links":{"self":[{"href":"https:\/\/www.europesays.com\/no\/wp-json\/wp\/v2\/posts\/108386","targetHints":{"allow":["GET"]}}],"collection":[{"href":"https:\/\/www.europesays.com\/no\/wp-json\/wp\/v2\/posts"}],"about":[{"href":"https:\/\/www.europesays.com\/no\/wp-json\/wp\/v2\/types\/post"}],"author":[{"embeddable":true,"href":"https:\/\/www.europesays.com\/no\/wp-json\/wp\/v2\/users\/2"}],"replies":[{"embeddable":true,"href":"https:\/\/www.europesays.com\/no\/wp-json\/wp\/v2\/comments?post=108386"}],"version-history":[{"count":0,"href":"https:\/\/www.europesays.com\/no\/wp-json\/wp\/v2\/posts\/108386\/revisions"}],"wp:featuredmedia":[{"embeddable":true,"href":"https:\/\/www.europesays.com\/no\/wp-json\/wp\/v2\/media\/108387"}],"wp:attachment":[{"href":"https:\/\/www.europesays.com\/no\/wp-json\/wp\/v2\/media?parent=108386"}],"wp:term":[{"taxonomy":"category","embeddable":true,"href":"https:\/\/www.europesays.com\/no\/wp-json\/wp\/v2\/categories?post=108386"},{"taxonomy":"post_tag","embeddable":true,"href":"https:\/\/www.europesays.com\/no\/wp-json\/wp\/v2\/tags?post=108386"}],"curies":[{"name":"wp","href":"https:\/\/api.w.org\/{rel}","templated":true}]}}