{"id":108400,"date":"2025-12-09T12:45:10","date_gmt":"2025-12-09T12:45:10","guid":{"rendered":"https:\/\/www.europesays.com\/no\/108400\/"},"modified":"2025-12-09T12:45:10","modified_gmt":"2025-12-09T12:45:10","slug":"amalie-olsen-tv-2-amalie-olsen-bekrefter-kjaereste-pa-rod-loper","status":"publish","type":"post","link":"https:\/\/www.europesays.com\/no\/108400\/","title":{"rendered":"Amalie Olsen, TV 2 | Amalie Olsen: Bekrefter kj\u00e6reste p\u00e5 r\u00f8d l\u00f8per"},"content":{"rendered":"\n<p>SENTRALEN, OSLO (Nettavisen): 9. desember lanserer TV 2 v\u00e5rmenyen for 2026. Det skjer p\u00e5 kulturhuset sentralen i Oslo sentrum.\u00a0<\/p>\n<p>En rekke kjendiser som blir p\u00e5 se p\u00e5 TV neste \u00e5r, har tatt turen til v\u00e5rlanseringen, deriblant <a rel=\"Follow nofollow noopener\" href=\"https:\/\/www.nettavisen.no\/kjendis\/amalie-olsen-angrer-ikke-pa-bruddet-med-david-eriksen-folte-jeg-skyldte-noen-noe\/s\/5-95-1465190\" target=\"_blank\">influenser Amalie Olsen (26)<\/a>.<\/p>\n<p><b>Les ogs\u00e5: <a rel=\"Follow nofollow noopener\" href=\"https:\/\/www.nettavisen.no\/kjendis\/slik-blir-varen-pa-tv-2\/s\/5-95-2770132\" target=\"_blank\">Thomas Giertsen gj\u00f8r comeback: \u2013 Var godt med et avbrekk<\/a><\/b><\/p>\n<p>Gladnyhet etter \u00e5tte \u00e5r<\/p>\n<p>Hun bekrefter ogs\u00e5 at hun har f\u00e5tt ny kj\u00e6reste.<\/p>\n<p>\u2013 Det er veldig fantastisk. Han er verdens beste, sier Olsen til Nettavisen.\u00a0<\/p>\n<p><a rel=\"Follow nofollow noopener\" href=\"https:\/\/www.dagbladet.no\/kjendis\/bekrefter-gladnyhet\/83959295\" target=\"_blank\">Dagbladet<\/a> omtalte nyheten f\u00f8rst.<\/p>\n<p>    Vil du se neste video?<\/p>\n<p>    <a href=\"https:\/\/www.nettavisen.no\/nyheter\/ukrainske-spesialstyrker-skal-ha-tatt-ut-russiske-mal-pa-krim-halvoya\/v\/5-95-2764466\" class=\"recommend-poster\" data-adp-clicklabel=\"video-recommend\" data-adp-clickvalue=\"poster\" rel=\"nofollow noopener\" target=\"_blank\"><br \/>\n      <img decoding=\"async\" width=\"200\" height=\"200\" loading=\"lazy\" src=\"https:\/\/www.europesays.com\/no\/wp-content\/uploads\/2025\/12\/1765284308_86_KAMPFLY+BREDDE.jpg\" alt=\"\" class=\"brick-c-cFOWSL\" style=\"--brick-image-ratio: 200 \/ 200;\"\/><\/p>\n<p>Tar ut russisk kampfly p\u00e5 Krim0:24<\/p>\n<p>    <\/a><\/p>\n<p>Olsen kan ogs\u00e5 avsl\u00f8re at hun og den nye kj\u00e6resten ikke har flyttet sammen forel\u00f8pig. Amalie Olsen har v\u00e6rt singel siden hun var 18, og er glad for \u00e5 n\u00e5 v\u00e6re i et forhold igjen.\u00a0<\/p>\n<p>Influenser og realityprofil Nora Haukland (28) dukket opp p\u00e5 den r\u00f8de l\u00f8peren p\u00e5 krykker.\u00a0<\/p>\n<p>   <img decoding=\"async\" width=\"5712\" height=\"4284\" fetchpriority=\"low\"  loading=\"lazy\"  src=\"https:\/\/www.europesays.com\/no\/wp-content\/uploads\/2025\/12\/img_6534+%281%29.jpg\" alt=\"\" class=\"brick-c-cFOWSL\" style=\"--brick-image-ratio: 5712 \/ 4284;\"\/><\/p>\n<p>  Avsl\u00f8rer ulykke: \u2013 Ville ikke si det til noen<\/p>\n<p>Overfor Nettavisen forklarer hun hvorfor.<\/p>\n<p>\u2013 Jeg gikk med veldig h\u00f8ye h\u00e6ler, ogs\u00e5 er det veldig d\u00e5rlig asfalt p\u00e5 Frogner. Det er veldig mye hakk i asfalten. Jeg klarte \u00e5 vrikke foten ganske kraftig, sier 28-\u00e5ringen, og fortsetter:<\/p>\n<p>\u2013 Leddb\u00e5ndene r\u00f8k. S\u00e5 jeg m\u00e5 g\u00e5 p\u00e5 krykker i tre uker, har de sagt. Men jeg tenker en uke, s\u00e5 er jeg ferdig.<\/p>\n<p>   <img decoding=\"async\" width=\"2066\" height=\"3672\" fetchpriority=\"low\"  loading=\"lazy\"  src=\"https:\/\/www.europesays.com\/no\/wp-content\/uploads\/2025\/12\/nora.jpeg\" alt=\"\" class=\"brick-c-cFOWSL\" style=\"--brick-image-ratio: 2066 \/ 3672;\"\/><\/p>\n<p>      ULYKKE: Men Nora Haukland sier at hun har det bra.<br \/>\n      Foto: Philip Haglund (Nettavisen)\n    <\/p>\n<p>Ulykken skjedde da hun skulle springe hjem for tre dager siden.<\/p>\n<p>\u2013 Jeg tenkte at jeg ikke hadde skadet meg s\u00e5 hardt, s\u00e5 jeg ville ikke si det til noen. Jeg gikk inkognito, fordi jeg synes det var s\u00e5 flaut.\u00a0<\/p>\n<p>    Vil du se neste video?<\/p>\n<p>    <a href=\"https:\/\/www.nettavisen.no\/nyheter\/ukrainske-spesialstyrker-skal-ha-tatt-ut-russiske-mal-pa-krim-halvoya\/v\/5-95-2764466\" class=\"recommend-poster\" data-adp-clicklabel=\"video-recommend\" data-adp-clickvalue=\"poster\" rel=\"nofollow noopener\" target=\"_blank\"><br \/>\n      <img decoding=\"async\" width=\"200\" height=\"200\" loading=\"lazy\" src=\"https:\/\/www.europesays.com\/no\/wp-content\/uploads\/2025\/12\/1765284308_86_KAMPFLY+BREDDE.jpg\" alt=\"\" class=\"brick-c-cFOWSL\" style=\"--brick-image-ratio: 200 \/ 200;\"\/><\/p>\n<p>Tar ut russisk kampfly p\u00e5 Krim0:24<\/p>\n<p>    <\/a><\/p>\n","protected":false},"excerpt":{"rendered":"SENTRALEN, OSLO (Nettavisen): 9. desember lanserer TV 2 v\u00e5rmenyen for 2026. Det skjer p\u00e5 kulturhuset sentralen i Oslo&hellip;\n","protected":false},"author":2,"featured_media":108401,"comment_status":"","ping_status":"","sticky":false,"template":"","format":"standard","meta":{"footnotes":""},"categories":[58],"tags":[71,30,28,29,72],"class_list":{"0":"post-108400","1":"post","2":"type-post","3":"status-publish","4":"format-standard","5":"has-post-thumbnail","7":"category-underholdning","8":"tag-entertainment","9":"tag-no","10":"tag-norge","11":"tag-norway","12":"tag-underholdning"},"share_on_mastodon":{"url":"https:\/\/pubeurope.com\/@no\/115689680022567065","error":""},"_links":{"self":[{"href":"https:\/\/www.europesays.com\/no\/wp-json\/wp\/v2\/posts\/108400","targetHints":{"allow":["GET"]}}],"collection":[{"href":"https:\/\/www.europesays.com\/no\/wp-json\/wp\/v2\/posts"}],"about":[{"href":"https:\/\/www.europesays.com\/no\/wp-json\/wp\/v2\/types\/post"}],"author":[{"embeddable":true,"href":"https:\/\/www.europesays.com\/no\/wp-json\/wp\/v2\/users\/2"}],"replies":[{"embeddable":true,"href":"https:\/\/www.europesays.com\/no\/wp-json\/wp\/v2\/comments?post=108400"}],"version-history":[{"count":0,"href":"https:\/\/www.europesays.com\/no\/wp-json\/wp\/v2\/posts\/108400\/revisions"}],"wp:featuredmedia":[{"embeddable":true,"href":"https:\/\/www.europesays.com\/no\/wp-json\/wp\/v2\/media\/108401"}],"wp:attachment":[{"href":"https:\/\/www.europesays.com\/no\/wp-json\/wp\/v2\/media?parent=108400"}],"wp:term":[{"taxonomy":"category","embeddable":true,"href":"https:\/\/www.europesays.com\/no\/wp-json\/wp\/v2\/categories?post=108400"},{"taxonomy":"post_tag","embeddable":true,"href":"https:\/\/www.europesays.com\/no\/wp-json\/wp\/v2\/tags?post=108400"}],"curies":[{"name":"wp","href":"https:\/\/api.w.org\/{rel}","templated":true}]}}