{"id":108413,"date":"2025-12-09T12:56:10","date_gmt":"2025-12-09T12:56:10","guid":{"rendered":"https:\/\/www.europesays.com\/no\/108413\/"},"modified":"2025-12-09T12:56:10","modified_gmt":"2025-12-09T12:56:10","slug":"har-bedt-forsvaret-om-en-grundig-gjennomgang","status":"publish","type":"post","link":"https:\/\/www.europesays.com\/no\/108413\/","title":{"rendered":"\u2013 Har bedt Forsvaret om en grundig gjennomgang"},"content":{"rendered":"\n<p class=\"_lead_o9xde_2 _lead_xtcu6_50 layout-component text-serif-m layout-normal text-serif-l layout-component layout-wide layout-padded _wide_17hqh_1 layout-padded\">Forsvarsminister Tore O. Sandvik og regjeringen avventer \u00e5 signere kontrakt med maskefirmaet, blant annet etter \u00abinnspill fra Ukraina\u00bb. <\/p>\n<p><img alt=\"Forsvarsminister Tore O Sandvik (til venstre) og daglig leder Rune Jomaas (til h\u00f8yre) i firmaet Watchbird AS. Foto: Forsvarsdepartementet\" class=\"_image_qp4xg_65 layout-component layout-wide\" data-fullscreen- data-track-element-type=\"Article image fullscreen\" data-track-name=\"ImageFullscreen\" fetchpriority=\"high\" decoding=\"sync\" loading=\"eager\" height=\"1369\" itemprop=\"image\"  src=\"https:\/\/www.europesays.com\/no\/wp-content\/uploads\/2025\/12\/1765284969_240_f0384cfa-dfe6-438d-98e2-6ba886767c23\"  style=\"object-position:0% 0%\" width=\"1369\"\/>Forsvarsminister Tore O Sandvik (til venstre) og daglig leder Rune Jomaas (til h\u00f8yre) i firmaet Watchbird AS. Foto: Forsvarsdepartementet<\/p>\n<ul aria-hidden=\"true\" class=\"_images_ntbth_112\">\n<li><a class=\"_link_ntbth_117\" href=\"https:\/\/www.vg.no\/forfatter\/rolf-j-wideroee\" style=\"z-index:2\" title=\"Rolf J. Wider\u00f8e\" rel=\"nofollow noopener\" target=\"_blank\"><img alt=\"Bilde av Rolf J. Wider\u00f8e\" class=\"_image_ntbth_93\" fetchpriority=\"low\" loading=\"lazy\" decoding=\"async\" itemprop=\"image\"  src=\"https:\/\/www.europesays.com\/no\/wp-content\/uploads\/2025\/12\/1765284970_5_3dbc548d-922e-4780-98d2-50bfdc448f42\"  width=\"480\"\/><\/a><\/li>\n<li><a class=\"_link_ntbth_117\" href=\"https:\/\/www.vg.no\/forfatter\/einar-otto-stangvik\" style=\"z-index:1\" title=\"Einar Otto Stangvik\" rel=\"nofollow noopener\" target=\"_blank\"><img alt=\"Bilde av Einar Otto Stangvik\" class=\"_image_ntbth_93\" fetchpriority=\"low\" loading=\"lazy\" decoding=\"async\" itemprop=\"image\"  src=\"https:\/\/www.europesays.com\/no\/wp-content\/uploads\/2025\/12\/1765284970_998_de6bbb4f-4b11-4b77-966d-eac0982e115b\"  width=\"480\"\/><\/a><\/li>\n<\/ul>\n<p> Oppdatert tirsdag 9. desember kl. 13:48    <\/p>\n<ul class=\"_list_o9xde_3 _list_64s2r_85 _unordered_o9xde_106 text-sans-m\">\n<li class=\"_item_o9xde_30\">Regjeringen skulle bruke 100 millioner kroner p\u00e5 masker i gave til ukrainske soldater i krigen mot Russland.<\/li>\n<li class=\"_item_o9xde_30\">Det tilsvarer 3000 kroner per innkj\u00f8pt maske, if\u00f8lge dokumenter VG har f\u00e5tt tilgang til.<\/li>\n<li class=\"_item_o9xde_30\">Forsvarets Forskningsinstitutt anbefalte maskene til regjeringen &#8211; og la vekt p\u00e5 dems beskyttelse mot t\u00e5regass.<\/li>\n<li class=\"_item_o9xde_30\">I VGs test ga en maske til 33 kroner bedre beskyttelse<\/li>\n<li class=\"_item_o9xde_30\">Forsvarsministeren sier n\u00e5 at de avventer \u00e5 gjennomf\u00f8re kj\u00f8p av maskene, blant etter \u00abnye innspill fra Ukraina\u00bb<\/li>\n<\/ul>\n<p>Vis mer <\/p>\n<p class=\"_paragraph_o9xde_4 _paragraph_xtcu6_10 layout-component text-serif-m layout-normal text-serif-m layout-padded\"><a href=\"https:\/\/www.vg.no\/nyheter\/i\/L4pl4Q\/kjoeper-masker-fra-watchbird-for-100-millioner-naa-faar-jeg-ikke-puste\" data-track-element-type=\"Link\" data-track-id=\"link:L4pl4Q\" class=\"_link_o9xde_39\" rel=\"nofollow noopener\" target=\"_blank\">VG <\/a>skrev s\u00f8ndag om regjeringens kj\u00f8p av en beskyttelsesmaske som blant annet skal beskytte mot t\u00e5regass \u2013 og gis i gave til ukrainske soldater i krigen mot Russland.<\/p>\n<p class=\"_paragraph_o9xde_4 _paragraph_xtcu6_10 layout-component text-serif-m layout-normal text-serif-m layout-padded\">\u2013 Dette redder liv. Det \u00f8ker kampkraften til Ukraina og overlevelsen til ukrainske soldater. Det er en st\u00f8tte med mening, sa forsvarsminister <a href=\"https:\/\/www.vg.no\/tag\/tore-o-sandvik?utm_source=vg-article&amp;utm_medium=auto-tagger&amp;utm_campaign=n1g0rm\" class=\"_link_o9xde_39\" rel=\"nofollow noopener\" target=\"_blank\">Tore O. Sandvik<\/a> til\u00a0<a href=\"https:\/\/www.aftenposten.no\/verden\/i\/4B2Gxg\/naa-skal-ogsaa-norge-satse-paa-ukrainas-forsvarsindustri\" class=\"_link_o9xde_39\" rel=\"nofollow noopener\" target=\"_blank\">Aftenposten\u00a0<\/a>18. august.<\/p>\n<p class=\"_paragraph_o9xde_4 _paragraph_xtcu6_10 layout-component text-serif-m layout-normal text-serif-m layout-padded\">VG har avdekket at forsvarsstaben forsvarsstaben Forsvarsstabens hovedoppgave er \u00e5 st\u00f8tte forsvarssjefen i den daglige driften og utviklingen av Forsvaret.anbefalte regjeringen \u00e5 bruke 100 millioner kroner p\u00e5 33.000 masker, if\u00f8lge dokumenter VG har f\u00e5tt tilgang til.<\/p>\n<p class=\"_paragraph_o9xde_4 _paragraph_xtcu6_10 layout-component text-serif-m layout-normal text-serif-m layout-padded\">Det tilsvarer <strong class=\"_strong_o9xde_25\">3000 kroner<\/strong> per innkj\u00f8pt maske.<\/p>\n<p class=\"_paragraph_o9xde_4 _paragraph_xtcu6_10 layout-component text-serif-m layout-normal text-serif-m layout-padded\">VG testet masken mot en maske fra Biltema til 33 kroner, der sistnevnte ga bedre beskyttelse mot t\u00e5regass:<\/p>\n<p class=\"_paragraph_o9xde_4 _paragraph_xtcu6_10 layout-component text-serif-m layout-normal text-serif-m layout-padded\">VG har siden 1. september stilt forsvarsminister Tore O. Sandvik sp\u00f8rsm\u00e5l om masken fra det norske firmaet Watchbird.<\/p>\n<p class=\"_paragraph_o9xde_4 _paragraph_xtcu6_10 layout-component text-serif-m layout-normal text-serif-m layout-padded\">Blant sp\u00f8rsm\u00e5lene VG stilte til forsvarsministeren den gang var:<\/p>\n<ul class=\"_list_o9xde_3 _list_xtcu6_9 _unordered_o9xde_106 layout-component text-serif-m layout-normal text-serif-m layout-padded\">\n<li class=\"_item_o9xde_30\"><strong class=\"_strong_o9xde_25\">Hva beskytter denne masken mot?<\/strong><\/li>\n<li class=\"_item_o9xde_30\"><strong class=\"_strong_o9xde_25\">Hvilke tester er lagt til grunn?<\/strong><\/li>\n<\/ul>\n<p class=\"_paragraph_o9xde_4 _paragraph_xtcu6_10 layout-component text-serif-m layout-normal text-serif-m layout-padded\">Tirsdag ettermiddag skriver han f\u00f8lgende i en e-post til VG: <\/p>\n<p class=\"_paragraph_o9xde_4 _paragraph_xtcu6_10 layout-component text-serif-m layout-normal text-serif-m layout-padded\">\u00abKontrakt med selskapet er ikke signert. P\u00e5 grunn av uklarheter, blant annet knyttet til produktets egenskaper, og nye innspill fra Ukrainanye innspill fra UkrainaVG vet ikke i skrivende stund hvilke innspill det siktes til og hvem de kommer fra. , besluttet Forsvaret og Forsvarsmateriell tidlig i november \u00e5 avvente gjennomf\u00f8ring av anskaffelsesprosessen\u00bb, f\u00f8r han tillegger: <\/p>\n<p class=\"_paragraph_o9xde_4 _paragraph_xtcu6_10 layout-component text-serif-m layout-normal text-serif-m layout-padded\">\u00abJeg har bedt Forsvaret om en grundig gjennomgang av b\u00e5de produktet og arbeidet som er gjort s\u00e5 langt. I tillegg har jeg bedt om en n\u00e6rmere gjennomgang av rutinene for anskaffelser i Industriportalen, slik at vi er sikre p\u00e5 at materiell og utstyr som ettersp\u00f8rres til Ukraina holder n\u00f8dvendig kvalitet\u00bb. <\/p>\n<p class=\"_paragraph_o9xde_4 _paragraph_xtcu6_10 layout-component text-serif-m layout-normal text-serif-m layout-padded\">Sandvik avslutter: <\/p>\n<p class=\"_paragraph_o9xde_4 _paragraph_xtcu6_10 layout-component text-serif-m layout-normal text-serif-m layout-padded\">\u00abUkraina har et enormt behov for beskyttelse. Det er derfor avgj\u00f8rende at vi bruker ressursene v\u00e5re der de gir st\u00f8rst effekt. Dette inneb\u00e6rer at vi m\u00e5 vurdere anskaffelser sv\u00e6rt n\u00f8ye, samtidig som vi er bevisste p\u00e5 at prosessene m\u00e5 gjennomf\u00f8res raskt og i tr\u00e5d med Ukrainas behov og \u00f8nsker.\u00bb<\/p>\n","protected":false},"excerpt":{"rendered":"Forsvarsminister Tore O. Sandvik og regjeringen avventer \u00e5 signere kontrakt med maskefirmaet, blant annet etter \u00abinnspill fra Ukraina\u00bb.&hellip;\n","protected":false},"author":2,"featured_media":107582,"comment_status":"","ping_status":"","sticky":false,"template":"","format":"standard","meta":{"footnotes":""},"categories":[10],"tags":[20,21,24,25,15,179,22,23,13,30,28,29,14,16,26,27,1566],"class_list":{"0":"post-108413","1":"post","2":"type-post","3":"status-publish","4":"format-standard","5":"has-post-thumbnail","7":"category-norge","8":"tag-breaking-news","9":"tag-breakingnews","10":"tag-featured-news","11":"tag-featurednews","12":"tag-headlines","13":"tag-krigen-i-ukraina","14":"tag-latest-news","15":"tag-latestnews","16":"tag-news","17":"tag-no","18":"tag-norge","19":"tag-norway","20":"tag-nyheter","21":"tag-overskrifter","22":"tag-top-stories","23":"tag-topstories","24":"tag-tore-o-sandvik"},"share_on_mastodon":{"url":"https:\/\/pubeurope.com\/@no\/115689723394120043","error":""},"_links":{"self":[{"href":"https:\/\/www.europesays.com\/no\/wp-json\/wp\/v2\/posts\/108413","targetHints":{"allow":["GET"]}}],"collection":[{"href":"https:\/\/www.europesays.com\/no\/wp-json\/wp\/v2\/posts"}],"about":[{"href":"https:\/\/www.europesays.com\/no\/wp-json\/wp\/v2\/types\/post"}],"author":[{"embeddable":true,"href":"https:\/\/www.europesays.com\/no\/wp-json\/wp\/v2\/users\/2"}],"replies":[{"embeddable":true,"href":"https:\/\/www.europesays.com\/no\/wp-json\/wp\/v2\/comments?post=108413"}],"version-history":[{"count":0,"href":"https:\/\/www.europesays.com\/no\/wp-json\/wp\/v2\/posts\/108413\/revisions"}],"wp:featuredmedia":[{"embeddable":true,"href":"https:\/\/www.europesays.com\/no\/wp-json\/wp\/v2\/media\/107582"}],"wp:attachment":[{"href":"https:\/\/www.europesays.com\/no\/wp-json\/wp\/v2\/media?parent=108413"}],"wp:term":[{"taxonomy":"category","embeddable":true,"href":"https:\/\/www.europesays.com\/no\/wp-json\/wp\/v2\/categories?post=108413"},{"taxonomy":"post_tag","embeddable":true,"href":"https:\/\/www.europesays.com\/no\/wp-json\/wp\/v2\/tags?post=108413"}],"curies":[{"name":"wp","href":"https:\/\/api.w.org\/{rel}","templated":true}]}}