{"id":108414,"date":"2025-12-09T12:57:10","date_gmt":"2025-12-09T12:57:10","guid":{"rendered":"https:\/\/www.europesays.com\/no\/108414\/"},"modified":"2025-12-09T12:57:10","modified_gmt":"2025-12-09T12:57:10","slug":"mittlorenskog-brann-fikk-hjelp-av-konkurrenten-da-alarmen-gikk-romerikes-blad","status":"publish","type":"post","link":"https:\/\/www.europesays.com\/no\/108414\/","title":{"rendered":"MittL\u00f8renskog, Brann | Fikk hjelp av \u00abkonkurrenten\u00bb da alarmen gikk &#8211; Romerikes Blad"},"content":{"rendered":"<ol>\n<li><a href=\"https:\/\/news.google.com\/rss\/articles\/CBMigAFBVV95cUxOc2pTOUxyWGJfa3ZzeUlZSktkNWFudWlhWXpyakVNQnY4ZHhqNWVQWXN1WXR1bjFrakNBeC03bWJfX0FmX0dtQkNPWHRBb1NsX2J0YVlyckhubGRpaTg5Qi1OZkhDRFIzcy1tbVRhanJzSklZZVVLSmdVUlRERWJUaA?oc=5\" target=\"_blank\" rel=\"nofollow noopener\">MittL\u00f8renskog, Brann | Fikk hjelp av \u00abkonkurrenten\u00bb da alarmen gikk<\/a>&nbsp;&nbsp;Romerikes Blad<\/li>\n<li><a href=\"https:\/\/news.google.com\/rss\/articles\/CBMiogFBVV95cUxOWm5iUU1OS2ZqVi1qRmhXbExLdWc2OFZTOXpBRVFzLTU2Y3dkRzBPQjBLT3VLZlU1OGcwa3JwSDA3cTZMdzREN0E5WG01T0QxdElsc3FYaDNKcnVHUFdLdlBGaHNkNENtZXdSaHF0X0l5RHhndjVwN0tFNVh5elg0dnJkdHZoLU0td3NPMGhjZVg1eGQwQmw0T01rZUVkOFJfVnc?oc=5\" target=\"_blank\" rel=\"nofollow noopener\">Brannen p\u00e5 kj\u00f8pesenteret Triaden i L\u00f8renskog er slukket<\/a>&nbsp;&nbsp;Aftenposten<\/li>\n<li><a href=\"https:\/\/news.google.com\/rss\/articles\/CBMixgFBVV95cUxQM1RtbWE3U0k3bkdXNWJhYjh1WlM0ZjhnQURWVTZZSG5ZNGQxVUJhVFZvbUNOTlNUdWtGbEJaNkV0QnZtLWN5LTQ1OVVrNS03am9wSHpnUFJWZk9ycHVPRWtWX3ZSVUNvWFJ3UnhiUmVVT1ducU9rN0FBdDktS1oxSExSSkduMGZGb3NIUWNwUklaUkV1VVlPRUxFR3FveVVMTWNrdlozU1J4UUFmM21IcjFJS3ZUamczb1dUa25LMEwxTVRMSmc?oc=5\" target=\"_blank\" rel=\"nofollow noopener\">Brann p\u00e5 kj\u00f8pesenteret Triaden i L\u00f8renskog, opplyser politiet<\/a>&nbsp;&nbsp;MSN<\/li>\n<li><a href=\"https:\/\/news.google.com\/rss\/articles\/CBMiswFBVV95cUxQRDcta0lRTlJhY2trejQ3cGpDTC1ySnlmNmowQzZEZnF5YzBGd21UZXdKVnFmX3pNWDBzc0dBbG9ERUNYVW93S013S2FtLXJ6N1NwTGxtY3FRV3I0aFdVbWxlamlEOVpmVzhLRGFtWTUtY1R0Zmg0NER4cDVENUp3Tk0tTzdISHpVU2RjSDNQc19aX0dSamZxM050MldMbkRhSUhOLTBxZmZaSTY4WEJMUWVmYw?oc=5\" target=\"_blank\" rel=\"nofollow noopener\">(+) Brann p\u00e5 kj\u00f8pesenter i L\u00f8renskog er slukket<\/a>&nbsp;&nbsp;folkebladet.no<\/li>\n<li><a href=\"https:\/\/news.google.com\/rss\/articles\/CBMiXkFVX3lxTE9VWEFCSFVGX1JHYUczUGZGX1d4Nmc1a081MWhZeDdscEt1cU9yR0MxeXdmQ2FZMXRYQjY1Qkhnbl9PNG5VX2RYck9QZU54QjNZUmd1TlAyTjctcGdOcmc?oc=5\" target=\"_blank\" rel=\"nofollow noopener\">Nyheter, Brann | Brann p\u00e5 Triaden: \u2013 Mye r\u00f8yk<\/a>&nbsp;&nbsp;Romerikes Blad<\/li>\n<\/ol>\n","protected":false},"excerpt":{"rendered":"MittL\u00f8renskog, Brann | Fikk hjelp av \u00abkonkurrenten\u00bb da alarmen gikk&nbsp;&nbsp;Romerikes Blad Brannen p\u00e5 kj\u00f8pesenteret Triaden i L\u00f8renskog er&hellip;\n","protected":false},"author":2,"featured_media":108415,"comment_status":"","ping_status":"","sticky":false,"template":"","format":"standard","meta":{"footnotes":""},"categories":[5],"tags":[20,21,24,25,15,19,22,23,17,18,13,30,28,29,14,16,26,27],"class_list":{"0":"post-108414","1":"post","2":"type-post","3":"status-publish","4":"format-standard","5":"has-post-thumbnail","7":"category-overskrifter","8":"tag-breaking-news","9":"tag-breakingnews","10":"tag-featured-news","11":"tag-featurednews","12":"tag-headlines","13":"tag-hovedoppslag","14":"tag-latest-news","15":"tag-latestnews","16":"tag-main-news","17":"tag-mainnews","18":"tag-news","19":"tag-no","20":"tag-norge","21":"tag-norway","22":"tag-nyheter","23":"tag-overskrifter","24":"tag-top-stories","25":"tag-topstories"},"share_on_mastodon":{"url":"https:\/\/pubeurope.com\/@no\/115689727156274891","error":""},"_links":{"self":[{"href":"https:\/\/www.europesays.com\/no\/wp-json\/wp\/v2\/posts\/108414","targetHints":{"allow":["GET"]}}],"collection":[{"href":"https:\/\/www.europesays.com\/no\/wp-json\/wp\/v2\/posts"}],"about":[{"href":"https:\/\/www.europesays.com\/no\/wp-json\/wp\/v2\/types\/post"}],"author":[{"embeddable":true,"href":"https:\/\/www.europesays.com\/no\/wp-json\/wp\/v2\/users\/2"}],"replies":[{"embeddable":true,"href":"https:\/\/www.europesays.com\/no\/wp-json\/wp\/v2\/comments?post=108414"}],"version-history":[{"count":0,"href":"https:\/\/www.europesays.com\/no\/wp-json\/wp\/v2\/posts\/108414\/revisions"}],"wp:featuredmedia":[{"embeddable":true,"href":"https:\/\/www.europesays.com\/no\/wp-json\/wp\/v2\/media\/108415"}],"wp:attachment":[{"href":"https:\/\/www.europesays.com\/no\/wp-json\/wp\/v2\/media?parent=108414"}],"wp:term":[{"taxonomy":"category","embeddable":true,"href":"https:\/\/www.europesays.com\/no\/wp-json\/wp\/v2\/categories?post=108414"},{"taxonomy":"post_tag","embeddable":true,"href":"https:\/\/www.europesays.com\/no\/wp-json\/wp\/v2\/tags?post=108414"}],"curies":[{"name":"wp","href":"https:\/\/api.w.org\/{rel}","templated":true}]}}