{"id":108416,"date":"2025-12-09T13:02:10","date_gmt":"2025-12-09T13:02:10","guid":{"rendered":"https:\/\/www.europesays.com\/no\/108416\/"},"modified":"2025-12-09T13:02:10","modified_gmt":"2025-12-09T13:02:10","slug":"nyhetsvarsel-trump-trump-ut-mot-sverige-det-er-ikke-til-a-tro","status":"publish","type":"post","link":"https:\/\/www.europesays.com\/no\/108416\/","title":{"rendered":"Nyhetsvarsel, Trump | Trump ut mot Sverige: \u2013\u00a0Det er ikke til \u00e5 tro"},"content":{"rendered":"\n<p>Avisen <a rel=\"Follow nofollow noopener\" href=\"https:\/\/www.politico.eu\/politico-28-class-of-2026\/\" target=\"_blank\">Politico<\/a> har k\u00e5ret de mektigste i Europa. Det er president Donald Trump p\u00e5 andre siden av Atlanteren som stakk av med seieren i \u00e5r.<\/p>\n<p>   <img decoding=\"async\" width=\"1612\" height=\"816\" fetchpriority=\"low\"  loading=\"lazy\"  src=\"https:\/\/www.europesays.com\/no\/wp-content\/uploads\/2025\/12\/Skjermbilde+2025-12-09+kl.+13.31.40.jpg\" alt=\"\" class=\"brick-c-cFOWSL\" style=\"--brick-image-ratio: 1612 \/ 816;\"\/><\/p>\n<p>      Dasha Burns har dekket Trumps presidentperiode tett.<br \/>\n      Foto: Skjermbilde\n    <\/p>\n<p><b>Les ogs\u00e5: <a class=\"simple-relation related-teaser article--c-eRUmMG article--c-eRUmMG-fZoQSp-design-nettavisen article--c-eRUmMG-gwthdJ-cv\" href=\"https:\/\/www.nettavisen.no\/trump-ut-mot-europeiske-ledere-de-odelegger-landene-sine\/s\/5-95-2771028\" rel=\"nofollow noopener\" target=\"_blank\">Trump ut mot europeiske ledere: \u2013 De \u00f8delegger landene sine<\/a><\/b><\/p>\n<p>Ut mot Europa<\/p>\n<p>Begrunnelsen er klokkeklar: Ingen har i \u00e5r hatt mer makt eller p\u00e5virkningskraft i Europa enn han.<\/p>\n<p>I store deler av intervjuet diskuterer Trump hva han mener g\u00e5r galt i Europa. Sverige f\u00e5r gjennomg\u00e5.<\/p>\n<p>\u2013 Sverige var kjent for \u00e5 v\u00e6re det tryggeste landet i Europa. N\u00e5 er det veldig utrygt. Det er et ganske utrygt land. Det er ikke til \u00e5 tro, sier president Trump i et ferskt intervju med <a href=\"https:\/\/www.politico.com\/news\/2025\/12\/09\/donald-trump-full-interview-transcript-00681693\" rel=\"Follow nofollow noopener\" target=\"_blank\">Politico<\/a>s Dasha Burns.<\/p>\n<p>Innvandringspolitikken blir dratt frem flere ganger.<\/p>\n<p>\u2013 I Europa kommer de fra alle steder i verden. Ikke bare Midt\u00f8sten, ogs\u00e5 fra Kongo. Av en eller annen grunn, har de lyst til \u00e5 v\u00e6re politisk korrekte. Jeg synes det er det motsatte av \u00e5 v\u00e6re politisk korrekt. De vil v\u00e6re politisk korrekte og de vil ikke sende dem tilbake.<\/p>\n<p><b>Les ogs\u00e5: <a class=\"simple-relation related-teaser article--c-eRUmMG article--c-eRUmMG-fZoQSp-design-nettavisen article--c-eRUmMG-gwthdJ-cv\" href=\"https:\/\/www.nettavisen.no\/trump-venner-til-oslo-far-sole-seg-i-glansen-av-fredsprisen\/s\/5-95-2770250\" rel=\"nofollow noopener\" target=\"_blank\">Trump-venner til Oslo: \u2013 F\u00e5r sole seg i glansen av fredsprisen<\/a><\/b><\/p>\n<p>\u2013 De \u00f8delegger landene sine<\/p>\n<p>Da reporteren foreslo at europeiske ledere blir skremt av hva Trump st\u00e5r for, svarer Trump at de b\u00f8r v\u00e6re skremt over hva de gj\u00f8r med landene sine.<\/p>\n<p>\u2013 De \u00f8delegger landene sine. Dette er folk jeg liker, men jeg kan ikke la dette skje.<\/p>\n<p>\u2013 Betyr det at de ikke vil v\u00e6re allierte lenger?<\/p>\n<p>\u2013 Det sp\u00f8rs. Du vet, det sp\u00f8rs. De vil endre ideologi fordi \u00e5penbart har de som kommer inn en helt annen ideologi. Det kommer til \u00e5 gj\u00f8re dem svakere. De vil v\u00e6re s\u00e5 mye svakere og s\u00e5 annerledes.<\/p>\n<p>    Vil du se neste video?<\/p>\n<p>    <a href=\"https:\/\/www.nettavisen.no\/nyheter\/ukrainske-spesialstyrker-skal-ha-tatt-ut-russiske-mal-pa-krim-halvoya\/v\/5-95-2764466\" class=\"recommend-poster\" data-adp-clicklabel=\"video-recommend\" data-adp-clickvalue=\"poster\" rel=\"nofollow noopener\" target=\"_blank\"><br \/>\n      <img decoding=\"async\" width=\"200\" height=\"200\" loading=\"lazy\" src=\"https:\/\/www.europesays.com\/no\/wp-content\/uploads\/2025\/12\/KAMPFLY+BREDDE.jpg\" alt=\"\" class=\"brick-c-cFOWSL\" style=\"--brick-image-ratio: 200 \/ 200;\"\/><\/p>\n<p>Tar ut russisk kampfly p\u00e5 Krim0:24<\/p>\n<p>    <\/a><\/p>\n<p>        USAs president Donald Trump hevder han aldri har sagt at han vil frigi en video fra det mye omtalte oppf\u00f8lgingsangrepet mot en s\u00e5kalt \u00abnarkob\u00e5t\u00bb i Karibia 2. september.<\/p>\n","protected":false},"excerpt":{"rendered":"Avisen Politico har k\u00e5ret de mektigste i Europa. Det er president Donald Trump p\u00e5 andre siden av Atlanteren&hellip;\n","protected":false},"author":2,"featured_media":108417,"comment_status":"","ping_status":"","sticky":false,"template":"","format":"standard","meta":{"footnotes":""},"categories":[12],"tags":[20,21,24,25,15,22,23,13,30,28,29,14,16,26,27,42,43,44,45],"class_list":{"0":"post-108416","1":"post","2":"type-post","3":"status-publish","4":"format-standard","5":"has-post-thumbnail","7":"category-verden","8":"tag-breaking-news","9":"tag-breakingnews","10":"tag-featured-news","11":"tag-featurednews","12":"tag-headlines","13":"tag-latest-news","14":"tag-latestnews","15":"tag-news","16":"tag-no","17":"tag-norge","18":"tag-norway","19":"tag-nyheter","20":"tag-overskrifter","21":"tag-top-stories","22":"tag-topstories","23":"tag-verden","24":"tag-world","25":"tag-world-news","26":"tag-worldnews"},"share_on_mastodon":{"url":"https:\/\/pubeurope.com\/@no\/115689747178107628","error":""},"_links":{"self":[{"href":"https:\/\/www.europesays.com\/no\/wp-json\/wp\/v2\/posts\/108416","targetHints":{"allow":["GET"]}}],"collection":[{"href":"https:\/\/www.europesays.com\/no\/wp-json\/wp\/v2\/posts"}],"about":[{"href":"https:\/\/www.europesays.com\/no\/wp-json\/wp\/v2\/types\/post"}],"author":[{"embeddable":true,"href":"https:\/\/www.europesays.com\/no\/wp-json\/wp\/v2\/users\/2"}],"replies":[{"embeddable":true,"href":"https:\/\/www.europesays.com\/no\/wp-json\/wp\/v2\/comments?post=108416"}],"version-history":[{"count":0,"href":"https:\/\/www.europesays.com\/no\/wp-json\/wp\/v2\/posts\/108416\/revisions"}],"wp:featuredmedia":[{"embeddable":true,"href":"https:\/\/www.europesays.com\/no\/wp-json\/wp\/v2\/media\/108417"}],"wp:attachment":[{"href":"https:\/\/www.europesays.com\/no\/wp-json\/wp\/v2\/media?parent=108416"}],"wp:term":[{"taxonomy":"category","embeddable":true,"href":"https:\/\/www.europesays.com\/no\/wp-json\/wp\/v2\/categories?post=108416"},{"taxonomy":"post_tag","embeddable":true,"href":"https:\/\/www.europesays.com\/no\/wp-json\/wp\/v2\/tags?post=108416"}],"curies":[{"name":"wp","href":"https:\/\/api.w.org\/{rel}","templated":true}]}}