{"id":108418,"date":"2025-12-09T13:03:11","date_gmt":"2025-12-09T13:03:11","guid":{"rendered":"https:\/\/www.europesays.com\/no\/108418\/"},"modified":"2025-12-09T13:03:11","modified_gmt":"2025-12-09T13:03:11","slug":"pakketyveriet-i-stjordal-pakkene-var-apnet","status":"publish","type":"post","link":"https:\/\/www.europesays.com\/no\/108418\/","title":{"rendered":"Pakketyveriet i Stj\u00f8rdal: \u2013 Pakkene var \u00e5pnet"},"content":{"rendered":"\n<p class=\"_lead_o9xde_2 _lead_xtcu6_50 layout-component text-serif-m layout-normal text-serif-l layout-component layout-wide layout-padded _wide_17hqh_1 layout-padded\">Pakketyvene ble tatt og pakkene ble funnet, men pakkene var allerede tatt i bruk da politiet ankom stedet.<\/p>\n<p><img alt=\"\u00c5PNET: Pakkene var dessverre ikke funnet i god behold etter tyveriet. Foto: Politiet\" class=\"_image_qp4xg_65 layout-component layout-wide\" data-fullscreen- data-track-element-type=\"Article image fullscreen\" data-track-name=\"ImageFullscreen\" fetchpriority=\"high\" decoding=\"sync\" loading=\"eager\" height=\"860\" itemprop=\"image\"  src=\"https:\/\/www.europesays.com\/no\/wp-content\/uploads\/2025\/12\/5e1492cf-204e-4aa6-9a0d-a50508ffe092\"  style=\"object-position:0% 0%\" width=\"846\"\/>\u00c5PNET: Pakkene var dessverre ikke funnet i god behold etter tyveriet. Foto: Politiet<\/p>\n<ul aria-hidden=\"true\" class=\"_images_ntbth_112\">\n<li><a class=\"_link_ntbth_117\" href=\"https:\/\/www.vg.no\/forfatter\/nora-kvernmo-rindal\" style=\"z-index:1\" title=\"Nora Kvernmo Rindal\" rel=\"nofollow noopener\" target=\"_blank\"><img alt=\"Bilde av Nora Kvernmo Rindal\" class=\"_image_ntbth_93\" fetchpriority=\"low\" loading=\"lazy\" decoding=\"async\" itemprop=\"image\"  src=\"https:\/\/www.europesays.com\/no\/wp-content\/uploads\/2025\/12\/1765285389_766_e9a8dfd1-f394-4db6-b4c7-25003539a55e\"  width=\"480\"\/><\/a><\/li>\n<\/ul>\n<p> Oppdatert tirsdag 9. desember kl. 13:59     <\/p>\n<p class=\"_paragraph_o9xde_4 _paragraph_xtcu6_10 layout-component text-serif-m layout-normal text-serif-m layout-padded\">Selv om VG meldte at julen kan<a href=\"https:\/\/www.vg.no\/i\/V6RQb1\" data-track-element-type=\"Link\" data-track-id=\"link:V6RQb1\" class=\"_link_o9xde_39\" rel=\"nofollow noopener\" target=\"_blank\"> v\u00e6re reddet<\/a> mandag formiddag, etter et stort pakketyveri i <a href=\"https:\/\/www.vg.no\/tag\/stjoerdal?utm_source=vg-article&amp;utm_medium=auto-tagger&amp;utm_campaign=K8vWk4\" class=\"_link_o9xde_39\" rel=\"nofollow noopener\" target=\"_blank\">Stj\u00f8rdal<\/a>, kommer etterforskningsleder Ellen Burheim med en nedsl\u00e5ende beskjed til de som fikk troen p\u00e5 \u00e5 f\u00e5 pakken levert tilbake.<\/p>\n<p class=\"_paragraph_o9xde_4 _paragraph_xtcu6_10 layout-component text-serif-m layout-normal text-serif-m layout-padded\"><strong class=\"_strong_o9xde_25\">\u2013 S\u00e5 \u00e5 si alt var tatt ut av fraktemballasjen, og det meste var tatt ut av den tynne emballasjen. Noe var allerede tatt i bruk av gjerningspersonene, og noen ting vart det fjernet lapper fra.<\/strong><\/p>\n<p class=\"_paragraph_o9xde_4 _paragraph_xtcu6_10 layout-component text-serif-m layout-normal text-serif-m layout-padded\">Pakkene var rett og slett \u00e5pnet opp, over to uker f\u00f8r julaften.<\/p>\n<p class=\"_paragraph_o9xde_4 _paragraph_xtcu6_10 layout-component text-serif-m layout-normal text-serif-m layout-padded\">Burheim sier at de ikke har f\u00e5tt avklart n\u00f8yaktig hvor mange pakker som ble stj\u00e5let. Mandag sa Helthjem at det er snakk om rundt 150 pakker.<\/p>\n<p class=\"_paragraph_o9xde_4 _paragraph_xtcu6_10 layout-component text-serif-m layout-normal text-serif-m layout-padded\">Politiet har gjort avh\u00f8r av begge de to p\u00e5grepne.<\/p>\n<p class=\"_paragraph_o9xde_4 _paragraph_xtcu6_10 layout-component text-serif-m layout-normal text-serif-m layout-padded\">\u2013 Den ene har erkjent forholdene, mens den andre knytter seg til handlingen, sier Burheim.<\/p>\n<p><img alt=\"BREKK: Slik s\u00e5 Helthjem-lokalet i Stj\u00f8rdal ut etter at tyvene hadde v\u00e6rt der natt til mandag.  Foto: Politiet\" class=\"_image_qp4xg_65 layout-component layout-normal\" data-fullscreen- data-track-element-type=\"Article image fullscreen\" data-track-name=\"ImageFullscreen\" decoding=\"async\" loading=\"lazy\" height=\"2424\" itemprop=\"image\"  src=\"https:\/\/www.europesays.com\/no\/wp-content\/uploads\/2025\/12\/e3456f5c-fbb1-4c57-825e-a9075051d16c\"  style=\"object-position:0% 0%\" width=\"3624\"\/>BREKK: Slik s\u00e5 Helthjem-lokalet i Stj\u00f8rdal ut etter at tyvene hadde v\u00e6rt der natt til mandag.  Foto: Politiet<\/p>\n<p class=\"_paragraph_o9xde_4 _paragraph_xtcu6_10 layout-component text-serif-m layout-normal text-serif-m layout-padded\">Pressekontakt i Helthjem, Marius Tegnander, sier til VG tirsdag at det er kjedelig \u00e5 ikke f\u00e5 levert pakkene direkte ut til kundene, men at de jobber for \u00e5 ordne opp med hver enkelt kunde.<\/p>\n<p class=\"_paragraph_o9xde_4 _paragraph_xtcu6_10 layout-component text-serif-m layout-normal text-serif-m layout-padded\">\u2013 Vi har satt ned et team som allerede er godt i gang med \u00e5 kontakte kundene som er rammet. Vi skal s\u00f8rge for \u00e5 f\u00e5 l\u00f8st sakene, enten via at de f\u00e5r en ny pakke fra butikkene, eller erstatning med penger, sier Tegnander til VG.<\/p>\n<p><img decoding=\"async\" alt=\"Bilde av Marius Tegnander\" class=\"_image_ygndg_42\" height=\"23\" itemprop=\"image\" loading=\"lazy\"  src=\"https:\/\/www.europesays.com\/no\/wp-content\/uploads\/2025\/12\/6f9358ac-7eb7-412d-9ee7-3b85af8df095\"  width=\"40\"\/><strong class=\"_name_ygndg_51 title-serif-xs\">Marius Tegnander<\/strong><\/p>\n<p class=\"_paragraph_o9xde_4 text-sans-m _description_ygndg_56\">Pressekontakt, Helthjem<\/p>\n<p class=\"_paragraph_o9xde_4 _paragraph_xtcu6_10 layout-component text-serif-m layout-normal text-serif-m layout-padded\">De som har mistet pakken sin kan alts\u00e5 rekke fristen for \u00e5 bestille ny f\u00f8r den store dagen.<\/p>\n<p class=\"_paragraph_o9xde_4 _paragraph_xtcu6_10 layout-component text-serif-m layout-normal text-serif-m layout-padded\">\u2013 Vi skal nok rekke det f\u00f8r julen sl\u00e5r inn.<\/p>\n<p class=\"_paragraph_o9xde_4 _paragraph_xtcu6_10 layout-component text-serif-m layout-normal text-serif-m layout-padded\">Han forteller at de har gode rutiner p\u00e5 pakkedistribusjonslokalet, og at de ikke har hatt lignende tilfeller de siste \u00e5rene.<\/p>\n<p class=\"_paragraph_o9xde_4 _paragraph_xtcu6_10 layout-component text-serif-m layout-normal text-serif-m layout-padded\">\u2013 Men vi m\u00e5 ta kontakt med byggeier, og se hva vi kan gj\u00f8re for at dette ikke skjer igjen, og ellers bare fortsette \u00e5 s\u00f8rge for at rutinene er gode.<\/p>\n<p>    <img decoding=\"async\" alt=\"Tips oss illustrasjon\" src=\"https:\/\/www.europesays.com\/no\/wp-content\/uploads\/2025\/10\/pssst-small.webp.webp\"\/>    <\/p>\n<p class=\"title-serif-s\">Har du tips?<\/p>\n<p class=\"text-sans-m\">Send oss informasjon, bilder eller video.<\/p>\n<p>  <a href=\"https:\/\/www.vg.no\/tips-oss\" rel=\"nofollow noopener\" target=\"_blank\"> Tips oss <\/a>      <\/p>\n","protected":false},"excerpt":{"rendered":"Pakketyvene ble tatt og pakkene ble funnet, men pakkene var allerede tatt i bruk da politiet ankom stedet.&hellip;\n","protected":false},"author":2,"featured_media":108419,"comment_status":"","ping_status":"","sticky":false,"template":"","format":"standard","meta":{"footnotes":""},"categories":[10],"tags":[20,21,24,25,15,5593,22,23,13,30,28,29,14,16,756,26,27,1063],"class_list":{"0":"post-108418","1":"post","2":"type-post","3":"status-publish","4":"format-standard","5":"has-post-thumbnail","7":"category-norge","8":"tag-breaking-news","9":"tag-breakingnews","10":"tag-featured-news","11":"tag-featurednews","12":"tag-headlines","13":"tag-jul","14":"tag-latest-news","15":"tag-latestnews","16":"tag-news","17":"tag-no","18":"tag-norge","19":"tag-norway","20":"tag-nyheter","21":"tag-overskrifter","22":"tag-stjordal","23":"tag-top-stories","24":"tag-topstories","25":"tag-tyveri"},"share_on_mastodon":{"url":"https:\/\/pubeurope.com\/@no\/115689751215186991","error":""},"_links":{"self":[{"href":"https:\/\/www.europesays.com\/no\/wp-json\/wp\/v2\/posts\/108418","targetHints":{"allow":["GET"]}}],"collection":[{"href":"https:\/\/www.europesays.com\/no\/wp-json\/wp\/v2\/posts"}],"about":[{"href":"https:\/\/www.europesays.com\/no\/wp-json\/wp\/v2\/types\/post"}],"author":[{"embeddable":true,"href":"https:\/\/www.europesays.com\/no\/wp-json\/wp\/v2\/users\/2"}],"replies":[{"embeddable":true,"href":"https:\/\/www.europesays.com\/no\/wp-json\/wp\/v2\/comments?post=108418"}],"version-history":[{"count":0,"href":"https:\/\/www.europesays.com\/no\/wp-json\/wp\/v2\/posts\/108418\/revisions"}],"wp:featuredmedia":[{"embeddable":true,"href":"https:\/\/www.europesays.com\/no\/wp-json\/wp\/v2\/media\/108419"}],"wp:attachment":[{"href":"https:\/\/www.europesays.com\/no\/wp-json\/wp\/v2\/media?parent=108418"}],"wp:term":[{"taxonomy":"category","embeddable":true,"href":"https:\/\/www.europesays.com\/no\/wp-json\/wp\/v2\/categories?post=108418"},{"taxonomy":"post_tag","embeddable":true,"href":"https:\/\/www.europesays.com\/no\/wp-json\/wp\/v2\/tags?post=108418"}],"curies":[{"name":"wp","href":"https:\/\/api.w.org\/{rel}","templated":true}]}}