{"id":108424,"date":"2025-12-09T13:10:10","date_gmt":"2025-12-09T13:10:10","guid":{"rendered":"https:\/\/www.europesays.com\/no\/108424\/"},"modified":"2025-12-09T13:10:10","modified_gmt":"2025-12-09T13:10:10","slug":"fana-maanesten-smykketyveri-pa-lagunen-kjempekjedelig","status":"publish","type":"post","link":"https:\/\/www.europesays.com\/no\/108424\/","title":{"rendered":"Fana, Maanesten | Smykketyveri p\u00e5 Lagunen: \u2013 Kjempekjedelig"},"content":{"rendered":"\n<p>Klokken 1230 mandag ble politiet varslet om et tyveri hos smykkebutikken Maanesten p\u00e5 Lagunen.<\/p>\n<p>\u2013 To damer kom seg unna, men ble fanget p\u00e5 videooverv\u00e5king, sier politioverbetjent Kjartan Duesund ved Bergen s\u00f8r politistasjon.<\/p>\n<p>Tyveriet skal ha blitt oppdaget f\u00f8rst etter at gjerningspersonene hadde kommet seg unna. Politiet rykket derfor ikke ut til stedet, forteller Duesund.<\/p>\n<p>Det skal v\u00e6re snakk om smykker til en verdi av 9000 kroner.<\/p>\n<p>Et problem<\/p>\n<p>Saken er anmeldt til politiet.<\/p>\n<p>BA har v\u00e6rt i kontakt med butikkleder, som forteller at tyverier fra kj\u00f8pesentre i Bergen er et problem.<\/p>\n<p>\u2013 N\u00e5 er det h\u00f8ysesong for s\u00e5nt, sier butikkleder Gina S\u00f8lvberg.<\/p>\n<p>Hun synes det er synd at noen har klart \u00e5 komme unna med verdier fra butikken.<\/p>\n<p>\u2013 Det er kjempekjedelig.<\/p>\n<p>Diamantringer forsvant<\/p>\n<p>I 2021 hadde smykkebutikken et tyveri der to <a href=\"https:\/\/www.ba.no\/oker-sikkerheten-etter-rafrekt-tyveri-en-blir-jo-sjokkert\/s\/5-8-1670649\" rel=\"Follow nofollow noopener\" target=\"_blank\">diamantringer for til sammen 96.400 kroner forsvant<\/a>.<\/p>\n<p>Den gang fortalte butikksjef Tonje Sydnes Salomonsen at skapet som egentlig skulle v\u00e6rt l\u00e5st, trolig ikke var det.<\/p>\n<p>Etter tyveriet bestemte butikken seg for \u00e5 \u00f8ke sikkerheten p\u00e5 produktene sine.<\/p>\n<p>\u2013 Det er allerede et nytt skap p\u00e5 vei, sa Salomonsen.<\/p>\n<p>Det er ukjent for BA om smykkene som ble tatt mandag var oppbevart i et skap eller ute i butikken.<\/p>\n<p>  <a href=\"https:\/\/www.ba.no\/5-8-1670649\" class=\"related-teaser has-image default-story-teaser article--c-eRUmMG article--c-eRUmMG-jKCPdD-design-default\" rel=\"nofollow noopener\" target=\"_blank\"><\/p>\n<p>    <img decoding=\"async\" loading=\"lazy\"  src=\"https:\/\/www.europesays.com\/no\/wp-content\/uploads\/2025\/12\/BA81950.jpg\" alt=\"\" class=\"brick-c-cFOWSL\" style=\"\"\/><\/p>\n<p>\n            Les ogs\u00e5<\/p>\n<p>              \u00d8ker sikkerheten etter r\u00e5frekt tyveri: \u2013 En blir jo sjokkert\n        <\/p>\n<p>  <\/a><\/p>\n","protected":false},"excerpt":{"rendered":"Klokken 1230 mandag ble politiet varslet om et tyveri hos smykkebutikken Maanesten p\u00e5 Lagunen. \u2013 To damer kom&hellip;\n","protected":false},"author":2,"featured_media":108425,"comment_status":"","ping_status":"","sticky":false,"template":"","format":"standard","meta":{"footnotes":""},"categories":[10],"tags":[36,20,21,5702,24,25,15,22,23,13431,13,30,28,29,14,16,1510,26,27,1063],"class_list":{"0":"post-108424","1":"post","2":"type-post","3":"status-publish","4":"format-standard","5":"has-post-thumbnail","7":"category-norge","8":"tag-art","9":"tag-breaking-news","10":"tag-breakingnews","11":"tag-fana","12":"tag-featured-news","13":"tag-featurednews","14":"tag-headlines","15":"tag-latest-news","16":"tag-latestnews","17":"tag-maanesten","18":"tag-news","19":"tag-no","20":"tag-norge","21":"tag-norway","22":"tag-nyheter","23":"tag-overskrifter","24":"tag-story","25":"tag-top-stories","26":"tag-topstories","27":"tag-tyveri"},"share_on_mastodon":{"url":"https:\/\/pubeurope.com\/@no\/115689778473969920","error":""},"_links":{"self":[{"href":"https:\/\/www.europesays.com\/no\/wp-json\/wp\/v2\/posts\/108424","targetHints":{"allow":["GET"]}}],"collection":[{"href":"https:\/\/www.europesays.com\/no\/wp-json\/wp\/v2\/posts"}],"about":[{"href":"https:\/\/www.europesays.com\/no\/wp-json\/wp\/v2\/types\/post"}],"author":[{"embeddable":true,"href":"https:\/\/www.europesays.com\/no\/wp-json\/wp\/v2\/users\/2"}],"replies":[{"embeddable":true,"href":"https:\/\/www.europesays.com\/no\/wp-json\/wp\/v2\/comments?post=108424"}],"version-history":[{"count":0,"href":"https:\/\/www.europesays.com\/no\/wp-json\/wp\/v2\/posts\/108424\/revisions"}],"wp:featuredmedia":[{"embeddable":true,"href":"https:\/\/www.europesays.com\/no\/wp-json\/wp\/v2\/media\/108425"}],"wp:attachment":[{"href":"https:\/\/www.europesays.com\/no\/wp-json\/wp\/v2\/media?parent=108424"}],"wp:term":[{"taxonomy":"category","embeddable":true,"href":"https:\/\/www.europesays.com\/no\/wp-json\/wp\/v2\/categories?post=108424"},{"taxonomy":"post_tag","embeddable":true,"href":"https:\/\/www.europesays.com\/no\/wp-json\/wp\/v2\/tags?post=108424"}],"curies":[{"name":"wp","href":"https:\/\/api.w.org\/{rel}","templated":true}]}}