{"id":108428,"date":"2025-12-09T13:16:13","date_gmt":"2025-12-09T13:16:13","guid":{"rendered":"https:\/\/www.europesays.com\/no\/108428\/"},"modified":"2025-12-09T13:16:13","modified_gmt":"2025-12-09T13:16:13","slug":"putin-ukraina-kreml-avviser-nato-pastander-soppel","status":"publish","type":"post","link":"https:\/\/www.europesays.com\/no\/108428\/","title":{"rendered":"Putin, Ukraina | Kreml avviser Nato-p\u00e5stander: \u2013 S\u00f8ppel"},"content":{"rendered":"\n<p>Russlands president Vladimir Putin har verken planer om \u00e5 gjenopprette Sovjetunionen eller noe \u00f8nske om \u00e5 invadere Nato-medlemmer, hevder russiske myndigheter.<\/p>\n<p>I en uttalelse fra Kreml, gjengitt av Reuters, avviser de p\u00e5stander om at Putin vurderer \u00e5 invadere land som er medlem av Nato som \u00abtotalt s\u00f8ppel\u00bb.<\/p>\n<p>De avviser ogs\u00e5 at Putin har en langsiktig plan om \u00e5 gjenopprette Sovjetunionen.<\/p>\n<p>Tysk etterretning advarte i h\u00f8st om at det er farlig \u00e5 tro at det vil g\u00e5 \u00e5r f\u00f8r <a href=\"https:\/\/www.nettavisen.no\/nyheter\/tysk-etterretningssjef-i-beste-fall-en-iskald-fred-i-europa\/s\/5-95-2670946\" rel=\"Follow nofollow noopener\" target=\"_blank\">Russland g\u00e5r til direkte konfrontasjon med Vesten. <\/a><\/p>\n<p>\u2013 Russland vil, om n\u00f8dvendig, ikke vike unna en direkte milit\u00e6r konfrontasjon med Nato, sa sjefen for Den f\u00f8derale tyske etterretningstjenesten (BND), Martin J\u00e4ger.<\/p>\n<p>    Vil du se neste video?<\/p>\n<p>    <a href=\"https:\/\/www.nettavisen.no\/nyheter\/ukrainske-spesialstyrker-skal-ha-tatt-ut-russiske-mal-pa-krim-halvoya\/v\/5-95-2764466\" class=\"recommend-poster\" data-adp-clicklabel=\"video-recommend\" data-adp-clickvalue=\"poster\" rel=\"nofollow noopener\" target=\"_blank\"><br \/>\n      <img decoding=\"async\" width=\"200\" height=\"200\" loading=\"lazy\" src=\"https:\/\/www.europesays.com\/no\/wp-content\/uploads\/2025\/12\/KAMPFLY+BREDDE.jpg\" alt=\"\" class=\"brick-c-cFOWSL\" style=\"--brick-image-ratio: 200 \/ 200;\"\/><\/p>\n<p>Tar ut russisk kampfly p\u00e5 Krim0:24<\/p>\n<p>    <\/a><\/p>\n<p>\u2013 Et forkj\u00f8psangrep er fullt mulig<\/p>\n<p>Faren er st\u00f8rst n\u00e5, mener forsvarsekspert Amund Osflaten i en fersk analyse.<\/p>\n<p>\u2013 Min analyse er at russerne ser p\u00e5 Nato som en genuin trussel. Det er ogs\u00e5 bakgrunnen for invasjonen av Ukraina, sa forsvarsekspert Amund Osflaten til <a href=\"https:\/\/www.tv2.no\/nyheter\/utenriks\/ekspert-derfor-er-faren-for-vaepnet-konflikt-mellom-nato-og-russland-storst-na\/18331557\/\" rel=\"Follow nofollow noopener\" target=\"_blank\">TV 2 <\/a>i starten av desember.<\/p>\n<p>Han mener det kan v\u00e6re en risiko for en forkj\u00f8pskrig.<\/p>\n<p>\u2013 I en situasjon der Russland ser p\u00e5 krig med Nato som enten veldig sannsynlig eller uunng\u00e5elig, ser jeg et russisk forkj\u00f8psangrep som fullt mulig. Bruker de milit\u00e6rmakt mot Nato, gj\u00f8r de det overalt samtidig.<\/p>\n<p>    Vil du se neste video?<\/p>\n<p>    <a href=\"https:\/\/www.nettavisen.no\/nyheter\/ukrainske-spesialstyrker-skal-ha-tatt-ut-russiske-mal-pa-krim-halvoya\/v\/5-95-2764466\" class=\"recommend-poster\" data-adp-clicklabel=\"video-recommend\" data-adp-clickvalue=\"poster\" rel=\"nofollow noopener\" target=\"_blank\"><br \/>\n      <img decoding=\"async\" width=\"200\" height=\"200\" loading=\"lazy\" src=\"https:\/\/www.europesays.com\/no\/wp-content\/uploads\/2025\/12\/KAMPFLY+BREDDE.jpg\" alt=\"\" class=\"brick-c-cFOWSL\" style=\"--brick-image-ratio: 200 \/ 200;\"\/><\/p>\n<p>Tar ut russisk kampfly p\u00e5 Krim0:24<\/p>\n<p>    <\/a><\/p>\n","protected":false},"excerpt":{"rendered":"Russlands president Vladimir Putin har verken planer om \u00e5 gjenopprette Sovjetunionen eller noe \u00f8nske om \u00e5 invadere Nato-medlemmer,&hellip;\n","protected":false},"author":2,"featured_media":108429,"comment_status":"","ping_status":"","sticky":false,"template":"","format":"standard","meta":{"footnotes":""},"categories":[12],"tags":[20,21,24,25,15,22,23,13,30,28,29,14,16,26,27,42,43,44,45],"class_list":{"0":"post-108428","1":"post","2":"type-post","3":"status-publish","4":"format-standard","5":"has-post-thumbnail","7":"category-verden","8":"tag-breaking-news","9":"tag-breakingnews","10":"tag-featured-news","11":"tag-featurednews","12":"tag-headlines","13":"tag-latest-news","14":"tag-latestnews","15":"tag-news","16":"tag-no","17":"tag-norge","18":"tag-norway","19":"tag-nyheter","20":"tag-overskrifter","21":"tag-top-stories","22":"tag-topstories","23":"tag-verden","24":"tag-world","25":"tag-world-news","26":"tag-worldnews"},"share_on_mastodon":{"url":"https:\/\/pubeurope.com\/@no\/115689802136864256","error":""},"_links":{"self":[{"href":"https:\/\/www.europesays.com\/no\/wp-json\/wp\/v2\/posts\/108428","targetHints":{"allow":["GET"]}}],"collection":[{"href":"https:\/\/www.europesays.com\/no\/wp-json\/wp\/v2\/posts"}],"about":[{"href":"https:\/\/www.europesays.com\/no\/wp-json\/wp\/v2\/types\/post"}],"author":[{"embeddable":true,"href":"https:\/\/www.europesays.com\/no\/wp-json\/wp\/v2\/users\/2"}],"replies":[{"embeddable":true,"href":"https:\/\/www.europesays.com\/no\/wp-json\/wp\/v2\/comments?post=108428"}],"version-history":[{"count":0,"href":"https:\/\/www.europesays.com\/no\/wp-json\/wp\/v2\/posts\/108428\/revisions"}],"wp:featuredmedia":[{"embeddable":true,"href":"https:\/\/www.europesays.com\/no\/wp-json\/wp\/v2\/media\/108429"}],"wp:attachment":[{"href":"https:\/\/www.europesays.com\/no\/wp-json\/wp\/v2\/media?parent=108428"}],"wp:term":[{"taxonomy":"category","embeddable":true,"href":"https:\/\/www.europesays.com\/no\/wp-json\/wp\/v2\/categories?post=108428"},{"taxonomy":"post_tag","embeddable":true,"href":"https:\/\/www.europesays.com\/no\/wp-json\/wp\/v2\/tags?post=108428"}],"curies":[{"name":"wp","href":"https:\/\/api.w.org\/{rel}","templated":true}]}}