{"id":108434,"date":"2025-12-09T13:23:44","date_gmt":"2025-12-09T13:23:44","guid":{"rendered":"https:\/\/www.europesays.com\/no\/108434\/"},"modified":"2025-12-09T13:23:44","modified_gmt":"2025-12-09T13:23:44","slug":"tidligere-trump-advokat-gar-av-som-statsadvokat-i-new-jersey","status":"publish","type":"post","link":"https:\/\/www.europesays.com\/no\/108434\/","title":{"rendered":"Tidligere Trump-advokat g\u00e5r av som statsadvokat i New Jersey"},"content":{"rendered":"<p>  Alina Habba, som tidligere var Donald Trumps personlige advokat, g\u00e5r av som statsadvokat i New Jersey etter at en domstol konkluderte med at hun ikke kunne fortsette i stillingen.<\/p>\n<p>\n    Alina Habba g\u00e5r av som statsadvokat i New Jersey. Foto: AP \/ NTB\n  <\/p>\n<p>\u2013 Som f\u00f8lge av kjennelsen, og for \u00e5 beskytte stabiliteten og integriteten til det embete jeg elsker, har jeg besluttet \u00e5 trekke meg fra stillingen, skriver hun i et innlegg p\u00e5 X mandag.<\/p>\n<p>Habba var tidligere Trumps advokat, og i mars utnevnte han henne til fungerende statsadvokat i New Jersey.<\/p>\n<p>    <a itemprop=\"url\" href=\"https:\/\/sol.no\/nyheter\/kan-bli-en-avgjorende-tid-for-oss-alle\/83956023\" rel=\"nofollow noopener\" target=\"_blank\"><\/p>\n<p>        <img loading=\"lazy\" decoding=\"async\" src=\"https:\/\/www.europesays.com\/no\/wp-content\/uploads\/2025\/12\/83956049.webp\" width=\"980\" height=\"441\" title=\"- Kan bli en avgj\u00f8rende tid for oss alle\" alt=\"\" class=\"lazyload\" style=\"--aspect-ratio-image: 2.22; \"\/><\/p>\n<p>        &#8211; Kan bli en avgj\u00f8rende tid for oss alle<\/p>\n<p>sol.no<\/p>\n<p>    <\/a><\/p>\n<p>Den midlertidige utnevnelsen utl\u00f8p etter 120 dager, og delstatens to demokratiske senatorer gjorde det da klart at de ikke ville st\u00f8tte at hun fortsatte. Dette med henvisning til flere kontroversielle politiske utspill Habba hadde kommet med, utspill som if\u00f8lge dem ikke er forenlige med posten som upartisk statsadvokat.<\/p>\n<p>Trump fikk medhold i Senatet til sitt krav om at hun m\u00e5tte f\u00e5 fortsette, men en domstol slo i august fast at dette stred mot loven. I starten av desember opprettholdt en f\u00f8deral ankedomstol i Philadelphia kjennelsen og slo fast at Habba ikke lenger kan fungere som statsadvokat i New Jersey.<\/p>\n<p>    <a itemprop=\"url\" href=\"https:\/\/sol.no\/nyheter\/trump-skuffet-over-zelenskyj\/83952199\" rel=\"nofollow noopener\" target=\"_blank\"><\/p>\n<p>        <img loading=\"lazy\" decoding=\"async\" src=\"https:\/\/www.europesays.com\/no\/wp-content\/uploads\/2025\/12\/83952214.webp\" width=\"980\" height=\"441\" title=\"Trump skuffet over Zelenskyj\" alt=\"\" class=\"lazyload\" style=\"--aspect-ratio-image: 2.22; \"\/><\/p>\n<p>        Trump skuffet over Zelenskyj<\/p>\n<p>sol.no<\/p>\n<p>    <\/a><\/p>\n<p>Habba skriver selv i innlegget at hun skal g\u00e5 inn i en rolle som r\u00e5dgiver i det amerikanske justisdepartementet.<\/p>\n<p>        TIRADE: Donald Trump Jr. kom med tirade mot Ukraina og Europa, og sa president Trump kan stanse st\u00f8tten til Ukraina. Video: Reuters<\/p>\n","protected":false},"excerpt":{"rendered":"Alina Habba, som tidligere var Donald Trumps personlige advokat, g\u00e5r av som statsadvokat i New Jersey etter at&hellip;\n","protected":false},"author":2,"featured_media":108435,"comment_status":"","ping_status":"","sticky":false,"template":"","format":"standard","meta":{"footnotes":""},"categories":[12],"tags":[20,21,24,25,15,22,23,13,30,28,29,14,16,26,27,42,43,44,45],"class_list":{"0":"post-108434","1":"post","2":"type-post","3":"status-publish","4":"format-standard","5":"has-post-thumbnail","7":"category-verden","8":"tag-breaking-news","9":"tag-breakingnews","10":"tag-featured-news","11":"tag-featurednews","12":"tag-headlines","13":"tag-latest-news","14":"tag-latestnews","15":"tag-news","16":"tag-no","17":"tag-norge","18":"tag-norway","19":"tag-nyheter","20":"tag-overskrifter","21":"tag-top-stories","22":"tag-topstories","23":"tag-verden","24":"tag-world","25":"tag-world-news","26":"tag-worldnews"},"share_on_mastodon":{"url":"https:\/\/pubeurope.com\/@no\/115689829687406759","error":""},"_links":{"self":[{"href":"https:\/\/www.europesays.com\/no\/wp-json\/wp\/v2\/posts\/108434","targetHints":{"allow":["GET"]}}],"collection":[{"href":"https:\/\/www.europesays.com\/no\/wp-json\/wp\/v2\/posts"}],"about":[{"href":"https:\/\/www.europesays.com\/no\/wp-json\/wp\/v2\/types\/post"}],"author":[{"embeddable":true,"href":"https:\/\/www.europesays.com\/no\/wp-json\/wp\/v2\/users\/2"}],"replies":[{"embeddable":true,"href":"https:\/\/www.europesays.com\/no\/wp-json\/wp\/v2\/comments?post=108434"}],"version-history":[{"count":0,"href":"https:\/\/www.europesays.com\/no\/wp-json\/wp\/v2\/posts\/108434\/revisions"}],"wp:featuredmedia":[{"embeddable":true,"href":"https:\/\/www.europesays.com\/no\/wp-json\/wp\/v2\/media\/108435"}],"wp:attachment":[{"href":"https:\/\/www.europesays.com\/no\/wp-json\/wp\/v2\/media?parent=108434"}],"wp:term":[{"taxonomy":"category","embeddable":true,"href":"https:\/\/www.europesays.com\/no\/wp-json\/wp\/v2\/categories?post=108434"},{"taxonomy":"post_tag","embeddable":true,"href":"https:\/\/www.europesays.com\/no\/wp-json\/wp\/v2\/tags?post=108434"}],"curies":[{"name":"wp","href":"https:\/\/api.w.org\/{rel}","templated":true}]}}