{"id":108454,"date":"2025-12-09T13:45:18","date_gmt":"2025-12-09T13:45:18","guid":{"rendered":"https:\/\/www.europesays.com\/no\/108454\/"},"modified":"2025-12-09T13:45:18","modified_gmt":"2025-12-09T13:45:18","slug":"norske-medisinske-konteinere-skal-redde-liv-ved-frontlinjen-i-ukraina","status":"publish","type":"post","link":"https:\/\/www.europesays.com\/no\/108454\/","title":{"rendered":"Norske medisinske konteinere skal redde liv ved frontlinjen i Ukraina"},"content":{"rendered":"<p class=\"kicker t15 font-weight-bold m-font-weight-bold color_mobile_no_bg_color quaternary color_mobile_quaternary font-Trim text-case-transform-upper mobile-hasTextPadding\" style=\"\">Nyheter<\/p>\n<p>    Akuttmottakene skal kunne t\u00e5le intens krigf\u00f8ring p\u00e5 frontlinjen.<\/p>\n<p>\n        BEHANDLING: Akuttmottakene, eller konteinerne, er levert av foreningen Fritt Ukraina.<br \/>\n        Foto: Fredrik Varfjell, NTB\n    <\/p>\n<p>Den norske foreningen Fritt\u00a0Ukraina\u00a0har\u00a0levert\u00a0to fullt utstyrte medisinske konteinere\u00a0til\u00a0ukrainske styrker.<\/p>\n<p>Konteinerne skal s\u00f8rge for rask og sikker kirurgisk behandling n\u00e6r frontlinjen i det krigsherjede landet, skriver Fritt\u00a0Ukraina\u00a0i en\u00a0<a href=\"https:\/\/frittukraina.no\/2025\/12\/08\/medisinske-containere-fra-norge-redder-liv\/?lang=nb\" target=\"_blank\" rel=\"nofollow noopener\">artikkel<\/a>\u00a0p\u00e5 sin nettside.<\/p>\n<p>Det er Podtown, sammen med Ferno Norden Military og Banair, som\u00a0har\u00a0utviklet konteinerne. De fungerer if\u00f8lge foreningen som\u00a0mobile\u00a0akuttmottak\u00a0og t\u00e5ler skudd, trykk og ekstreme temperaturer.<\/p>\n<p>\u2013 M\u00e5let var \u00e5 skape en l\u00f8sning som faktisk t\u00e5ler moderne h\u00f8yintensitetskrigf\u00f8ring, og som kan brukes tett p\u00e5 fronten, sier Eirik Kalve, gr\u00fcnder i Podtown.<\/p>\n","protected":false},"excerpt":{"rendered":"Nyheter Akuttmottakene skal kunne t\u00e5le intens krigf\u00f8ring p\u00e5 frontlinjen. BEHANDLING: Akuttmottakene, eller konteinerne, er levert av foreningen Fritt&hellip;\n","protected":false},"author":2,"featured_media":108455,"comment_status":"","ping_status":"","sticky":false,"template":"","format":"standard","meta":{"footnotes":""},"categories":[12],"tags":[20,21,24,25,15,22,23,13,30,28,29,14,16,26,27,42,43,44,45],"class_list":{"0":"post-108454","1":"post","2":"type-post","3":"status-publish","4":"format-standard","5":"has-post-thumbnail","7":"category-verden","8":"tag-breaking-news","9":"tag-breakingnews","10":"tag-featured-news","11":"tag-featurednews","12":"tag-headlines","13":"tag-latest-news","14":"tag-latestnews","15":"tag-news","16":"tag-no","17":"tag-norge","18":"tag-norway","19":"tag-nyheter","20":"tag-overskrifter","21":"tag-top-stories","22":"tag-topstories","23":"tag-verden","24":"tag-world","25":"tag-world-news","26":"tag-worldnews"},"share_on_mastodon":{"url":"https:\/\/pubeurope.com\/@no\/115689916029927136","error":""},"_links":{"self":[{"href":"https:\/\/www.europesays.com\/no\/wp-json\/wp\/v2\/posts\/108454","targetHints":{"allow":["GET"]}}],"collection":[{"href":"https:\/\/www.europesays.com\/no\/wp-json\/wp\/v2\/posts"}],"about":[{"href":"https:\/\/www.europesays.com\/no\/wp-json\/wp\/v2\/types\/post"}],"author":[{"embeddable":true,"href":"https:\/\/www.europesays.com\/no\/wp-json\/wp\/v2\/users\/2"}],"replies":[{"embeddable":true,"href":"https:\/\/www.europesays.com\/no\/wp-json\/wp\/v2\/comments?post=108454"}],"version-history":[{"count":0,"href":"https:\/\/www.europesays.com\/no\/wp-json\/wp\/v2\/posts\/108454\/revisions"}],"wp:featuredmedia":[{"embeddable":true,"href":"https:\/\/www.europesays.com\/no\/wp-json\/wp\/v2\/media\/108455"}],"wp:attachment":[{"href":"https:\/\/www.europesays.com\/no\/wp-json\/wp\/v2\/media?parent=108454"}],"wp:term":[{"taxonomy":"category","embeddable":true,"href":"https:\/\/www.europesays.com\/no\/wp-json\/wp\/v2\/categories?post=108454"},{"taxonomy":"post_tag","embeddable":true,"href":"https:\/\/www.europesays.com\/no\/wp-json\/wp\/v2\/tags?post=108454"}],"curies":[{"name":"wp","href":"https:\/\/api.w.org\/{rel}","templated":true}]}}