{"id":108462,"date":"2025-12-09T14:01:14","date_gmt":"2025-12-09T14:01:14","guid":{"rendered":"https:\/\/www.europesays.com\/no\/108462\/"},"modified":"2025-12-09T14:01:14","modified_gmt":"2025-12-09T14:01:14","slug":"helseplattformen-risikerer-dagboter-smp-no","status":"publish","type":"post","link":"https:\/\/www.europesays.com\/no\/108462\/","title":{"rendered":"Helse\u00adplatt\u00adformen risi\u00adkerer dagb\u00f8ter &#8211; smp.no"},"content":{"rendered":"<p>Kort oppsummert  <\/p>\n<ul class=\"List\">\n<li>\n<p>HelsaMi bryt likestillingslova ved manglande universell utforming, if\u00f8lgje tilsynet.<\/p>\n<\/li>\n<li>\n<p>Helseplattformen risikerer dagb\u00f8ter p\u00e5 50.000 kroner. Frist for \u00e5 rette resterande feil er 19. desember.<\/p>\n<\/li>\n<li>\n<p>Standarden blei innf\u00f8rt ved lov i USA i 2017, etter at EU innf\u00f8rte det \u00e5ret f\u00f8r.<\/p>\n<\/li>\n<\/ul>\n<p> Oppsummeringen er laget av KI-verkt\u00f8yet ChatGPT og kvalitetssikret av v\u00e5re journalister.<br \/><a href=\"https:\/\/www.smp.no\/reportasje\/i\/GMWkA9\/redaksjonelle-retningslinjer-for-bruk-av-ai-kunstig-intelligens-i-sunnmoersposten?x\" target=\"_blank\" rel=\"nofollow noopener\">Les mer om hvordan vi forholder oss til kunstig intelligens.<\/a> <\/p>\n<p>Tilsyn med HelsaMi har avdekka mange feil p\u00e5 universell utforming. No har Helseplattformen f\u00e5tt vedtak om dagb\u00f8ter.<\/p>\n<p>Fristen for \u00e5 rette avvika er 19. desember. Etter dette m\u00e5 Helseplattformen betale b\u00f8ter p\u00e5 50.000 kroner per dag. Tre av feila er alvorlege, mens 17 er moderate.<\/p>\n<p>\u2013 Vi skal rette det som st\u00e5r i v\u00e5r makt til \u00e5 rette innan 19. desember. Vi blir ganske sikkert ikkje ferdig til den datoen, seier administrerande direkt\u00f8r Siri Berg i Helseplattformen til Sunnm\u00f8rsposten.<\/p>\n<p>Standard i EU og USA<\/p>\n<p>Feila gjer at webversjonen av HelsaMi ikkje er like tilgjengeleg for alle, og bryt med likestillings- og diskrimineringslova. Det g\u00e5r s\u00e6rleg utover personar som har nedsett syn eller er blinde, har nedsett motorikk eller nedsett kognisjon.<\/p>\n<p><strong>\u2013 I 2016 blei denne standarden innf\u00f8rt i EU. I 2017 blei standarden del av lova <a href=\"https:\/\/www.ada.gov\/\" rel=\"noopener nofollow\" target=\"_blank\">i USA<\/a>. Dette skulle dermed ikkje vere noko nytt for leverand\u00f8ren Epic heller, seier tilsynsdirekt\u00f8r Malin Rygg til Sunnm\u00f8rsposten.<\/strong><\/p>\n<p>Blant dei som har kontakt med helsevesenet, er det fleire i s\u00e5rbare livssituasjonar og kanskje med nedsett funksjonsevne, legg ho til.<\/p>\n<p>\u2013 Manglande vilje og evne<\/p>\n<p><strong>Helseplattformen AS har vist manglande evne og vilje til \u00e5 rette feila som er avdekka. Det gjeld b\u00e5de feil dei sj\u00f8lv kan rette og som leverand\u00f8ren m\u00e5 rette, skriv Tilsynet for universell utforming av IKT i ei <a href=\"https:\/\/www.uutilsynet.no\/tilsyn\/pressemelding-helseplattformen-risikerer-dagboter\/3102\" rel=\"noopener nofollow\" target=\"_blank\">pressemelding<\/a>.<\/strong><\/p>\n<p><a href=\"https:\/\/www.helseplattformen.no\/nyheter\/uu-tilsyn\/\" rel=\"noopener nofollow\" target=\"_blank\">I juni<\/a> blei Helseplattformen informert om at det var funne 119 enkeltfeil innan 12 av 14 lovkrav. I august fekk dei full rapport.<\/p>\n<p>\u2013 Dei aller fleste kjem i m\u00e5l innan fristen p\u00e5 \u00e5tte veker. Her utvida vi til 16 veker, seier Rygg.<\/p>\n<p>Den utvida fristen var 1. desember.<\/p>\n<p>\u2013 Framleis st\u00e5r 64 feil ul\u00f8yste. Mange er relativt enkle \u00e5 rette p\u00e5 kort tid, seier tilsynsdirekt\u00f8ren.<\/p>\n<p><img decoding=\"async\" src=\"data:image\/gif;base64,R0lGODlhEAAJAIAAAP\/\/\/wAAACH5BAEAAAAALAAAAAAQAAkAAAIKhI+py+0Po5yUFQA7\" alt=\"\"\/><br \/>\n  Siri Berg i Helseplattformen AS.<br \/>\n  <strong>Foto:<\/strong> Staale Watt\u00f8 \/ ArkivHelseplattformen svarer<\/p>\n<p><strong>\u2013 Vi har retta mykje av det vi sj\u00f8lv r\u00e5r over, men det er tydeleg at tilsynet ikkje synest det er bra nok. Vi kjem derfor til \u00e5 be om eit m\u00f8te om korleis vi skal l\u00f8yse dette vidare, seier Berg.<\/strong><\/p>\n<p><strong>\u2013 Og s\u00e5 har vi ein dialog med Epic om dei kan framskunde sin plan, seier Helseplattform-sjefen.<\/strong><\/p>\n<p>Rekke med tilsyn<\/p>\n<p>Rekka av tilsyn med Helseplattformen byrjar \u00e5 bli lang. I februar ba Stortinget om opne og uavhengige analysar av Helseplattformen. <a href=\"https:\/\/www.smp.no\/nyheter\/i\/aJ2jrO\/rapport-helseplattformen-har-gjort-helsepersonell-mindre-effektive\" rel=\"noopener nofollow\" target=\"_blank\">Rapporten blei kjend 8. desember<\/a>. Den legg vekt p\u00e5 lav brukarvenlegheit, h\u00f8ge kostnader og utfordringar med legemiddelmodulen.<\/p>\n<p><a href=\"https:\/\/www.smp.no\/nyheter\/i\/wr617n\/datatilsynet-kritiserer-helseplattformen-etter-tilsyn-varsler-paalegg-om-retting\" rel=\"noopener nofollow\" target=\"_blank\">2. desember opplyste Datatilsynet<\/a> at dei har funne \u00abvesentlege manglar\u00bb og brot p\u00e5 personvernreglane.<\/p>\n<p>Hausten 2024 kom <a href=\"https:\/\/www.smp.no\/nyheter\/i\/dRbr4j\/lover-ei-helt-anna-styring-av-helseplattformen\" rel=\"noopener nofollow\" target=\"_blank\">Riksrevisjonen sin rapport om Helseplattformen<\/a>. Samla vurdering var at planlegginga, organiseringa og innf\u00f8ringa av Helseplattformen var \u00absterkt kritikkverdig\u00bb.<\/p>\n<p><a href=\"https:\/\/www.smp.no\/nyheter\/i\/aJ2jrO\/rapport-helseplattformen-har-gjort-helsepersonell-mindre-effektive\" rel=\"nofollow noopener\" target=\"_blank\"> <img decoding=\"async\" src=\"data:image\/gif;base64,R0lGODlhEAAJAIAAAP\/\/\/wAAACH5BAEAAAAALAAAAAAQAAkAAAIKhI+py+0Po5yUFQA7\" alt=\"\"\/>   Rapport: Helseplattformen har gjort helsepersonell mindre effektive  <\/a> <a href=\"https:\/\/www.smp.no\/nyheter\/i\/wr617n\/datatilsynet-kritiserer-helseplattformen-etter-tilsyn-varsler-paalegg-om-retting\" rel=\"nofollow noopener\" target=\"_blank\"> <img decoding=\"async\" src=\"data:image\/gif;base64,R0lGODlhEAAJAIAAAP\/\/\/wAAACH5BAEAAAAALAAAAAAQAAkAAAIKhI+py+0Po5yUFQA7\" alt=\"\"\/>   Datatilsynet kritiserer Helseplattformen etter tilsyn \u2013 varsler p\u00e5legg om retting  <\/a> <a href=\"https:\/\/www.smp.no\/nyheter\/i\/LMxQaQ\/statsraaden-kritiserte-helse-midt-norge\" rel=\"nofollow noopener\" target=\"_blank\"> <img decoding=\"async\" src=\"data:image\/gif;base64,R0lGODlhEAAJAIAAAP\/\/\/wAAACH5BAEAAAAALAAAAAAQAAkAAAIKhI+py+0Po5yUFQA7\" alt=\"\"\/>   Statsr\u00e5den kritiserte Helse Midt-Norge  <\/a> <\/p>\n","protected":false},"excerpt":{"rendered":"Kort oppsummert HelsaMi bryt likestillingslova ved manglande universell utforming, if\u00f8lgje tilsynet. Helseplattformen risikerer dagb\u00f8ter p\u00e5 50.000 kroner. Frist&hellip;\n","protected":false},"author":2,"featured_media":108463,"comment_status":"","ping_status":"","sticky":false,"template":"","format":"standard","meta":{"footnotes":""},"categories":[10],"tags":[20,21,24,25,15,13433,2082,2081,22,23,13,30,28,29,14,16,26,27],"class_list":{"0":"post-108462","1":"post","2":"type-post","3":"status-publish","4":"format-standard","5":"has-post-thumbnail","7":"category-norge","8":"tag-breaking-news","9":"tag-breakingnews","10":"tag-featured-news","11":"tag-featurednews","12":"tag-headlines","13":"tag-helsami","14":"tag-helse-midt-norge","15":"tag-helseplattformen","16":"tag-latest-news","17":"tag-latestnews","18":"tag-news","19":"tag-no","20":"tag-norge","21":"tag-norway","22":"tag-nyheter","23":"tag-overskrifter","24":"tag-top-stories","25":"tag-topstories"},"share_on_mastodon":{"url":"https:\/\/pubeurope.com\/@no\/115689978758951350","error":""},"_links":{"self":[{"href":"https:\/\/www.europesays.com\/no\/wp-json\/wp\/v2\/posts\/108462","targetHints":{"allow":["GET"]}}],"collection":[{"href":"https:\/\/www.europesays.com\/no\/wp-json\/wp\/v2\/posts"}],"about":[{"href":"https:\/\/www.europesays.com\/no\/wp-json\/wp\/v2\/types\/post"}],"author":[{"embeddable":true,"href":"https:\/\/www.europesays.com\/no\/wp-json\/wp\/v2\/users\/2"}],"replies":[{"embeddable":true,"href":"https:\/\/www.europesays.com\/no\/wp-json\/wp\/v2\/comments?post=108462"}],"version-history":[{"count":0,"href":"https:\/\/www.europesays.com\/no\/wp-json\/wp\/v2\/posts\/108462\/revisions"}],"wp:featuredmedia":[{"embeddable":true,"href":"https:\/\/www.europesays.com\/no\/wp-json\/wp\/v2\/media\/108463"}],"wp:attachment":[{"href":"https:\/\/www.europesays.com\/no\/wp-json\/wp\/v2\/media?parent=108462"}],"wp:term":[{"taxonomy":"category","embeddable":true,"href":"https:\/\/www.europesays.com\/no\/wp-json\/wp\/v2\/categories?post=108462"},{"taxonomy":"post_tag","embeddable":true,"href":"https:\/\/www.europesays.com\/no\/wp-json\/wp\/v2\/tags?post=108462"}],"curies":[{"name":"wp","href":"https:\/\/api.w.org\/{rel}","templated":true}]}}