{"id":108468,"date":"2025-12-09T14:08:12","date_gmt":"2025-12-09T14:08:12","guid":{"rendered":"https:\/\/www.europesays.com\/no\/108468\/"},"modified":"2025-12-09T14:08:12","modified_gmt":"2025-12-09T14:08:12","slug":"ulykker-og-hendelser-ulykker-navnet-pa-den-omkomne-i-arbeidsulykken-er-frigitt-vare-tanker-gar-til-familien","status":"publish","type":"post","link":"https:\/\/www.europesays.com\/no\/108468\/","title":{"rendered":"Ulykker og hendelser, Ulykker | Navnet p\u00e5 den omkomne i arbeidsulykken er frigitt: \u2013 V\u00e5re tanker g\u00e5r til familien"},"content":{"rendered":"\n<p>Den omkomne mannen havnet i klem i en st\u00f8rre maskinenhet under arbeid ved bedriften mandag morgen.<\/p>\n<p><b>Det var 56 \u00e5r gamle B\u00e5rd Martinsen fra Romedal som omkom i arbeidsulykken i mandag.<\/b><\/p>\n<p><b>Navnet frigis i samr\u00e5d med p\u00e5r\u00f8rende.<\/b><\/p>\n<p>Den omkomne var ansatt hos trestolpeprodusenten Scanpole AS p\u00e5 Ilseng.<\/p>\n<p>Operasjonsleder Frode \u00d8vre\u00e5s ved Innlandet politidistrikt opplyste tidlig at \u00e9n person var involvert i ulykken.<\/p>\n<p>Samtlige n\u00f8detater rykket ut til stedet.<\/p>\n<p>Dr\u00f8yt tre timer etter at politiet ble varslet, ble det bekreftet at Martinsen d\u00f8de p\u00e5 stedet.<\/p>\n<p>  <a href=\"https:\/\/www.h-a.no\/5-139-1890861\" class=\"related-teaser has-image default-story-teaser article--c-eRUmMG article--c-eRUmMG-jKCPdD-design-default\" rel=\"nofollow noopener\" target=\"_blank\"><\/p>\n<p>    <img decoding=\"async\" loading=\"lazy\"  src=\"https:\/\/www.europesays.com\/no\/wp-content\/uploads\/2025\/12\/1765289291_919_DSC_4928.jpg\" alt=\"\" class=\"brick-c-cFOWSL\" style=\"\"\/><\/p>\n<p>\n            Les ogs\u00e5<\/p>\n<p>              Person omkom i arbeidsulykke\n        <\/p>\n<p>  <\/a><br \/>\n  \u2013 V\u00e5re tanker g\u00e5r til familien<\/p>\n<p>Tirsdag har HA v\u00e6rt i kontakt med daglig leder i Scanpole AS, Janne Monni. Han sier til HA at b\u00e5de han og bedriften tar d\u00f8dsfallet tungt.<\/p>\n<p>\u2013 Dette er utrolig trist, og v\u00e5re tanker g\u00e5r til familien, sier Monni.<\/p>\n<p>Han forteller videre at de \u00f8vrige ansatte blir tatt vare p\u00e5, og f\u00e5r den n\u00f8dvendige hjelpen de trenger i en vanskelig tid.<\/p>\n<p>Den administrerende direkt\u00f8ren sier ogs\u00e5 at de samarbeider tett med politiet i etterkant av hendelsen.<\/p>\n<p>Scanpole er en ledende produsent av trestolper i Europa. Bedriften bruker furu fra Skandinavia. Denne er saktevoksende, noe som gj\u00f8r stolpene spesielt sterke og holdbare.<\/p>\n<p>Vil bli obdusert<\/p>\n<p>Kommunens kriseteam ble koblet p\u00e5 for \u00e5 f\u00f8lge opp b\u00e5de de ansatte og familien til den omkomne mannen i etterkant av den tragiske ulykken.<\/p>\n<p>I tillegg ble ogs\u00e5 Arbeidstilsynet rutinemessig varslet.<\/p>\n<p>Politiet var ferdige med sine unders\u00f8kelser p\u00e5 stedet i 12-tiden samme dag.<\/p>\n<p>Videre opplyste samme \u00d8vre\u00e5s at den avd\u00f8de vil bli obdusert, og at politiet har opprettet sak p\u00e5 hendelsen.<\/p>\n<p>   <img decoding=\"async\" width=\"8256\" height=\"5504\" fetchpriority=\"low\"  loading=\"lazy\"  src=\"https:\/\/www.europesays.com\/no\/wp-content\/uploads\/2025\/12\/Arbeidsulykke_Scanpole_24+%281%29.jpg\" alt=\"Alvorlig arbeidsulykke ved Scanpole p\u00e5 Ilseng. En mann i 50-\u00e5rene omkom i ulykken.\" class=\"brick-c-cFOWSL\" style=\"--brick-image-ratio: 8256 \/ 5504;\"\/><\/p>\n<p>      N\u00f8detatene p\u00e5 plass ved ulykkesstedet mandag formiddag.<br \/>\n      Foto: Trond Lillebo\n    <\/p>\n","protected":false},"excerpt":{"rendered":"Den omkomne mannen havnet i klem i en st\u00f8rre maskinenhet under arbeid ved bedriften mandag morgen. Det var&hellip;\n","protected":false},"author":2,"featured_media":108469,"comment_status":"","ping_status":"","sticky":false,"template":"","format":"standard","meta":{"footnotes":""},"categories":[10],"tags":[36,20,21,24,25,15,13434,22,23,13,30,28,29,14,16,1551,1510,26,27,1204,941],"class_list":{"0":"post-108468","1":"post","2":"type-post","3":"status-publish","4":"format-standard","5":"has-post-thumbnail","7":"category-norge","8":"tag-art","9":"tag-breaking-news","10":"tag-breakingnews","11":"tag-featured-news","12":"tag-featurednews","13":"tag-headlines","14":"tag-ilseng","15":"tag-latest-news","16":"tag-latestnews","17":"tag-news","18":"tag-no","19":"tag-norge","20":"tag-norway","21":"tag-nyheter","22":"tag-overskrifter","23":"tag-stange","24":"tag-story","25":"tag-top-stories","26":"tag-topstories","27":"tag-ulykker","28":"tag-ulykker-og-hendelser"},"share_on_mastodon":{"url":"https:\/\/pubeurope.com\/@no\/115690006581981273","error":""},"_links":{"self":[{"href":"https:\/\/www.europesays.com\/no\/wp-json\/wp\/v2\/posts\/108468","targetHints":{"allow":["GET"]}}],"collection":[{"href":"https:\/\/www.europesays.com\/no\/wp-json\/wp\/v2\/posts"}],"about":[{"href":"https:\/\/www.europesays.com\/no\/wp-json\/wp\/v2\/types\/post"}],"author":[{"embeddable":true,"href":"https:\/\/www.europesays.com\/no\/wp-json\/wp\/v2\/users\/2"}],"replies":[{"embeddable":true,"href":"https:\/\/www.europesays.com\/no\/wp-json\/wp\/v2\/comments?post=108468"}],"version-history":[{"count":0,"href":"https:\/\/www.europesays.com\/no\/wp-json\/wp\/v2\/posts\/108468\/revisions"}],"wp:featuredmedia":[{"embeddable":true,"href":"https:\/\/www.europesays.com\/no\/wp-json\/wp\/v2\/media\/108469"}],"wp:attachment":[{"href":"https:\/\/www.europesays.com\/no\/wp-json\/wp\/v2\/media?parent=108468"}],"wp:term":[{"taxonomy":"category","embeddable":true,"href":"https:\/\/www.europesays.com\/no\/wp-json\/wp\/v2\/categories?post=108468"},{"taxonomy":"post_tag","embeddable":true,"href":"https:\/\/www.europesays.com\/no\/wp-json\/wp\/v2\/tags?post=108468"}],"curies":[{"name":"wp","href":"https:\/\/api.w.org\/{rel}","templated":true}]}}