{"id":108493,"date":"2025-12-09T14:29:35","date_gmt":"2025-12-09T14:29:35","guid":{"rendered":"https:\/\/www.europesays.com\/no\/108493\/"},"modified":"2025-12-09T14:29:35","modified_gmt":"2025-12-09T14:29:35","slug":"norsk-kvinne-pagrepet-etter-narkoraid","status":"publish","type":"post","link":"https:\/\/www.europesays.com\/no\/108493\/","title":{"rendered":"Norsk kvinne p\u00e5grepet etter narkoraid"},"content":{"rendered":"<p class=\"kicker \" style=\"\">Thailand:<\/p>\n<p>  En norsk kvinne i 50-\u00e5ra er p\u00e5grepet og siktet for oppbevaring og salg av narkotika i Phuket i Thailand.<\/p>\n<p>\n    TO: Kvinnen i 50-\u00e5ra ble p\u00e5grepet sammen med en lokal mann i 30-\u00e5ra. Foto: Vichit Police Station\n  <\/p>\n<p>Det skriver en rekke thailandske medier, herunder Bangkok Post og <a href=\"https:\/\/thephuketexpress.com\/2025\/12\/08\/overstaying-norwegian-woman-and-thai-man-arrested-with-illegal-drugs-in-luxury-villa-raid-in-phuket\/\" rel=\"nofollow noopener\" target=\"_blank\">The Phuket Express<\/a>.<\/p>\n<p>Kvinnen ble p\u00e5grepet s\u00f8ndag, i det som lokale medier beskriver som et politiraid mot en \u00abluksusvilla\u00bb.<\/p>\n<p>Kvinnen ble p\u00e5grepet sammen med en lokal mann i 30-\u00e5ra.\u00a0<\/p>\n<p> Politiet har frigitt bilder, som viser bev\u00e6pnet politi og de to p\u00e5grepne. <\/p>\n<p>Lokalt politi bekrefter p\u00e5gripelsen overfor <a href=\"https:\/\/www.vg.no\/nyheter\/i\/43dR2o\/thailand-norsk-kvinne-54-paagrepet-for-narkosalg\" rel=\"nofollow noopener\" target=\"_blank\">VG<\/a>.<\/p>\n<p>Politiet har ogs\u00e5 frigitt bilder fra p\u00e5gripelsen.<\/p>\n<p>If\u00f8lge The Phuket Express skal politiet ha beslaglagt en rekke narkotiske stoffer, herunder 32 gram heroin, 0,64 gram med metamfetamin og 44 piller med metamfetamin. Politiet beslagla ogs\u00e5 en digital vekt, og 100 000 baht i kontanter.<\/p>\n<p>Bel\u00f8pet tilsvarer litt under 32 000 norske kroner. Politiet mistenker at de to p\u00e5grepne skulle selge narkotikaen. If\u00f8lge lokale medier har kvinnen i 50-\u00e5ra overskredet sitt lovlige opphold i Thailand.<\/p>\n<p>VG har ikke f\u00e5tt opplysninger om at kvinnen har f\u00e5tt oppnevnt en forsvarer. Dagbladet har ogs\u00e5 v\u00e6rt i kontakt med politiet i Thailand, uten \u00e5 f\u00e5 opplysningene bekreftet.<\/p>\n<p>Utenriksdepartementet bekrefter overfor Dagbladet at de kjenner til p\u00e5gripelsen via media.<\/p>\n<p>&#8211; Ambassaden i Bangkok vil tilby konsul\u00e6r bistand ved behov, skriver kommunikasjonsr\u00e5dgiver i UD, Mathias Rongved, til Dagbladet.<\/p>\n<p>&#8211; P\u00e5 grunn av taushetsplikten i konsul\u00e6re saker kan vi ikke gi ytterligere informasjon, skriver han videre.<\/p>\n<p>Dagbladet har ogs\u00e5 v\u00e6rt i kontakt med det norske konsulatet i Phuket, som henviste til Utenriksdepartementet.<\/p>\n","protected":false},"excerpt":{"rendered":"Thailand: En norsk kvinne i 50-\u00e5ra er p\u00e5grepet og siktet for oppbevaring og salg av narkotika i Phuket&hellip;\n","protected":false},"author":2,"featured_media":108494,"comment_status":"","ping_status":"","sticky":false,"template":"","format":"standard","meta":{"footnotes":""},"categories":[12],"tags":[20,21,24,25,15,22,23,212,13,30,28,29,14,16,745,26,27,412,42,43,44,45],"class_list":{"0":"post-108493","1":"post","2":"type-post","3":"status-publish","4":"format-standard","5":"has-post-thumbnail","7":"category-verden","8":"tag-breaking-news","9":"tag-breakingnews","10":"tag-featured-news","11":"tag-featurednews","12":"tag-headlines","13":"tag-latest-news","14":"tag-latestnews","15":"tag-narkotika","16":"tag-news","17":"tag-no","18":"tag-norge","19":"tag-norway","20":"tag-nyheter","21":"tag-overskrifter","22":"tag-thailand","23":"tag-top-stories","24":"tag-topstories","25":"tag-utenriks","26":"tag-verden","27":"tag-world","28":"tag-world-news","29":"tag-worldnews"},"share_on_mastodon":{"url":"https:\/\/pubeurope.com\/@no\/115690089015145232","error":""},"_links":{"self":[{"href":"https:\/\/www.europesays.com\/no\/wp-json\/wp\/v2\/posts\/108493","targetHints":{"allow":["GET"]}}],"collection":[{"href":"https:\/\/www.europesays.com\/no\/wp-json\/wp\/v2\/posts"}],"about":[{"href":"https:\/\/www.europesays.com\/no\/wp-json\/wp\/v2\/types\/post"}],"author":[{"embeddable":true,"href":"https:\/\/www.europesays.com\/no\/wp-json\/wp\/v2\/users\/2"}],"replies":[{"embeddable":true,"href":"https:\/\/www.europesays.com\/no\/wp-json\/wp\/v2\/comments?post=108493"}],"version-history":[{"count":0,"href":"https:\/\/www.europesays.com\/no\/wp-json\/wp\/v2\/posts\/108493\/revisions"}],"wp:featuredmedia":[{"embeddable":true,"href":"https:\/\/www.europesays.com\/no\/wp-json\/wp\/v2\/media\/108494"}],"wp:attachment":[{"href":"https:\/\/www.europesays.com\/no\/wp-json\/wp\/v2\/media?parent=108493"}],"wp:term":[{"taxonomy":"category","embeddable":true,"href":"https:\/\/www.europesays.com\/no\/wp-json\/wp\/v2\/categories?post=108493"},{"taxonomy":"post_tag","embeddable":true,"href":"https:\/\/www.europesays.com\/no\/wp-json\/wp\/v2\/tags?post=108493"}],"curies":[{"name":"wp","href":"https:\/\/api.w.org\/{rel}","templated":true}]}}