{"id":108505,"date":"2025-12-09T14:59:17","date_gmt":"2025-12-09T14:59:17","guid":{"rendered":"https:\/\/www.europesays.com\/no\/108505\/"},"modified":"2025-12-09T14:59:17","modified_gmt":"2025-12-09T14:59:17","slug":"litauen-erklaerer-unntakstilstand-grunnet-smuglerballonger-fra-belarus","status":"publish","type":"post","link":"https:\/\/www.europesays.com\/no\/108505\/","title":{"rendered":"Litauen erkl\u00e6rer unntakstilstand grunnet smuglerballonger fra Belarus"},"content":{"rendered":"<p class=\"kicker t15 font-weight-bold m-font-weight-bold color_mobile_no_bg_color quaternary color_mobile_quaternary font-Trim text-case-transform-upper mobile-hasTextPadding\" style=\"\">Nyheter<\/p>\n<p>    Litauens regjering har erkl\u00e6rt unntakstilstand ettersom de mener smuglerballonger fra Belarus truer landets sikkerhet.<\/p>\n<p>\n        BALLONG: En litauisk grensevakt inspiserer en ballong som er brukt til \u00e5 smugle sigaretter inn i landet fra Belarus.<br \/>\n        Foto: AP \/ NTB\n    <\/p>\n<p>Det melder nyhetsbyr\u00e5et Reuters og lokale medier i Litauen.<\/p>\n<p>Innenriksdepartementet sier at unntakstilstanden ikke skal f\u00f8re til besv\u00e6r for folk flest, og tiltakene som iverksettes skal rette seg mot de som st\u00e5r bak ballongene, skriver Lrytas.<\/p>\n<p>Regjeringen i Litauen varslet om unntakstilstanden i forrige uke, og sa de forberedte det juridiske grunnlaget for en slik erkl\u00e6ring.<\/p>\n<p>\u2013 Beste l\u00f8sningen<\/p>\n<p>Statsminister Inga Ruginiene sa da at en slik unntakstilstand var \u00abden beste l\u00f8sningen akkurat n\u00e5\u00bb.<\/p>\n<p>En unntakstilstand gj\u00f8r det mulig for regjeringen og lokale myndigheter \u00e5 sette inn ekstra ressurser for \u00e5 bekjempe ballongene.<\/p>\n<p>B\u00e5de Litauen og EU har referert til ballongtrafikken som et hybridangrep. EU vurderer sanksjoner mot Belarus p\u00e5 grunn av ballongene.<\/p>\n<p>I oktober f\u00f8rte ballongtrafikken til at Litauen stengte sine to grenseoverganger til Belarus.<\/p>\n<p>Utgj\u00f8r angrep<\/p>\n<p>Som f\u00f8lge av smuglerballongene har Litauens to st\u00f8rste flyplasser, i Vilnius og Kaunas, ved flere anledninger blitt tvunget til \u00e5 stanse flytrafikken.<\/p>\n<p>I forrige uke ble flyplassen i hovedstaden Vilnius stengt p\u00e5 grunn av mistanke om ballonger i luftrommet.<\/p>\n<p>Litauiske myndigheter sier at ballongene, som flyr opptil ti kilometer h\u00f8yt, bevisst sendes opp n\u00e6r flyplassene, og at det utgj\u00f8r et angrep p\u00e5 landets sivile luftfart.<\/p>\n<p>Selv om ballongene, som inneholder sigaretter, lenge har blitt brukt av smuglere, har de f\u00f8rst de siste m\u00e5nedene f\u00f8rt til stenging av flyplasser.<\/p>\n<p>Litauens statsminister Inga Ruginiene har tidligere sagt at landet skal begynne \u00e5 skyte ned ballongene som g\u00e5r inni deres luftrom.<\/p>\n","protected":false},"excerpt":{"rendered":"Nyheter Litauens regjering har erkl\u00e6rt unntakstilstand ettersom de mener smuglerballonger fra Belarus truer landets sikkerhet. BALLONG: En litauisk&hellip;\n","protected":false},"author":2,"featured_media":108506,"comment_status":"","ping_status":"","sticky":false,"template":"","format":"standard","meta":{"footnotes":""},"categories":[12],"tags":[20,21,24,25,15,22,23,13,30,28,29,14,16,26,27,42,43,44,45],"class_list":{"0":"post-108505","1":"post","2":"type-post","3":"status-publish","4":"format-standard","5":"has-post-thumbnail","7":"category-verden","8":"tag-breaking-news","9":"tag-breakingnews","10":"tag-featured-news","11":"tag-featurednews","12":"tag-headlines","13":"tag-latest-news","14":"tag-latestnews","15":"tag-news","16":"tag-no","17":"tag-norge","18":"tag-norway","19":"tag-nyheter","20":"tag-overskrifter","21":"tag-top-stories","22":"tag-topstories","23":"tag-verden","24":"tag-world","25":"tag-world-news","26":"tag-worldnews"},"share_on_mastodon":{"url":"https:\/\/pubeurope.com\/@no\/115690206907480677","error":""},"_links":{"self":[{"href":"https:\/\/www.europesays.com\/no\/wp-json\/wp\/v2\/posts\/108505","targetHints":{"allow":["GET"]}}],"collection":[{"href":"https:\/\/www.europesays.com\/no\/wp-json\/wp\/v2\/posts"}],"about":[{"href":"https:\/\/www.europesays.com\/no\/wp-json\/wp\/v2\/types\/post"}],"author":[{"embeddable":true,"href":"https:\/\/www.europesays.com\/no\/wp-json\/wp\/v2\/users\/2"}],"replies":[{"embeddable":true,"href":"https:\/\/www.europesays.com\/no\/wp-json\/wp\/v2\/comments?post=108505"}],"version-history":[{"count":0,"href":"https:\/\/www.europesays.com\/no\/wp-json\/wp\/v2\/posts\/108505\/revisions"}],"wp:featuredmedia":[{"embeddable":true,"href":"https:\/\/www.europesays.com\/no\/wp-json\/wp\/v2\/media\/108506"}],"wp:attachment":[{"href":"https:\/\/www.europesays.com\/no\/wp-json\/wp\/v2\/media?parent=108505"}],"wp:term":[{"taxonomy":"category","embeddable":true,"href":"https:\/\/www.europesays.com\/no\/wp-json\/wp\/v2\/categories?post=108505"},{"taxonomy":"post_tag","embeddable":true,"href":"https:\/\/www.europesays.com\/no\/wp-json\/wp\/v2\/tags?post=108505"}],"curies":[{"name":"wp","href":"https:\/\/api.w.org\/{rel}","templated":true}]}}