{"id":108511,"date":"2025-12-09T15:02:10","date_gmt":"2025-12-09T15:02:10","guid":{"rendered":"https:\/\/www.europesays.com\/no\/108511\/"},"modified":"2025-12-09T15:02:10","modified_gmt":"2025-12-09T15:02:10","slug":"helmut-marko-forlater-red-bull","status":"publish","type":"post","link":"https:\/\/www.europesays.com\/no\/108511\/","title":{"rendered":"Helmut Marko forlater Red Bull"},"content":{"rendered":"\n<p class=\"_lead_o9xde_2 _lead_xtcu6_50 layout-component text-serif-m layout-normal text-serif-l layout-component layout-wide layout-padded _wide_17hqh_1 layout-padded\">Den 82 \u00e5r gamle \u00f8sterrikeren har v\u00e6rt tilknyttet Red Bull siden 1999.<\/p>\n<p><img alt=\" Foto: BENJAMIN CREMEL \/ AFP \/ NTB\" class=\"_image_qp4xg_65 layout-component layout-wide\" data-fullscreen- data-track-element-type=\"Article image fullscreen\" data-track-name=\"ImageFullscreen\" fetchpriority=\"high\" decoding=\"sync\" loading=\"eager\" height=\"4636\" itemprop=\"image\"  src=\"https:\/\/www.europesays.com\/no\/wp-content\/uploads\/2025\/12\/5cdbe8b3-3e35-4c19-b309-5d2cb83dbe37\"  style=\"object-position:0% 0%\" width=\"6951\"\/> Foto: BENJAMIN CREMEL \/ AFP \/ NTB<\/p>\n<ul aria-hidden=\"true\" class=\"_images_ntbth_112\">\n<li><a class=\"_link_ntbth_117\" href=\"https:\/\/www.vg.no\/forfatter\/sindre-espe\" style=\"z-index:1\" title=\"Sindre Espe\" rel=\"nofollow noopener\" target=\"_blank\"><img alt=\"Bilde av Sindre Espe\" class=\"_image_ntbth_93\" fetchpriority=\"low\" loading=\"lazy\" decoding=\"async\" itemprop=\"image\"  src=\"https:\/\/www.europesays.com\/no\/wp-content\/uploads\/2025\/12\/1765292530_198_5d41d29b-af5f-421d-80e6-42e6d80fe76e\"  width=\"480\"\/><\/a><\/li>\n<\/ul>\n<p> Oppdatert tirsdag 9. desember kl. 15:54     <\/p>\n<p class=\"_paragraph_o9xde_4 _paragraph_xtcu6_10 layout-component text-serif-m layout-normal text-serif-m layout-padded\">Helmut Marko forlater sin rolle som r\u00e5dgiver i <a href=\"https:\/\/www.vg.no\/tag\/red-bull?utm_source=vg-article&amp;utm_medium=auto-tagger&amp;utm_campaign=M7g9gM\" class=\"_link_o9xde_39\" rel=\"nofollow noopener\" target=\"_blank\">Red Bull<\/a> ved \u00e5rsskiftet, bekrefter Formel 1-teamet.<\/p>\n<p class=\"_paragraph_o9xde_4 _paragraph_xtcu6_10 layout-component text-serif-m layout-normal text-serif-m layout-padded\">\u2013 Jeg har v\u00e6rt involvert i motorsport i seks ti\u00e5r n\u00e5, og de siste over 20 \u00e5rene hos Red Bull har v\u00e6rt en ekstraordin\u00e6r og sv\u00e6rt suksessrik reise, sier Marko.<\/p>\n<p class=\"_paragraph_o9xde_4 _paragraph_xtcu6_10 layout-component text-serif-m layout-normal text-serif-m layout-padded\">82-\u00e5ringen har i to ti\u00e5r v\u00e6rt en n\u00f8kkelfigur i Red Bulls juniorprogram og hjulpet med \u00e5 utvikle flere stjerner. <\/p>\n<p class=\"_paragraph_o9xde_4 _paragraph_xtcu6_10 layout-component text-serif-m layout-normal text-serif-m layout-padded\">Under hans ledelse har 20 f\u00f8rere kommet seg til Formel 1, inkludert Max Verstappen og Sebastian Vettel som til sammen har vunnet \u00e5tte verdensmesterskap for Red Bull, skriver\u00a0<a href=\"https:\/\/www.formula1.com\/en\/latest\/article\/dr-helmut-marko-to-leave-red-bull-motorsport-advisor-role.28NBdIbMJvsnKdRRkAWBVR\" class=\"_link_o9xde_39\" rel=\"nofollow noopener\" target=\"_blank\">Formula1.com<\/a>.<\/p>\n<p class=\"_paragraph_o9xde_4 _paragraph_xtcu6_10 layout-component text-serif-m layout-normal text-serif-m layout-padded\">Samme nettsted skriver at syv av de 20 f\u00f8rerne p\u00e5 \u00e5rets startgrid har kommet gjennom Red Bulls juniorprogram.<\/p>\n<p class=\"_paragraph_o9xde_4 _paragraph_xtcu6_10 layout-component text-serif-m layout-normal text-serif-m layout-padded\">\u2013 Det \u00e5 s\u00e5 vidt g\u00e5 glipp av verdensmesterskapet denne sesongen har gjort sterkt inntrykk p\u00e5 meg, og f\u00e5tt meg til \u00e5 innse at tiden n\u00e5 er inne for \u00e5 avslutte dette lange, intense og suksessrike kapittelet i mitt liv.<\/p>\n<p class=\"_paragraph_o9xde_4 _paragraph_xtcu6_10 layout-component text-serif-m layout-normal text-serif-m layout-padded\">S\u00f8ndag ble det klart at McLarens Lando Norris stakk av med verdensmester-tittelen, to poeng foran Red Bulls Max Verstappen. <\/p>\n<p class=\"_paragraph_o9xde_4 _paragraph_xtcu6_10 layout-component text-serif-m layout-normal text-serif-m layout-padded\">\u2013 Hans avgang vil etterlate et tomrom, og vi kommer virkelig til \u00e5 savne ham, teamsjef Laurent Mekies. <\/p>\n","protected":false},"excerpt":{"rendered":"Den 82 \u00e5r gamle \u00f8sterrikeren har v\u00e6rt tilknyttet Red Bull siden 1999. Foto: BENJAMIN CREMEL \/ AFP \/&hellip;\n","protected":false},"author":2,"featured_media":108512,"comment_status":"","ping_status":"","sticky":false,"template":"","format":"standard","meta":{"footnotes":""},"categories":[59],"tags":[2026,4626,30,28,29,7433,83,82],"class_list":{"0":"post-108511","1":"post","2":"type-post","3":"status-publish","4":"format-standard","5":"has-post-thumbnail","7":"category-sport","8":"tag-formel-1","9":"tag-max-verstappen","10":"tag-no","11":"tag-norge","12":"tag-norway","13":"tag-red-bull","14":"tag-sport","15":"tag-sports"},"share_on_mastodon":{"url":"https:\/\/pubeurope.com\/@no\/115690219050622992","error":""},"_links":{"self":[{"href":"https:\/\/www.europesays.com\/no\/wp-json\/wp\/v2\/posts\/108511","targetHints":{"allow":["GET"]}}],"collection":[{"href":"https:\/\/www.europesays.com\/no\/wp-json\/wp\/v2\/posts"}],"about":[{"href":"https:\/\/www.europesays.com\/no\/wp-json\/wp\/v2\/types\/post"}],"author":[{"embeddable":true,"href":"https:\/\/www.europesays.com\/no\/wp-json\/wp\/v2\/users\/2"}],"replies":[{"embeddable":true,"href":"https:\/\/www.europesays.com\/no\/wp-json\/wp\/v2\/comments?post=108511"}],"version-history":[{"count":0,"href":"https:\/\/www.europesays.com\/no\/wp-json\/wp\/v2\/posts\/108511\/revisions"}],"wp:featuredmedia":[{"embeddable":true,"href":"https:\/\/www.europesays.com\/no\/wp-json\/wp\/v2\/media\/108512"}],"wp:attachment":[{"href":"https:\/\/www.europesays.com\/no\/wp-json\/wp\/v2\/media?parent=108511"}],"wp:term":[{"taxonomy":"category","embeddable":true,"href":"https:\/\/www.europesays.com\/no\/wp-json\/wp\/v2\/categories?post=108511"},{"taxonomy":"post_tag","embeddable":true,"href":"https:\/\/www.europesays.com\/no\/wp-json\/wp\/v2\/tags?post=108511"}],"curies":[{"name":"wp","href":"https:\/\/api.w.org\/{rel}","templated":true}]}}