{"id":108515,"date":"2025-12-09T15:09:23","date_gmt":"2025-12-09T15:09:23","guid":{"rendered":"https:\/\/www.europesays.com\/no\/108515\/"},"modified":"2025-12-09T15:09:23","modified_gmt":"2025-12-09T15:09:23","slug":"kvinner-stormer-til-droneenhetene","status":"publish","type":"post","link":"https:\/\/www.europesays.com\/no\/108515\/","title":{"rendered":"Kvinner stormer til droneenhetene"},"content":{"rendered":"<p class=\"kicker text-red color_mobile_text-red\" style=\"\">Ukraina:<\/p>\n<p>  Kvinner tar p\u00e5 seg stadig flere kamproller i det ukrainske milit\u00e6ret, s\u00e6rlig som dronepiloter, som har f\u00e5tt en sentral rolle ved frontlinjen.<\/p>\n<p>\n    Imlas hender skalv f\u00f8rste gang hun fl\u00f8y en drone, forteller hun. Foto: Julia Demaree Nikhinson \/ AP \/ NTB\n  <\/p>\n<p>Da Russland begynte sin fullskalainvasjon av Ukraina for nesten fire \u00e5r siden, s\u00e5 ikke 26 \u00e5r gamle Monka for seg at hun kunne ta p\u00e5 seg en kamprolle. I l\u00f8pet av krigen har imidlertid teknologien endret slagmarken fullstendig og \u00e5pnet nye spor.<\/p>\n<p>I fjor forlot hun en stilling som restaurantsjef i utlandet og vendte hjem til Ukraina. Der vervet hun seg som dronepilot.<\/p>\n<p>Monka er en del av en st\u00f8rre trend der ukrainske kvinner verver seg til kamproller i en stor skala \u2013 mye fordi de n\u00e5 kan sl\u00e5ss mot fienden tilsynelatende uten \u00e5 utsette seg for fare, blant annet gjennom droneflyging.<\/p>\n<p>        <img loading=\"lazy\" decoding=\"async\" src=\"https:\/\/www.europesays.com\/no\/wp-content\/uploads\/2025\/12\/83952020.webp\" width=\"686\" height=\"460\" title=\"\u00abMonka\u00bb setter sammen en drone under en framvisning for nyhetsbyr\u00e5et AP. Foto: Julia Demaree Nikhinson \/ AP \/ NTB\" alt=\"\" class=\"\" style=\"--aspect-ratio-image: 1.49; \"\/><\/p>\n<p>\n        \u00abMonka\u00bb setter sammen en drone under en framvisning for nyhetsbyr\u00e5et AP. Foto: Julia Demaree Nikhinson \/ AP \/ NTB\n    <\/p>\n<p>Monka og andre kvinnelige dronepiloter identifiserer seg kun ved kallesignal, i tr\u00e5d med ukrainsk milit\u00e6r praksis.<\/p>\n<p>Nerv\u00f8s\t<\/p>\n<p>Mer enn 70.000 kvinner har tjenestegjort i det ukrainske milit\u00e6ret i 2025, en \u00f8kning p\u00e5 20 prosent siden 2022. If\u00f8lge det ukrainske forsvarsdepartementet er over 5500 av disse ved frontlinjen.<\/p>\n<p>Mange ukrainere ser p\u00e5 h\u00e6ren som en av f\u00e5 reelle sikkerhetsgarantier har mot Russland, selv om det er en risiko for at fredsforhandlinger kan sette et tak p\u00e5 st\u00f8rrelsen til milit\u00e6ret.<\/p>\n<p>27 \u00e5r gamle Imla sluttet som ishockeyspiller for \u00e5 verve seg og tjenestegjorde f\u00f8rst som sanitetssoldat. Det innebar imidlertid at hun m\u00e5tte l\u00e6re seg \u00e5 fly droner, og etter hvert ble det heltidsjobben. Hun begynte f\u00f8rst med sm\u00e5 rekognoseringsdroner, og under f\u00f8rste oppdrag var Imla s\u00e5 nerv\u00f8s at hendene hennes ristet mens hun holdt i kontrolleren.<\/p>\n<p>\u2013 For \u00e5 v\u00e6re \u00e6rlig hadde jeg lyst til \u00e5 gr\u00e5te. Men etter hvert bygger man opp erfaring og f\u00e5r selvtillit, sier hun.<\/p>\n<p>        <img loading=\"lazy\" decoding=\"async\" src=\"https:\/\/www.europesays.com\/no\/wp-content\/uploads\/2025\/12\/83952022.webp\" width=\"980\" height=\"559\" title=\"Tsjibi er dronetekniker, hun finner det mer spennende enn \u00e5 fly dem selv. Foto: Julia Demaree Nikhinson \/ AP \/ NTB\" alt=\"\" class=\"\" style=\"--aspect-ratio-image: 1.75; \"\/><\/p>\n<p>\n        Tsjibi er dronetekniker, hun finner det mer spennende enn \u00e5 fly dem selv. Foto: Julia Demaree Nikhinson \/ AP \/ NTB\n    <\/p>\n<p>Etter hvert gikk hun videre til droner med bomber og ammunisjon.<\/p>\n<p>M\u00f8tte motstand\t<\/p>\n<p>Mange enheter driver n\u00e5 aktive rekrutteringskampanjer rettet mot kvinner. Men den ukrainske h\u00e6ren er til syvende og sist en sv\u00e6rt konservativ institusjon. I noen enheter er det fortsatt sv\u00e6rt vanskelig for kvinner.<\/p>\n<p>Det fikk 27 \u00e5r gamle Jaha smertelig erfare. Hun begynte i milit\u00e6ret i 2023 som kontorarbeider, men etter tre m\u00e5neder ba hun om \u00e5 f\u00e5 g\u00e5 p\u00e5 dronekurs. Befalet hennes foreslo til svar at hun kunne ta over kokkejobben.<\/p>\n<p>\u2013 Det var ubehagelig for meg, fordi jeg ikke forventet slike ubehagelige forhold, sier Yaha.<\/p>\n<p>        <img loading=\"lazy\" decoding=\"async\" src=\"https:\/\/www.europesays.com\/no\/wp-content\/uploads\/2025\/12\/83952024.webp\" width=\"980\" height=\"559\" title=\"Dronene har blitt en sentral del av slagmarken i Ukraina. Foto: Julia Demaree Nikhinson \/ AP \/ NTB\" alt=\"\" class=\"\" style=\"--aspect-ratio-image: 1.75; \"\/><\/p>\n<p>\n        Dronene har blitt en sentral del av slagmarken i Ukraina. Foto: Julia Demaree Nikhinson \/ AP \/ NTB\n    <\/p>\n<p>Men hun lot seg ikke stanse. Mens hun jobbet i messa leste hun dronemanualer, og p\u00e5 fritiden \u00f8vde hun i simulatorer med en kontroller hun hadde kj\u00f8pt selv. Til slutt begynte hun som dronepilot.<\/p>\n<p>Rosa og m\u00f8rkebl\u00e5tt h\u00e5r\t<\/p>\n<p>\u2013 Krig er ikke kult eller glamor\u00f8st. Det er smerte, lidelse, tap. Man bare gj\u00f8r det fordi man vil endre situasjonen, sier Jaha.<\/p>\n<p>20 \u00e5r gamle Tsjibi m\u00f8tte ogs\u00e5 p\u00e5 motstand da hun skulle begynne som dronetekniker. Medsoldater mente hun ikke kunne ha de samme tekniske ferdighetene som kvinne. En av de mannlige kollegene hennes ga henne imidlertid st\u00f8tte og hjalp henne p\u00e5 veien.<\/p>\n<p>\u2013 Det m\u00e5 v\u00e6re flere kvinner i h\u00e6ren. Dess flere kvinner som kommer, jo bedre blir holdningen til dem, sier Tsjibi, med rosa og m\u00f8rkebl\u00e5tt h\u00e5r. Hun tilbringer dagene i en kjeller i \u00d8st-Ukraina, der hun forbereder dronene til strid.<\/p>\n<p>        <img loading=\"lazy\" decoding=\"async\" src=\"https:\/\/www.europesays.com\/no\/wp-content\/uploads\/2025\/12\/83952026.webp\" width=\"980\" height=\"559\" title=\"Veier n\u00e6r frontlinjen i Ukraina er dekket med gamle fiskegarn for \u00e5 stanse russiske droneangrep. Foto: Jefrem Lukatskyj \/ AP \/ NTB\" alt=\"\" class=\"\" style=\"--aspect-ratio-image: 1.75; \"\/><\/p>\n<p>\n        Veier n\u00e6r frontlinjen i Ukraina er dekket med gamle fiskegarn for \u00e5 stanse russiske droneangrep. Foto: Jefrem Lukatskyj \/ AP \/ NTB\n    <\/p>\n<p>\u2013 En del av den nye h\u00e6ren\t<\/p>\n<p>Talskvinnen Olha Melosjyna for Ukrainas dronestyrker sier det ikke stemmer at dronepilot er en mindre farlig jobb. Russiske styrker jager dronepilotene aktivt, fordi ubemannede v\u00e5pen har blitt en sentral del av krigen i Ukraina. Melosjyna sier 4,2 prosent av dronestyrkene er kvinner, noe hun anser som en stor andel ettersom kvinner verver seg frivillig.<\/p>\n<p>\u2013 Vi er en del av den nye ukrainske h\u00e6ren som ble dannet under og etter invasjonen. S\u00e5 n\u00e5r det gjelder aksept for kj\u00f8nn, har ikke vi i dronestyrkene noen gang hatt noen splittelse. Det som spiller en rolle for oss, er vilje og motivasjon, sier hun.<\/p>\n","protected":false},"excerpt":{"rendered":"Ukraina: Kvinner tar p\u00e5 seg stadig flere kamproller i det ukrainske milit\u00e6ret, s\u00e6rlig som dronepiloter, som har f\u00e5tt&hellip;\n","protected":false},"author":2,"featured_media":108516,"comment_status":"","ping_status":"","sticky":false,"template":"","format":"standard","meta":{"footnotes":""},"categories":[12],"tags":[20,21,1014,24,25,15,22,23,13,30,28,29,14,16,188,26,27,2002,42,43,44,45],"class_list":{"0":"post-108515","1":"post","2":"type-post","3":"status-publish","4":"format-standard","5":"has-post-thumbnail","7":"category-verden","8":"tag-breaking-news","9":"tag-breakingnews","10":"tag-droner","11":"tag-featured-news","12":"tag-featurednews","13":"tag-headlines","14":"tag-latest-news","15":"tag-latestnews","16":"tag-news","17":"tag-no","18":"tag-norge","19":"tag-norway","20":"tag-nyheter","21":"tag-overskrifter","22":"tag-russland","23":"tag-top-stories","24":"tag-topstories","25":"tag-ukraina-krigen","26":"tag-verden","27":"tag-world","28":"tag-world-news","29":"tag-worldnews"},"share_on_mastodon":{"url":"https:\/\/pubeurope.com\/@no\/115690246607434166","error":""},"_links":{"self":[{"href":"https:\/\/www.europesays.com\/no\/wp-json\/wp\/v2\/posts\/108515","targetHints":{"allow":["GET"]}}],"collection":[{"href":"https:\/\/www.europesays.com\/no\/wp-json\/wp\/v2\/posts"}],"about":[{"href":"https:\/\/www.europesays.com\/no\/wp-json\/wp\/v2\/types\/post"}],"author":[{"embeddable":true,"href":"https:\/\/www.europesays.com\/no\/wp-json\/wp\/v2\/users\/2"}],"replies":[{"embeddable":true,"href":"https:\/\/www.europesays.com\/no\/wp-json\/wp\/v2\/comments?post=108515"}],"version-history":[{"count":0,"href":"https:\/\/www.europesays.com\/no\/wp-json\/wp\/v2\/posts\/108515\/revisions"}],"wp:featuredmedia":[{"embeddable":true,"href":"https:\/\/www.europesays.com\/no\/wp-json\/wp\/v2\/media\/108516"}],"wp:attachment":[{"href":"https:\/\/www.europesays.com\/no\/wp-json\/wp\/v2\/media?parent=108515"}],"wp:term":[{"taxonomy":"category","embeddable":true,"href":"https:\/\/www.europesays.com\/no\/wp-json\/wp\/v2\/categories?post=108515"},{"taxonomy":"post_tag","embeddable":true,"href":"https:\/\/www.europesays.com\/no\/wp-json\/wp\/v2\/tags?post=108515"}],"curies":[{"name":"wp","href":"https:\/\/api.w.org\/{rel}","templated":true}]}}