{"id":108517,"date":"2025-12-09T15:10:12","date_gmt":"2025-12-09T15:10:12","guid":{"rendered":"https:\/\/www.europesays.com\/no\/108517\/"},"modified":"2025-12-09T15:10:12","modified_gmt":"2025-12-09T15:10:12","slug":"kronprinsen-drar-alene-pa-nobelbanketten","status":"publish","type":"post","link":"https:\/\/www.europesays.com\/no\/108517\/","title":{"rendered":"Kronprinsen drar alene p\u00e5 Nobelbanketten"},"content":{"rendered":"\n<p class=\"_lead_o9xde_2 _lead_xtcu6_50 layout-component text-serif-m layout-normal text-serif-l layout-component layout-wide layout-padded _wide_17hqh_1 layout-padded\">Kongefamilien sender kun \u00e9n representant til \u00e5rets middag. Slottet viser til kronprinsessens helsetilstand.<\/p>\n<p><img alt=\"Her er kronprins Haakon og kronprinsesse Mette-Marit p\u00e5 banketten p\u00e5 Grand Hotel etter prisutdelingsseremonien av Nobels fredspris for 2022. Foto: Beate Oma Dahle \/ NTB\" class=\"_image_qp4xg_65 layout-component layout-wide\" data-fullscreen- data-track-element-type=\"Article image fullscreen\" data-track-name=\"ImageFullscreen\" fetchpriority=\"high\" decoding=\"sync\" loading=\"eager\" height=\"5760\" itemprop=\"image\"  src=\"https:\/\/www.europesays.com\/no\/wp-content\/uploads\/2025\/12\/16514c3d-6ab6-412f-828d-ce65fc2e34ac\"  style=\"object-position:50.804398148148145% 24.15798611111111%\" width=\"8640\"\/>Her er kronprins Haakon og kronprinsesse Mette-Marit p\u00e5 banketten p\u00e5 Grand Hotel etter prisutdelingsseremonien av Nobels fredspris for 2022. Foto: Beate Oma Dahle \/ NTB<\/p>\n<ul aria-hidden=\"true\" class=\"_images_ntbth_112\">\n<li><a class=\"_link_ntbth_117\" href=\"https:\/\/www.vg.no\/forfatter\/bastian-lunde-hvitmyhr\" style=\"z-index:1\" title=\"Bastian Lunde Hvitmyhr\" rel=\"nofollow noopener\" target=\"_blank\"><img alt=\"Bilde av Bastian Lunde Hvitmyhr\" class=\"_image_ntbth_93\" fetchpriority=\"low\" loading=\"lazy\" decoding=\"async\" itemprop=\"image\"  src=\"https:\/\/www.europesays.com\/no\/wp-content\/uploads\/2025\/12\/150baf2c-85af-47f9-b506-d8189e6820a4\"  width=\"480\"\/><\/a><\/li>\n<\/ul>\n<p> Oppdatert tirsdag 9. desember kl. 14:48     <\/p>\n<p class=\"_paragraph_o9xde_4 _paragraph_xtcu6_10 layout-component text-serif-m layout-normal text-serif-m layout-padded\">Kronprins Haakon (52) er den eneste fra <a href=\"https:\/\/www.vg.no\/tag\/kongefamilien?utm_source=vg-article&amp;utm_medium=auto-tagger&amp;utm_campaign=0pE3y0\" class=\"_link_o9xde_39\" rel=\"nofollow noopener\" target=\"_blank\">kongefamilien<\/a> som er oppf\u00f8rt p\u00e5 \u00e5rets bankett for Nobels fredspris-vinner Maria Corina Machado, onsdag kveld.<\/p>\n<p class=\"_paragraph_o9xde_4 _paragraph_xtcu6_10 layout-component text-serif-m layout-normal text-serif-m layout-padded\">Banketten holdes hvert \u00e5r til \u00e6re for mottageren av Nobels fredspris p\u00e5 Grand Hotel i Oslo.<\/p>\n<p class=\"_paragraph_o9xde_4 _paragraph_xtcu6_10 layout-component text-serif-m layout-normal text-serif-m layout-padded\">De siste \u00e5rene har b\u00e5de kongeparet og kronprinsparet v\u00e6rt sammen p\u00e5 banketten, som holdes p\u00e5 kvelden etter at fredsprisen er delt ut.<\/p>\n<p class=\"_paragraph_o9xde_4 _paragraph_xtcu6_10 layout-component text-serif-m layout-normal text-serif-m layout-padded\"><strong class=\"_strong_o9xde_25\">N\u00e5 m\u00e5 kronprinsen dra alene, if\u00f8lge kongehusets offisielle program. VG har spurt Slottet om hvorfor.<\/strong><\/p>\n<p class=\"_paragraph_o9xde_4 _paragraph_xtcu6_10 layout-component text-serif-m layout-normal text-serif-m layout-padded\">\u2013 Vi viser til tidligere pressemelding om kronprinsessens helsetilstand og tilpasninger i offisielt program, melder de til VG.<\/p>\n<p class=\"_paragraph_o9xde_4 _paragraph_xtcu6_10 layout-component text-serif-m layout-normal layout-padded\"><strong class=\"_strong_o9xde_25\">Les ogs\u00e5:<\/strong> <a href=\"https:\/\/www.vg.no\/i\/aldnQ5\" data-track-element-type=\"Link\" data-track-id=\"link:aldnQ5\" class=\"_link_o9xde_39\" rel=\"nofollow noopener\" target=\"_blank\">\u2013 Har behov for mer hvile<\/a><\/p>\n<p class=\"_paragraph_o9xde_4 _paragraph_xtcu6_10 layout-component text-serif-m layout-normal text-serif-m layout-padded\">Pressemeldingen Slottet viser til, kom i mars 2025. Da skrev kongehuset at kronprinsesse Mette-Marits kroniske sykdom lungefibrose hadde utviklet seg. <\/p>\n<p class=\"_paragraph_o9xde_4 _paragraph_xtcu6_10 layout-component text-serif-m layout-normal text-serif-m layout-padded\">Kongehuset skrev at kronprinsessen \u00ab &#8230; har behov for mer hvile, og dagsformen endrer seg raskere enn tidligere. Dette betyr at det hyppigere kan oppst\u00e5 endringer i hennes offisielle program\u00bb.<\/p>\n<p class=\"_paragraph_o9xde_4 _paragraph_xtcu6_10 layout-component text-serif-m layout-normal text-serif-m layout-padded\"><strong class=\"_strong_o9xde_25\">De opplyste at sykdommen vil p\u00e5virke Mette-Marits mulighet til \u00e5 utf\u00f8re jobben som kronprinsesse.<\/strong><\/p>\n<p class=\"_paragraph_o9xde_4 _paragraph_xtcu6_10 layout-component text-serif-m layout-normal text-serif-m layout-padded\">Mette-Marit kommenterte dette selv i h\u00f8st:<\/p>\n<p class=\"_paragraph_o9xde_4 _paragraph_xtcu6_10 layout-component text-serif-m layout-normal text-serif-m layout-padded\">Kronprinsessen <a href=\"https:\/\/www.vg.no\/rampelys\/i\/almrmE\/slottet-kronprinsessen-paa-lungerehabilitering\" data-track-element-type=\"Link\" data-track-id=\"link:almrmE\" class=\"_link_o9xde_39\" rel=\"nofollow noopener\" target=\"_blank\">var i h\u00f8st p\u00e5 lungerehabilitering.<\/a><\/p>\n<p class=\"_paragraph_o9xde_4 _paragraph_xtcu6_10 layout-component text-serif-m layout-normal text-serif-m layout-padded\">Det er ikke uvanlig at kronprinsessen deltar p\u00e5 deler av et program, og dropper resten, eller at hun dukker opp hvis dagsformen har endret seg.<\/p>\n<p class=\"_paragraph_o9xde_4 _paragraph_xtcu6_10 layout-component text-serif-m layout-normal text-serif-m layout-padded\"><strong class=\"_strong_o9xde_25\">Dette er det andre \u00e5ret p\u00e5 rad at kong Harald (88) og dronning Sonja (88) dropper middagen p\u00e5 Grand Hotel.<\/strong><\/p>\n<p class=\"_paragraph_o9xde_4 _paragraph_xtcu6_10 layout-component text-serif-m layout-normal text-serif-m layout-padded\">B\u00e5de kongen, dronningen, kronprinsen, kronprinsessen og prinsesse Ingrid Alexandra (21) er oppf\u00f8rt p\u00e5 programmet onsdag formiddag, n\u00e5r Nobels fredspris deles ut i Oslo r\u00e5dhus.<\/p>\n<p class=\"_paragraph_o9xde_4 _paragraph_xtcu6_10 layout-component text-serif-m layout-normal text-serif-m layout-padded\">Prinsesse <a href=\"https:\/\/www.vg.no\/rampelys\/i\/bOKXwd\/prinsesse-ingrid-alexandra-er-tilbake-i-norge\" data-track-element-type=\"Link\" data-track-id=\"link:bOKXwd\" class=\"_link_o9xde_39\" rel=\"nofollow noopener\" target=\"_blank\">Ingrid Alexandra har en travel desember,<\/a> etter at hun kom hjem p\u00e5 ferie fra studiene i Australia.<\/p>\n<p><img alt=\"Her er kongeparet og kronprinsparet  sammen p\u00e5 Nobelbanketten i 2023. Fredsprisvinneren dette \u00e5ret, Narges Mohammadi, satt fengslet i Iran og ble derfor representert ved barna Ali og Kiana Rahmani og ektefellen Taghi Rahmani.  Foto: Rodrigo Freitas \/ NTB\" class=\"_image_qp4xg_65 layout-component layout-normal\" data-fullscreen- data-track-element-type=\"Article image fullscreen\" data-track-name=\"ImageFullscreen\" decoding=\"async\" loading=\"lazy\" height=\"3390\" itemprop=\"image\"  src=\"https:\/\/www.europesays.com\/no\/wp-content\/uploads\/2025\/12\/13c1d32a-e6ab-4fc1-b787-e629c0ee5ce3\"  style=\"object-position:0% 0%\" width=\"5087\"\/>Her er kongeparet og kronprinsparet  sammen p\u00e5 Nobelbanketten i 2023. Fredsprisvinneren dette \u00e5ret, Narges Mohammadi, satt fengslet i Iran og ble derfor representert ved barna Ali og Kiana Rahmani og ektefellen Taghi Rahmani.  Foto: Rodrigo Freitas \/ NTB<\/p>\n<p class=\"_paragraph_o9xde_4 _paragraph_xtcu6_10 layout-component text-serif-m layout-normal text-serif-m layout-padded\">Sist kongeparet og kronprinsparet var sammen p\u00e5 Nobelbanketten, var i 2023.<\/p>\n<p class=\"_paragraph_o9xde_4 _paragraph_xtcu6_10 layout-component text-serif-m layout-normal text-serif-m layout-padded\">Det er ikke f\u00f8rste gang at kronprinsen m\u00e5 dra alene. Han var ogs\u00e5 den eneste fra kongefamilien p\u00e5 banketten i 2021, viser kongehusets programarkiv.<\/p>\n<p><img alt=\"Foto: Jonas Been Henriksen \/ NTB\" class=\"_image_qp4xg_65 layout-component layout-normal\" data-fullscreen- data-track-element-type=\"Article image fullscreen\" data-track-name=\"ImageFullscreen\" decoding=\"async\" loading=\"lazy\" height=\"5150\" itemprop=\"image\"  src=\"https:\/\/www.europesays.com\/no\/wp-content\/uploads\/2025\/12\/28cdae6f-560b-4c21-b46f-0d7526d70147\"  style=\"object-position:0% 0%\" width=\"7725\"\/>Foto: Jonas Been Henriksen \/ NTB    <\/p>\n","protected":false},"excerpt":{"rendered":"Kongefamilien sender kun \u00e9n representant til \u00e5rets middag. Slottet viser til kronprinsessens helsetilstand. Her er kronprins Haakon og&hellip;\n","protected":false},"author":2,"featured_media":108518,"comment_status":"","ping_status":"","sticky":false,"template":"","format":"standard","meta":{"footnotes":""},"categories":[10],"tags":[20,21,24,25,15,1222,1764,2293,22,23,6257,13,30,1125,28,29,14,16,404,26,27],"class_list":{"0":"post-108517","1":"post","2":"type-post","3":"status-publish","4":"format-standard","5":"has-post-thumbnail","7":"category-norge","8":"tag-breaking-news","9":"tag-breakingnews","10":"tag-featured-news","11":"tag-featurednews","12":"tag-headlines","13":"tag-kongefamilien","14":"tag-kronprins-haakon","15":"tag-kronprinsesse-mette-marit","16":"tag-latest-news","17":"tag-latestnews","18":"tag-lungefibrose","19":"tag-news","20":"tag-no","21":"tag-nobels-fredspris","22":"tag-norge","23":"tag-norway","24":"tag-nyheter","25":"tag-overskrifter","26":"tag-slottet","27":"tag-top-stories","28":"tag-topstories"},"share_on_mastodon":{"url":"https:\/\/pubeurope.com\/@no\/115690250286809443","error":""},"_links":{"self":[{"href":"https:\/\/www.europesays.com\/no\/wp-json\/wp\/v2\/posts\/108517","targetHints":{"allow":["GET"]}}],"collection":[{"href":"https:\/\/www.europesays.com\/no\/wp-json\/wp\/v2\/posts"}],"about":[{"href":"https:\/\/www.europesays.com\/no\/wp-json\/wp\/v2\/types\/post"}],"author":[{"embeddable":true,"href":"https:\/\/www.europesays.com\/no\/wp-json\/wp\/v2\/users\/2"}],"replies":[{"embeddable":true,"href":"https:\/\/www.europesays.com\/no\/wp-json\/wp\/v2\/comments?post=108517"}],"version-history":[{"count":0,"href":"https:\/\/www.europesays.com\/no\/wp-json\/wp\/v2\/posts\/108517\/revisions"}],"wp:featuredmedia":[{"embeddable":true,"href":"https:\/\/www.europesays.com\/no\/wp-json\/wp\/v2\/media\/108518"}],"wp:attachment":[{"href":"https:\/\/www.europesays.com\/no\/wp-json\/wp\/v2\/media?parent=108517"}],"wp:term":[{"taxonomy":"category","embeddable":true,"href":"https:\/\/www.europesays.com\/no\/wp-json\/wp\/v2\/categories?post=108517"},{"taxonomy":"post_tag","embeddable":true,"href":"https:\/\/www.europesays.com\/no\/wp-json\/wp\/v2\/tags?post=108517"}],"curies":[{"name":"wp","href":"https:\/\/api.w.org\/{rel}","templated":true}]}}