{"id":108519,"date":"2025-12-09T15:11:19","date_gmt":"2025-12-09T15:11:19","guid":{"rendered":"https:\/\/www.europesays.com\/no\/108519\/"},"modified":"2025-12-09T15:11:19","modified_gmt":"2025-12-09T15:11:19","slug":"norge-far-nasjonal-sikkerhetsradgiver","status":"publish","type":"post","link":"https:\/\/www.europesays.com\/no\/108519\/","title":{"rendered":"Norge f\u00e5r nasjonal sikkerhetsr\u00e5dgiver"},"content":{"rendered":"<p>    For f\u00f8rste gang noensinne f\u00e5r Norge en nasjonal sikkerhetsr\u00e5dgiver. Det er statssekret\u00e6r Thomas Hornburg ved Statsministerens kontor som trer inn i stillingen.<\/p>\n<p>\n        Statssekret\u00e6r Thomas Boe Hornburg (Ap) utnevnes til nasjonal sikkerhetsr\u00e5dgiver.<br \/>\n        Foto: Javad Parsa \/ NTB\n    <\/p>\n<p class=\"kicker tertiary color_mobile_tertiary\" style=\"\">Innenriks<\/p>\n<p>Den nyopprettede stillingen \u2013 som vi fra f\u00f8r kjenner fra blant annet USAs administrasjon \u2013 begrunnes med dagens sikkerhetspolitiske situasjon.<\/p>\n<p>Stillingen opprettes ogs\u00e5 samme \u00e5r som statsminister Jonas Gahr St\u00f8re (Ap) for f\u00f8rste gang la fram den nasjonale sikkerhetsstrategien.<\/p>\n<p>\u2013 Det er en alvorlig sikkerhetspolitisk situasjon, og regjeringen behandler stadig flere saker knyttet til nasjonal sikkerhet, sier St\u00f8re i en pressemelding.<\/p>\n<p>Ved statsministerens side<\/p>\n<p>Hornburg skal v\u00e6re r\u00e5dgiver til statsministeren i sp\u00f8rsm\u00e5l som ber\u00f8rer nasjonal sikkerhet og oppf\u00f8lgingen av nasjonal sikkerhetsstrategi.<\/p>\n<p>Han fortsetter i jobben som statssekret\u00e6r.<\/p>\n<p>\u2013 Statsministerens kontor (SMK) har en rolle som p\u00e5driver og koordinator for oppf\u00f8lging av nasjonal sikkerhetsstrategi. Det tydeliggj\u00f8res n\u00e5 ved at en av statssekret\u00e6rene ved Statsministerens kontor f\u00e5r ansvar som nasjonal sikkerhetsr\u00e5dgiver, sier St\u00f8re.<\/p>\n<p>Form\u00e5let er \u00e5 styrke oppf\u00f8lgingen av den nasjonale sikkerhetsstrategien som ble lagt fram i mai.<\/p>\n<p>\u2013 Verden er blitt farligere<\/p>\n<p>\u2013 Det er et tegn p\u00e5 at verden er blitt vanskeligere og farligere, skriver Aftenpostens politiske redakt\u00f8r Kjetil B. Alstadheim i en kommentarartikkel etter at nyheten sprakk.<\/p>\n<p>Han skriver at tidligere har en lignende stilling blitt avvist av embetsverket med begrunnelsen at det kan skape uklarhet i hvor sikkerhetsansvaret ligger.<\/p>\n<p>Men if\u00f8lge Alstadheim er ikke Hornburgs nye stilling en dramatisk endring.<\/p>\n<p>\u2013 Hornburg f\u00e5r en tittel som vil bli forst\u00e5tt internasjonalt, skriver Aftenposten-redakt\u00f8ren.<\/p>\n<p>Han viser ogs\u00e5 til at USA og Storbritannia har tilsvarende stillinger i sine regjeringer, og at Sverige opprettet en slik stilling tilbake i 2022 \u2013 \u00e5ret da Russland invaderte Ukraina.<\/p>\n<p>Eks-aviskommentator<\/p>\n<p>If\u00f8lge SMK skal den nasjonale sikkerhetsr\u00e5dgiveren v\u00e6re p\u00e5driver og s\u00f8rge for koordinering av arbeidet mellom departementene.<\/p>\n<p>\u2013 I tillegg skal sikkerhetsr\u00e5dgiveren koordinere SMKs oppf\u00f8lging av nasjonal sikkerhetsstrategi, st\u00e5r det i pressemeldingen.<\/p>\n<p>Hornburg ble ansatt som politisk r\u00e5dgiver for St\u00f8re i 2016. Han hadde da jobbet i Schibsted i 16 \u00e5r, blant annet som kommentator i Aftenposten.<\/p>\n<p>Han har hatt utenrikspolitikk, samfunnssikkerhet og forsvarspolitikk i sin portef\u00f8lje som statssekret\u00e6r ved SMK siden h\u00f8sten 2021.<\/p>\n","protected":false},"excerpt":{"rendered":"For f\u00f8rste gang noensinne f\u00e5r Norge en nasjonal sikkerhetsr\u00e5dgiver. Det er statssekret\u00e6r Thomas Hornburg ved Statsministerens kontor som&hellip;\n","protected":false},"author":2,"featured_media":108520,"comment_status":"","ping_status":"","sticky":false,"template":"","format":"standard","meta":{"footnotes":""},"categories":[5],"tags":[20,21,24,25,15,19,22,23,17,18,13,30,28,29,14,16,26,27],"class_list":{"0":"post-108519","1":"post","2":"type-post","3":"status-publish","4":"format-standard","5":"has-post-thumbnail","7":"category-overskrifter","8":"tag-breaking-news","9":"tag-breakingnews","10":"tag-featured-news","11":"tag-featurednews","12":"tag-headlines","13":"tag-hovedoppslag","14":"tag-latest-news","15":"tag-latestnews","16":"tag-main-news","17":"tag-mainnews","18":"tag-news","19":"tag-no","20":"tag-norge","21":"tag-norway","22":"tag-nyheter","23":"tag-overskrifter","24":"tag-top-stories","25":"tag-topstories"},"share_on_mastodon":{"url":"https:\/\/pubeurope.com\/@no\/115690254138391286","error":""},"_links":{"self":[{"href":"https:\/\/www.europesays.com\/no\/wp-json\/wp\/v2\/posts\/108519","targetHints":{"allow":["GET"]}}],"collection":[{"href":"https:\/\/www.europesays.com\/no\/wp-json\/wp\/v2\/posts"}],"about":[{"href":"https:\/\/www.europesays.com\/no\/wp-json\/wp\/v2\/types\/post"}],"author":[{"embeddable":true,"href":"https:\/\/www.europesays.com\/no\/wp-json\/wp\/v2\/users\/2"}],"replies":[{"embeddable":true,"href":"https:\/\/www.europesays.com\/no\/wp-json\/wp\/v2\/comments?post=108519"}],"version-history":[{"count":0,"href":"https:\/\/www.europesays.com\/no\/wp-json\/wp\/v2\/posts\/108519\/revisions"}],"wp:featuredmedia":[{"embeddable":true,"href":"https:\/\/www.europesays.com\/no\/wp-json\/wp\/v2\/media\/108520"}],"wp:attachment":[{"href":"https:\/\/www.europesays.com\/no\/wp-json\/wp\/v2\/media?parent=108519"}],"wp:term":[{"taxonomy":"category","embeddable":true,"href":"https:\/\/www.europesays.com\/no\/wp-json\/wp\/v2\/categories?post=108519"},{"taxonomy":"post_tag","embeddable":true,"href":"https:\/\/www.europesays.com\/no\/wp-json\/wp\/v2\/tags?post=108519"}],"curies":[{"name":"wp","href":"https:\/\/api.w.org\/{rel}","templated":true}]}}