{"id":108523,"date":"2025-12-09T15:16:55","date_gmt":"2025-12-09T15:16:55","guid":{"rendered":"https:\/\/www.europesays.com\/no\/108523\/"},"modified":"2025-12-09T15:16:55","modified_gmt":"2025-12-09T15:16:55","slug":"amerikanere-er-mer-fornoyd-med-trump","status":"publish","type":"post","link":"https:\/\/www.europesays.com\/no\/108523\/","title":{"rendered":"Amerikanere er mer forn\u00f8yd med Trump"},"content":{"rendered":"<p>Forrige m\u00e5ned var den amerikanske presidenten mer upopul\u00e6r blant sine landsmenn enn han har v\u00e6rt noen gang f\u00f8r i sin andre presidentperiode. Kun 38 prosent var da forn\u00f8yde med jobben han gjorde som president.<\/p>\n<p>I en fersk meningsm\u00e5ling fra Reuters\/Ipsos har imidlertid presidenten klatret opp igjen til 41 prosent. Dette er fortsatt et godt stykke under populariteten hans da han inntok Det hvite hus i januar, da l\u00e5 tallet p\u00e5 47 prosent.<\/p>\n<p>Oppgangen ser ut til \u00e5 ha en sammenheng med \u00f8kt fokus p\u00e5 levekostnader for vanlige amerikanere. 31 prosent sier de er forn\u00f8yde med presidentens jobb p\u00e5 dette omr\u00e5det. Selv om dette er blant sakene Trump scorer lavest p\u00e5 er det allikevel et solid byks opp fra forrige m\u00e5ned, da kun 26 prosent av det amerikanske folket var forn\u00f8yd med innsatsen hans.<\/p>\n<p>Presidenten har ogs\u00e5 blitt mer popul\u00e6r blant sine egne, med 85 prosent forn\u00f8yde republikanere. Dette er opp fra 82 prosent forrige m\u00e5ned. Samtidig er det kun 69 prosent av dem som er forn\u00f8yde med han n\u00e5r det kommer til levekostnader.<\/p>\n<p>Oppslutningen har ogs\u00e5 \u00f8kt noe blant latinamerikanske velgere, fra 32 prosent i november til 34 prosent i desember.<\/p>\n<p>4.434 voksne amerikanere har svart p\u00e5 unders\u00f8kelsen, som var nettbasert. Unders\u00f8kelsen har en feilmargin p\u00e5 +\/- 2 prosentpoeng.<\/p>\n","protected":false},"excerpt":{"rendered":"Forrige m\u00e5ned var den amerikanske presidenten mer upopul\u00e6r blant sine landsmenn enn han har v\u00e6rt noen gang f\u00f8r&hellip;\n","protected":false},"author":2,"featured_media":108524,"comment_status":"","ping_status":"","sticky":false,"template":"","format":"standard","meta":{"footnotes":""},"categories":[12],"tags":[20,21,24,25,15,22,23,13,30,28,29,14,16,26,27,42,43,44,45],"class_list":{"0":"post-108523","1":"post","2":"type-post","3":"status-publish","4":"format-standard","5":"has-post-thumbnail","7":"category-verden","8":"tag-breaking-news","9":"tag-breakingnews","10":"tag-featured-news","11":"tag-featurednews","12":"tag-headlines","13":"tag-latest-news","14":"tag-latestnews","15":"tag-news","16":"tag-no","17":"tag-norge","18":"tag-norway","19":"tag-nyheter","20":"tag-overskrifter","21":"tag-top-stories","22":"tag-topstories","23":"tag-verden","24":"tag-world","25":"tag-world-news","26":"tag-worldnews"},"share_on_mastodon":{"url":"https:\/\/pubeurope.com\/@no\/115690277651030765","error":""},"_links":{"self":[{"href":"https:\/\/www.europesays.com\/no\/wp-json\/wp\/v2\/posts\/108523","targetHints":{"allow":["GET"]}}],"collection":[{"href":"https:\/\/www.europesays.com\/no\/wp-json\/wp\/v2\/posts"}],"about":[{"href":"https:\/\/www.europesays.com\/no\/wp-json\/wp\/v2\/types\/post"}],"author":[{"embeddable":true,"href":"https:\/\/www.europesays.com\/no\/wp-json\/wp\/v2\/users\/2"}],"replies":[{"embeddable":true,"href":"https:\/\/www.europesays.com\/no\/wp-json\/wp\/v2\/comments?post=108523"}],"version-history":[{"count":0,"href":"https:\/\/www.europesays.com\/no\/wp-json\/wp\/v2\/posts\/108523\/revisions"}],"wp:featuredmedia":[{"embeddable":true,"href":"https:\/\/www.europesays.com\/no\/wp-json\/wp\/v2\/media\/108524"}],"wp:attachment":[{"href":"https:\/\/www.europesays.com\/no\/wp-json\/wp\/v2\/media?parent=108523"}],"wp:term":[{"taxonomy":"category","embeddable":true,"href":"https:\/\/www.europesays.com\/no\/wp-json\/wp\/v2\/categories?post=108523"},{"taxonomy":"post_tag","embeddable":true,"href":"https:\/\/www.europesays.com\/no\/wp-json\/wp\/v2\/tags?post=108523"}],"curies":[{"name":"wp","href":"https:\/\/api.w.org\/{rel}","templated":true}]}}