{"id":108525,"date":"2025-12-09T15:18:11","date_gmt":"2025-12-09T15:18:11","guid":{"rendered":"https:\/\/www.europesays.com\/no\/108525\/"},"modified":"2025-12-09T15:18:11","modified_gmt":"2025-12-09T15:18:11","slug":"kan-forhindre-alvorlige-overgrep","status":"publish","type":"post","link":"https:\/\/www.europesays.com\/no\/108525\/","title":{"rendered":"\u2013 Kan forhindre alvorlige overgrep"},"content":{"rendered":"\n<p class=\"_lead_o9xde_2 _lead_xtcu6_50 layout-component text-serif-m layout-normal text-serif-l layout-component layout-wide layout-padded _wide_17hqh_1 layout-padded\">Tirsdag vedtok Stortinget flere lovforslag som skal stanse skadelige utenlandsopphold for barn.<\/p>\n<p><img alt=\" Foto: Lise \u00c5serud \/ NTB\" class=\"_image_qp4xg_65 layout-component layout-wide\" data-fullscreen- data-track-element-type=\"Article image fullscreen\" data-track-name=\"ImageFullscreen\" fetchpriority=\"high\" decoding=\"sync\" loading=\"eager\" height=\"3195\" itemprop=\"image\"  src=\"https:\/\/www.europesays.com\/no\/wp-content\/uploads\/2025\/12\/8518ae08-8e79-499c-9635-8ccc6efd4b03\"  style=\"object-position:0% 0%\" width=\"4792\"\/> Foto: Lise \u00c5serud \/ NTB<\/p>\n<ul aria-hidden=\"true\" class=\"_images_ntbth_112\">\n<li><a class=\"_link_ntbth_117\" href=\"https:\/\/www.vg.no\/forfatter\/mona-grivi-norman\" style=\"z-index:2\" title=\"Mona Grivi Norman\" rel=\"nofollow noopener\" target=\"_blank\"><img alt=\"Bilde av Mona Grivi Norman\" class=\"_image_ntbth_93\" fetchpriority=\"low\" loading=\"lazy\" decoding=\"async\" itemprop=\"image\"  src=\"https:\/\/www.europesays.com\/no\/wp-content\/uploads\/2025\/12\/988392d7-cfdc-4af7-9140-efc0cd7f8aef\"  width=\"480\"\/><\/a><\/li>\n<li><a class=\"_link_ntbth_117\" href=\"https:\/\/www.vg.no\/forfatter\/marie-golimo-kingsroed\" style=\"z-index:1\" title=\"Marie Golimo Kingsr\u00f8d\" rel=\"nofollow noopener\" target=\"_blank\"><img alt=\"Bilde av Marie Golimo Kingsr\u00f8d\" class=\"_image_ntbth_93\" fetchpriority=\"low\" loading=\"lazy\" decoding=\"async\" itemprop=\"image\"  src=\"https:\/\/www.europesays.com\/no\/wp-content\/uploads\/2025\/12\/c290c979-4b92-478c-ac10-9a4150bfe573\"  width=\"480\"\/><\/a><\/li>\n<\/ul>\n<p> Oppdatert tirsdag 9. desember kl. 15:57    <\/p>\n<ul class=\"_list_o9xde_3 _list_64s2r_85 _unordered_o9xde_106 text-sans-m\">\n<li class=\"_item_o9xde_30\">Stortinget vedtok tirsdag flere lovforslag for \u00e5 beskytte barn mot skadelige utenlandsopphold.<\/li>\n<li class=\"_item_o9xde_30\">Lene V\u00e5gslid (Ap) sier at  utreiseforbud kan if\u00f8res uavhengig av hvilken tilknytning barnet har til landet.<\/li>\n<li class=\"_item_o9xde_30\">Frp, H og KrF \u00f8nsket \u00e5 legge inn et eget kriterium om rett til utdanning. Forslaget fikk ikke flertall.<\/li>\n<\/ul>\n<p>Vis mer <\/p>\n<p class=\"_paragraph_o9xde_4 _paragraph_xtcu6_10 layout-component text-serif-m layout-normal text-serif-m layout-padded\">VG har denne h\u00f8sten avsl\u00f8rt at b\u00e5de <a href=\"https:\/\/www.vg.no\/nyheter\/i\/bmA68A\/vg-avsloerer-hver-dag-flytter-et-barn-fra-norge-mens-familien-undersoekes-av-barnevernet\" data-track-element-type=\"Link\" data-track-id=\"link:bmA68A\" class=\"_link_o9xde_39\" rel=\"nofollow noopener\" target=\"_blank\">barnevernet<\/a> og <a href=\"https:\/\/www.vg.no\/nyheter\/i\/wg7lpo\/norske-myndigheter-teller-ikke-hvor-mange-barn-som-slutter-paa-skolen-midt-i-aaret\" data-track-element-type=\"Link\" data-track-id=\"link:wg7lpo\" class=\"_link_o9xde_39\" rel=\"nofollow noopener\" target=\"_blank\">skolene<\/a> mangler oversikt over hvor mange norske barn som forsvinner ut av landet og utsettes for grov omsorgssvikt.<\/p>\n<p class=\"_paragraph_o9xde_4 _paragraph_xtcu6_10 layout-component text-serif-m layout-normal text-serif-m layout-padded\">Historiene til <a href=\"https:\/\/www.vg.no\/spesial\/2025\/robins-historie\/\" class=\"_link_o9xde_39\" rel=\"nofollow noopener\" target=\"_blank\">Robin<\/a> og <a href=\"https:\/\/www.vg.no\/spesial\/2025\/barna-som-forsvant\/\" class=\"_link_o9xde_39\" rel=\"nofollow noopener\" target=\"_blank\">Hege-Kristin<\/a> har vist hvilke konsekvenser det kan f\u00e5 for barn som m\u00e5 leve med grov omsorgssvikt i fremmede land.<\/p>\n<p class=\"_paragraph_o9xde_4 _paragraph_xtcu6_10 layout-component text-serif-m layout-normal text-serif-m layout-padded\">I juni <a href=\"https:\/\/www.vg.no\/nyheter\/i\/Ey3dvP\/regjeringen-vil-endre-loven-for-aa-stanse-skadelige-utenlandsreiser-for-barn\" data-track-element-type=\"Link\" data-track-id=\"link:Ey3dvP\" class=\"_link_o9xde_39\" rel=\"nofollow noopener\" target=\"_blank\">foreslo regjeringen flere lovendringer<\/a> som skal forhindre at barn blir utsatt for skadelige handlinger i utlandet. Dette er to av endringene:<\/p>\n<ul class=\"_list_o9xde_3 _list_xtcu6_9 _unordered_o9xde_106 layout-component text-serif-m layout-normal text-serif-m layout-padded\">\n<li class=\"_item_o9xde_30\">BarnevernsnemndaBarnevernsnemndaEt forvaltningsorgan som tar avgj\u00f8relser i saker som gjelder barnevern, som for eksempel \u00e5 bestemme om et barn skal f\u00e5 utreiseforbud. kan vedta utreiseforbudutreiseforbudUtreiseforbud er en lovbestemmelse som kan hindre personer, spesielt barn, fra \u00e5 forlate landet hvis det er fare for at de kan bli utsatt for skadelige situasjoner i utlandet. fra Norge, dersom det er en n\u00e6rliggende fare for at barnet vil bli utsatt for mishandling, alvorlig fare for liv eller helse eller annen alvorlig omsorgssvikt.<\/li>\n<li class=\"_item_o9xde_30\">Barnevernleder og politi kan ogs\u00e5 innf\u00f8re akuttvedtak om utreiseforbud dersom faren er umiddelbar.<\/li>\n<\/ul>\n<p class=\"_paragraph_o9xde_4 _paragraph_xtcu6_10 layout-component text-serif-m layout-normal text-serif-m layout-padded\">M\u00e5let er \u00e5 redusere risikoen for at mindre\u00e5rige utsettes for vold, omsorgssvikt, frihetsber\u00f8velse, \u00e6resmotivert vold, tvangsekteskaptvangsekteskapn\u00e5r en person blir presset eller tvunget til \u00e5 gifte seg mot sin vilje. og kj\u00f8nnslemlestelsekj\u00f8nnslemlestelseEn skadelig praksis der deler av kj\u00f8nnsorganene til jenter og kvinner blir fjernet eller skadet uten medisinsk grunn..<\/p>\n<p class=\"_paragraph_o9xde_4 _paragraph_xtcu6_10 layout-component text-serif-m layout-normal text-serif-m layout-padded\">\u2013 Arbeidet mot negativ sosial kontroll og \u00e6resrelatert vold er en av v\u00e5r tids store frihetskamper, sier arbeids- og inkluderingsminister Kjersti Stenseng (Ap) n\u00e5r saken behandles.<\/p>\n<p class=\"_paragraph_o9xde_4 _paragraph_xtcu6_10 layout-component text-serif-m layout-normal text-serif-m layout-padded\">\u2013 Dette er konkrete tiltak som gir barnevernet og politiet mulighet til \u00e5 gripe inn f\u00f8r skaden skjer, sier hun.<\/p>\n<p class=\"_paragraph_o9xde_4 _paragraph_xtcu6_10 layout-component text-serif-m layout-normal text-serif-m layout-padded\"><strong class=\"_strong_o9xde_25\">Tirsdag ettermiddag ble loven vedtatt med st\u00f8tte fra et enstemmig storting. <\/strong><\/p>\n<p>\u2013 Gjelder uavhengig av land<\/p>\n<p class=\"_paragraph_o9xde_4 _paragraph_xtcu6_10 layout-component text-serif-m layout-normal text-serif-m layout-padded\">Etter VGs saker om barn som flyttes utenlands n\u00e5r familien r\u00f8mmer fra barnevernets unders\u00f8kelser, har barne- og familieminister <a href=\"https:\/\/www.vg.no\/nyheter\/i\/Ey3dvP\/regjeringen-vil-endre-loven-for-aa-stanse-skadelige-utenlandsreiser-for-barn\" data-track-element-type=\"Link\" data-track-id=\"link:Ey3dvP\" class=\"_link_o9xde_39\" rel=\"nofollow noopener\" target=\"_blank\">Lene V\u00e5gslid (Ap) understreket at disse barna ogs\u00e5 kan omfattes<\/a> av utreiseforbudet.<\/p>\n<p class=\"_paragraph_o9xde_4 _paragraph_xtcu6_10 layout-component text-serif-m layout-normal text-serif-m layout-padded\">\u2013 Utreiseforbud gjelder ogs\u00e5 familier som reiser til land de ikke har tilknytning til, s\u00e5 lenge oppholdet kan v\u00e6re skadelig for barnet, sier V\u00e5gslid til VG.<\/p>\n<p><img decoding=\"async\" alt=\"Bilde av Lene V\u00e5gslid (Ap)\" class=\"_image_ygndg_42\" height=\"27\" itemprop=\"image\" loading=\"lazy\"  src=\"https:\/\/www.europesays.com\/no\/wp-content\/uploads\/2025\/12\/a367607a-2224-4baf-88ac-6cf8ba27c11a\"  width=\"40\"\/><strong class=\"_name_ygndg_51 title-serif-xs\">Lene V\u00e5gslid (Ap)<\/strong><\/p>\n<p class=\"_paragraph_o9xde_4 text-sans-m _description_ygndg_56\">Barne- og familieminister<\/p>\n<p class=\"_paragraph_o9xde_4 _paragraph_xtcu6_10 layout-component text-serif-m layout-normal text-serif-m layout-padded\">\u2013 Det avgj\u00f8rende er \u00e5 ta stilling til om det konkrete utenlandsoppholdet vil v\u00e6re skadelig for barnet, ikke hvilket land det gjelder.<\/p>\n<p>Savnet skole-krav<\/p>\n<p class=\"_paragraph_o9xde_4 _paragraph_xtcu6_10 layout-component text-serif-m layout-normal text-serif-m layout-padded\">Politikere fra flere partier har kritisert regjeringen for at <a href=\"https:\/\/www.vg.no\/nyheter\/i\/8q3aa1\/hoeyre-ut-mot-barneministeren-helt-uforstaaelig\" data-track-element-type=\"Link\" data-track-id=\"link:8q3aa1\" class=\"_link_o9xde_39\" rel=\"nofollow noopener\" target=\"_blank\">det \u00e5 bli fratatt retten til grunnleggende utdanning<\/a> ikke er et eget kriterium for \u00e5 kunne ilegge utreiseforbud.<\/p>\n<p class=\"_paragraph_o9xde_4 _paragraph_xtcu6_10 layout-component text-serif-m layout-normal text-serif-m layout-padded\">V\u00e5gslid har svart at det \u00e5 nekte et barn \u00e5 g\u00e5 p\u00e5 skole eller \u00e5 sende barn p\u00e5 skoler som utsetter dem for vold eller overgrep, \u00e5penbart vil kunne v\u00e6re \u00abalvorlig omsorgssvikt\u00bb \u2013 og derfor kan rammes av utreiseforbudet slik det er foresl\u00e5tt.<\/p>\n<p class=\"_paragraph_o9xde_4 _paragraph_xtcu6_10 layout-component text-serif-m layout-normal text-serif-m layout-padded\"><strong class=\"_strong_o9xde_25\">V\u00e5gslid lover at dette skal komme tydelig fram i veilederen til barneverntjenestene om den nye loven.<\/strong><\/p>\n<p><img alt=\"Hege-Kristin Hammer fortalte i oktober hvordan hun ble tatt med til Gran Canaria som ni\u00e5ring og ikke fikk g\u00e5 p\u00e5 skole.  Foto: Annemor Larsen \/ VG\" class=\"_image_qp4xg_65 layout-component layout-normal\" data-fullscreen- data-track-element-type=\"Article image fullscreen\" data-track-name=\"ImageFullscreen\" decoding=\"async\" loading=\"lazy\" height=\"5464\" itemprop=\"image\"  src=\"https:\/\/www.europesays.com\/no\/wp-content\/uploads\/2025\/12\/b540b76d-5ee3-4be9-b2c4-0c90aaea9be9\"  style=\"object-position:0% 0%\" width=\"8192\"\/>Hege-Kristin Hammer fortalte i oktober hvordan hun ble tatt med til Gran Canaria som ni\u00e5ring og ikke fikk g\u00e5 p\u00e5 skole.  Foto: Annemor Larsen \/ VGStemte over skole-tillegg<\/p>\n<p class=\"_paragraph_o9xde_4 _paragraph_xtcu6_10 layout-component text-serif-m layout-normal text-serif-m layout-padded\">Et flertall i justiskomiteenjustiskomiteenJustiskomiteen er en gruppe i Stortinget som jobber med saker knyttet til lover og rettssystemet i Norge. ved Fremskrittspartiet, H\u00f8yre og Kristelig Folkeparti valgte \u00e5 legge inn et tilleggsforslag som ogs\u00e5 ble stemt over i Stortinget tirsdag:<\/p>\n<p class=\"_paragraph_o9xde_4 _paragraph_xtcu6_10 layout-component text-serif-m layout-normal text-serif-m layout-padded\">\u00abStortinget ber regjeringen fremme forslag om at barns rett til utdanning blir et av kriteriene som m\u00e5 dokumenteres, i barnevernslovens bestemmelse om utreiseforbudutreiseforbudUtreiseforbud er en lovbestemmelse som kan hindre personer, spesielt barn, fra \u00e5 forlate landet hvis det er fare for at de kan bli utsatt for skadelige situasjoner i utlandet..\u00bb<\/p>\n<p class=\"_paragraph_o9xde_4 _paragraph_xtcu6_10 layout-component text-serif-m layout-normal text-serif-m layout-padded\">De krevde her at foreldre som tar med barna utenlands, m\u00e5 dokumentere at barna vil f\u00e5 skolegang. <\/p>\n<p class=\"_paragraph_o9xde_4 _paragraph_xtcu6_10 layout-component text-serif-m layout-normal text-serif-m layout-padded\">Frp, H\u00f8yre, KrF og Venstre stemte for tillegget, men dette forslaget ble nedstemt.<\/p>\n","protected":false},"excerpt":{"rendered":"Tirsdag vedtok Stortinget flere lovforslag som skal stanse skadelige utenlandsopphold for barn. Foto: Lise \u00c5serud \/ NTB Oppdatert&hellip;\n","protected":false},"author":2,"featured_media":108526,"comment_status":"","ping_status":"","sticky":false,"template":"","format":"standard","meta":{"footnotes":""},"categories":[10],"tags":[4071,3540,20,21,24,25,15,22,23,7261,13,30,28,29,14,16,333,26,27],"class_list":{"0":"post-108525","1":"post","2":"type-post","3":"status-publish","4":"format-standard","5":"has-post-thumbnail","7":"category-norge","8":"tag-barna-som-forsvant","9":"tag-barnevern","10":"tag-breaking-news","11":"tag-breakingnews","12":"tag-featured-news","13":"tag-featurednews","14":"tag-headlines","15":"tag-latest-news","16":"tag-latestnews","17":"tag-lene-vagslid","18":"tag-news","19":"tag-no","20":"tag-norge","21":"tag-norway","22":"tag-nyheter","23":"tag-overskrifter","24":"tag-stortinget","25":"tag-top-stories","26":"tag-topstories"},"share_on_mastodon":{"url":"https:\/\/pubeurope.com\/@no\/115690282235519852","error":""},"_links":{"self":[{"href":"https:\/\/www.europesays.com\/no\/wp-json\/wp\/v2\/posts\/108525","targetHints":{"allow":["GET"]}}],"collection":[{"href":"https:\/\/www.europesays.com\/no\/wp-json\/wp\/v2\/posts"}],"about":[{"href":"https:\/\/www.europesays.com\/no\/wp-json\/wp\/v2\/types\/post"}],"author":[{"embeddable":true,"href":"https:\/\/www.europesays.com\/no\/wp-json\/wp\/v2\/users\/2"}],"replies":[{"embeddable":true,"href":"https:\/\/www.europesays.com\/no\/wp-json\/wp\/v2\/comments?post=108525"}],"version-history":[{"count":0,"href":"https:\/\/www.europesays.com\/no\/wp-json\/wp\/v2\/posts\/108525\/revisions"}],"wp:featuredmedia":[{"embeddable":true,"href":"https:\/\/www.europesays.com\/no\/wp-json\/wp\/v2\/media\/108526"}],"wp:attachment":[{"href":"https:\/\/www.europesays.com\/no\/wp-json\/wp\/v2\/media?parent=108525"}],"wp:term":[{"taxonomy":"category","embeddable":true,"href":"https:\/\/www.europesays.com\/no\/wp-json\/wp\/v2\/categories?post=108525"},{"taxonomy":"post_tag","embeddable":true,"href":"https:\/\/www.europesays.com\/no\/wp-json\/wp\/v2\/tags?post=108525"}],"curies":[{"name":"wp","href":"https:\/\/api.w.org\/{rel}","templated":true}]}}