{"id":108531,"date":"2025-12-09T15:27:08","date_gmt":"2025-12-09T15:27:08","guid":{"rendered":"https:\/\/www.europesays.com\/no\/108531\/"},"modified":"2025-12-09T15:27:08","modified_gmt":"2025-12-09T15:27:08","slug":"mat-og-drikke-helse-trekkes-tilbake-kan-medfore-helsefare","status":"publish","type":"post","link":"https:\/\/www.europesays.com\/no\/108531\/","title":{"rendered":"Mat og drikke, Helse | Trekkes tilbake: Kan medf\u00f8re helsefare"},"content":{"rendered":"\n<p>Coop tilbakekaller X-tra italiensk salat p\u00e5 400 gram. Har du en italiensk salat av denne typen med best f\u00f8r dato 26.12.2025 b\u00f8r du la v\u00e6re spise den.<\/p>\n<p>\u2013 \u00c5rsaken til tilbakekallelsen er at det er funnet metallbiter i produktet, opplyser Coop i en pressemelding.<\/p>\n<p>Fremmedlegemer, som metallbiter, kan medf\u00f8re helsefare for de som spiser den.<\/p>\n<p>\u2013 Kundene skal v\u00e6re trygge p\u00e5 produktene de kj\u00f8per i Coop-butikkene. Derfor kalles produktet tilbake, opplyser Coop.<\/p>\n<p>P\u00e5legget er solgt i butikker over hele Norge. Coop har selv fjernet varen fra butikkhyllene, men kundene b\u00f8r sjekke kj\u00f8leskapene sine.<\/p>\n<p>\u2013 Coop oppfordrer forbrukere om \u00e5 kaste produktet, eller levere det tilbake til butikk for \u00e5 f\u00e5 pengene tilbake, opplyser de i en pressemelding. <\/p>\n","protected":false},"excerpt":{"rendered":"Coop tilbakekaller X-tra italiensk salat p\u00e5 400 gram. Har du en italiensk salat av denne typen med best&hellip;\n","protected":false},"author":2,"featured_media":108532,"comment_status":"","ping_status":"","sticky":false,"template":"","format":"standard","meta":{"footnotes":""},"categories":[10],"tags":[36,20,21,24,25,823,15,736,22,23,2036,13,30,28,29,14,16,1510,26,27],"class_list":{"0":"post-108531","1":"post","2":"type-post","3":"status-publish","4":"format-standard","5":"has-post-thumbnail","7":"category-norge","8":"tag-art","9":"tag-breaking-news","10":"tag-breakingnews","11":"tag-featured-news","12":"tag-featurednews","13":"tag-forbruker","14":"tag-headlines","15":"tag-helse","16":"tag-latest-news","17":"tag-latestnews","18":"tag-mat-og-drikke","19":"tag-news","20":"tag-no","21":"tag-norge","22":"tag-norway","23":"tag-nyheter","24":"tag-overskrifter","25":"tag-story","26":"tag-top-stories","27":"tag-topstories"},"share_on_mastodon":{"url":"https:\/\/pubeurope.com\/@no\/115690316984099848","error":""},"_links":{"self":[{"href":"https:\/\/www.europesays.com\/no\/wp-json\/wp\/v2\/posts\/108531","targetHints":{"allow":["GET"]}}],"collection":[{"href":"https:\/\/www.europesays.com\/no\/wp-json\/wp\/v2\/posts"}],"about":[{"href":"https:\/\/www.europesays.com\/no\/wp-json\/wp\/v2\/types\/post"}],"author":[{"embeddable":true,"href":"https:\/\/www.europesays.com\/no\/wp-json\/wp\/v2\/users\/2"}],"replies":[{"embeddable":true,"href":"https:\/\/www.europesays.com\/no\/wp-json\/wp\/v2\/comments?post=108531"}],"version-history":[{"count":0,"href":"https:\/\/www.europesays.com\/no\/wp-json\/wp\/v2\/posts\/108531\/revisions"}],"wp:featuredmedia":[{"embeddable":true,"href":"https:\/\/www.europesays.com\/no\/wp-json\/wp\/v2\/media\/108532"}],"wp:attachment":[{"href":"https:\/\/www.europesays.com\/no\/wp-json\/wp\/v2\/media?parent=108531"}],"wp:term":[{"taxonomy":"category","embeddable":true,"href":"https:\/\/www.europesays.com\/no\/wp-json\/wp\/v2\/categories?post=108531"},{"taxonomy":"post_tag","embeddable":true,"href":"https:\/\/www.europesays.com\/no\/wp-json\/wp\/v2\/tags?post=108531"}],"curies":[{"name":"wp","href":"https:\/\/api.w.org\/{rel}","templated":true}]}}