{"id":108537,"date":"2025-12-09T15:40:12","date_gmt":"2025-12-09T15:40:12","guid":{"rendered":"https:\/\/www.europesays.com\/no\/108537\/"},"modified":"2025-12-09T15:40:12","modified_gmt":"2025-12-09T15:40:12","slug":"prinsesse-sofia-motte-jeffrey-epstein-flere-ganger-bekrefter-kongehuset","status":"publish","type":"post","link":"https:\/\/www.europesays.com\/no\/108537\/","title":{"rendered":"Prinsesse Sofia m\u00f8tte Jeffrey Epstein flere ganger, bekrefter kongehuset"},"content":{"rendered":"<p class=\"kicker \" style=\"\">Prinsesse Sofia:<\/p>\n<p>  Prinsesse Sofia har truffet Jeffrey Epstein flere ganger. Det bekrefter det svenske kongehuset.<\/p>\n<p>\n    M\u00d8TTE EPSTEIN: Prinsesse Sofia har hatt flere m\u00f8ter med overgrepsd\u00f8mte Jeffrey Epstein. Her med ektemannen prins Carl Philip. Foto: Jessica Gow \/ TT \/ NTB\n  <\/p>\n<p>Svenske prinsesse Sofia (41), som er gift med prins Carl Philip (46), har truffet overgrepsd\u00f8mte Jeffrey Epstein opptil flere ganger. Det bekrefter det svenske kongehuset overfor <a href=\"https:\/\/www.dn.se\/sverige\/prinsessan-sofia-traffade-epstein-flera-ganger\/\" rel=\"nofollow noopener\" target=\"_blank\">Dagens Nyheter<\/a>.<\/p>\n<p class=\"font-weight-bold m-font-weight-bold\" data-lab-font_weight=\"font-weight-bold\">\u00abPrinsesse Sofia har blitt presentert for vedkommende ved et f\u00e5tall anledninger rundt \u00e5r 2005\u00bb, skriver deres informasjonsavdeling i en e-post til DN.<\/p>\n<p>    <a itemprop=\"url\" href=\"https:\/\/www.dagbladet.no\/kjendis\/det-er-moro-a-se\/83957655\" rel=\"nofollow noopener\" target=\"_blank\"><\/p>\n<p>        <img loading=\"lazy\" decoding=\"async\" src=\"https:\/\/www.europesays.com\/no\/wp-content\/uploads\/2025\/12\/1765294811_755_83958905.webp\" width=\"980\" height=\"441\" title=\"- Det er moro \u00e5 se\" alt=\"\" class=\"lazyload\" style=\"--aspect-ratio-image: 2.22; \"\/><\/p>\n<p>        &#8211; Det er moro \u00e5 se<\/p>\n<p>    <\/a><\/p>\n<p>Sofia giftet seg med prins Carl Philip i 2015.<\/p>\n<p>Avisa har f\u00e5tt tilgang til e-poster som viser kontakten mellom den svenske prinsessen og den amerikanske milliard\u00e6ren.<\/p>\n<p>        DUKKET OPP: Mandag kveld er kronprinsesse Mette-Marit (52) tilbake p\u00e5 jobb, og til stede hos Kulturkirken Jakob i Oslo. Her arrangerer NRK-podkasten \u00abLeseklubben\u00bb h\u00f8ytlesing av boka \u00abStargate\u00bb &#8211; en julefortelling. Reporter\/video: Brage Hegg\u00f8y<\/p>\n<p>I en e-post til Epstein skriver finanskvinnen Barbro Ehnbom, som satte milliard\u00e6ren i kontakt med unge svenske kvinner:<\/p>\n<p>\u00abDette er Sofia, aspirerende skuespillerinne som nettopp ankom New York. Det er jenta jeg fortalte om f\u00f8r jeg dro, som jeg tenkte at du kanskje ville m\u00f8te. Kanskje vi kan bes\u00f8ke f\u00f8r du drar p\u00e5 juleferie?\u00bb.<\/p>\n<p>        TRUMP-VITS: Da prins Harry gjestet \u00abThe Late Show with Stephen Colbert\u00ab fikk en vits publikummet til \u00e5 bue. Video: The Late Show With Stephen Colbert \/ Danny Son To \/ R\u00f8d L\u00f8per<\/p>\n<p>Milliard\u00e6ren svarer raskt p\u00e5 henvendelsen:<\/p>\n<p class=\"font-weight-bold m-font-weight-bold\" data-lab-font_weight=\"font-weight-bold\">\u00abJeg er i Karibia. Vil hun komme i et par dager? Jeg sender en billett\u00bb.<\/p>\n<p>Noen m\u00e5neder seinere f\u00e5r Ehnbom en e-post fra Epsteins assistens, som lurer p\u00e5 hva st\u00e5a var. Ehnbom svarte da at Epstein tilb\u00f8d b\u00e5de Sofia og venninna Camilla plass p\u00e5 en skuespillerutdanning.<\/p>\n<p>    <a itemprop=\"url\" href=\"https:\/\/www.dagbladet.no\/kjendis\/trenger-det-i-den-toffe-perioden\/83954241\" rel=\"nofollow noopener\" target=\"_blank\"><\/p>\n<p>        <img loading=\"lazy\" decoding=\"async\" src=\"https:\/\/www.europesays.com\/no\/wp-content\/uploads\/2025\/12\/1765294812_849_83954278.webp\" width=\"980\" height=\"441\" title=\"- Trenger det i den t\u00f8ffe perioden\" alt=\"\" class=\"lazyload\" style=\"--aspect-ratio-image: 2.22; \"\/><\/p>\n<p>        &#8211; Trenger det i den t\u00f8ffe perioden<\/p>\n<p>    <\/a><\/p>\n<p>Venninna Camilla bekrefter overfor DN at de m\u00f8tte Epstein p\u00e5 et kontor i New York.<\/p>\n<p>&#8211; Takk Gud for at sannheten kom fram. Jeg var 22 \u00e5r gammel. Det er veldig ubehagelig \u00e5 tenke p\u00e5 hva som kunne ha skjedd, sier hun.<\/p>\n<p>If\u00f8lge hoffet reiste ikke prinsessen til Epsteins private \u00f8y i Karibia, hvor han er mistenkt for \u00e5 ha beg\u00e5tt en rekke seksuelle overgrep.<\/p>\n<p class=\"font-weight-bold m-font-weight-bold\" data-lab-font_weight=\"font-weight-bold\">&#8211; Prinsessen har ikke hatt noen kontakt med vedkommende p\u00e5 20 \u00e5r, opplyser hoffet.<\/p>\n<p>Ehnbom var Sofia Hellqvists mentor under tida i New York, og var gjest i bryllupet med prins Carl Philip i 2015.<\/p>\n<p>Jeffrey Epstein ble i 2008 d\u00f8mt for \u00e5 ha kj\u00f8pt sex av mindre\u00e5rige. Han d\u00f8de i fengsel i 2019 mens han ventet p\u00e5 rettssak for menneskehandel og seksuelle overgrep.<\/p>\n","protected":false},"excerpt":{"rendered":"Prinsesse Sofia: Prinsesse Sofia har truffet Jeffrey Epstein flere ganger. Det bekrefter det svenske kongehuset. M\u00d8TTE EPSTEIN: Prinsesse&hellip;\n","protected":false},"author":2,"featured_media":108538,"comment_status":"","ping_status":"","sticky":false,"template":"","format":"standard","meta":{"footnotes":""},"categories":[12],"tags":[20,21,5036,24,25,15,1649,479,76,22,23,13,30,28,29,14,16,7073,4247,26,27,42,43,44,45],"class_list":{"0":"post-108537","1":"post","2":"type-post","3":"status-publish","4":"format-standard","5":"has-post-thumbnail","7":"category-verden","8":"tag-breaking-news","9":"tag-breakingnews","10":"tag-det-svenske-kongehuset","11":"tag-featured-news","12":"tag-featurednews","13":"tag-headlines","14":"tag-jeffrey-epstein","15":"tag-kjendis","16":"tag-kongelig","17":"tag-latest-news","18":"tag-latestnews","19":"tag-news","20":"tag-no","21":"tag-norge","22":"tag-norway","23":"tag-nyheter","24":"tag-overskrifter","25":"tag-prins-carl-philip","26":"tag-prinsesse-sofia","27":"tag-top-stories","28":"tag-topstories","29":"tag-verden","30":"tag-world","31":"tag-world-news","32":"tag-worldnews"},"share_on_mastodon":{"url":"https:\/\/pubeurope.com\/@no\/115690368284077724","error":""},"_links":{"self":[{"href":"https:\/\/www.europesays.com\/no\/wp-json\/wp\/v2\/posts\/108537","targetHints":{"allow":["GET"]}}],"collection":[{"href":"https:\/\/www.europesays.com\/no\/wp-json\/wp\/v2\/posts"}],"about":[{"href":"https:\/\/www.europesays.com\/no\/wp-json\/wp\/v2\/types\/post"}],"author":[{"embeddable":true,"href":"https:\/\/www.europesays.com\/no\/wp-json\/wp\/v2\/users\/2"}],"replies":[{"embeddable":true,"href":"https:\/\/www.europesays.com\/no\/wp-json\/wp\/v2\/comments?post=108537"}],"version-history":[{"count":0,"href":"https:\/\/www.europesays.com\/no\/wp-json\/wp\/v2\/posts\/108537\/revisions"}],"wp:featuredmedia":[{"embeddable":true,"href":"https:\/\/www.europesays.com\/no\/wp-json\/wp\/v2\/media\/108538"}],"wp:attachment":[{"href":"https:\/\/www.europesays.com\/no\/wp-json\/wp\/v2\/media?parent=108537"}],"wp:term":[{"taxonomy":"category","embeddable":true,"href":"https:\/\/www.europesays.com\/no\/wp-json\/wp\/v2\/categories?post=108537"},{"taxonomy":"post_tag","embeddable":true,"href":"https:\/\/www.europesays.com\/no\/wp-json\/wp\/v2\/tags?post=108537"}],"curies":[{"name":"wp","href":"https:\/\/api.w.org\/{rel}","templated":true}]}}