{"id":108543,"date":"2025-12-09T15:50:11","date_gmt":"2025-12-09T15:50:11","guid":{"rendered":"https:\/\/www.europesays.com\/no\/108543\/"},"modified":"2025-12-09T15:50:11","modified_gmt":"2025-12-09T15:50:11","slug":"foderal-dommer-godkjenner-frigivelse-av-hemmelig-etterforskningsmateriell","status":"publish","type":"post","link":"https:\/\/www.europesays.com\/no\/108543\/","title":{"rendered":"F\u00f8deral dommer godkjenner frigivelse av hemmelig etterforskningsmateriell"},"content":{"rendered":"\n<p class=\"_lead_o9xde_2 _lead_xtcu6_50 layout-component text-serif-m layout-normal text-serif-l layout-component layout-wide layout-padded _wide_17hqh_1 layout-padded\">Dokumentene vil bli gjort offentlig tilgjengelig.<\/p>\n<p><img alt=\" Foto: Davidoff Studios Photography \/ Getty Images\" class=\"_image_qp4xg_65 layout-component layout-wide\" data-fullscreen- data-track-element-type=\"Article image fullscreen\" data-track-name=\"ImageFullscreen\" fetchpriority=\"high\" decoding=\"sync\" loading=\"eager\" height=\"5923\" itemprop=\"image\"  src=\"https:\/\/www.europesays.com\/no\/wp-content\/uploads\/2025\/12\/4fcc19de-d878-4c84-9f20-cbd97fba1bea\"  style=\"object-position:0% 0%\" width=\"8441\"\/> Foto: Davidoff Studios Photography \/ Getty Images<\/p>\n<ul aria-hidden=\"true\" class=\"_images_ntbth_112\">\n<li><a class=\"_link_ntbth_117\" href=\"https:\/\/www.vg.no\/forfatter\/bernhard-moe-nyquist\" style=\"z-index:2\" title=\"Bernhard Moe Nyquist\" rel=\"nofollow noopener\" target=\"_blank\"><img alt=\"Bilde av Bernhard Moe Nyquist\" class=\"_image_ntbth_93\" fetchpriority=\"low\" loading=\"lazy\" decoding=\"async\" itemprop=\"image\"  src=\"https:\/\/www.europesays.com\/no\/wp-content\/uploads\/2025\/12\/6365e445-83dd-4973-9da1-29fb6ae8c22d\"  width=\"480\"\/><\/a><\/li>\n<li><a class=\"_link_ntbth_117\" href=\"https:\/\/www.vg.no\/forfatter\/ntb\" style=\"z-index:1\" title=\"NTB\" rel=\"nofollow noopener\" target=\"_blank\"><img alt=\"Bilde av NTB\" class=\"_image_ntbth_93\" fetchpriority=\"low\" loading=\"lazy\" decoding=\"async\" itemprop=\"image\"  src=\"https:\/\/www.europesays.com\/no\/wp-content\/uploads\/2025\/12\/1765295411_495_c33980b0-5d07-4027-84a1-813f90a7c8d6\"  width=\"480\"\/><\/a><\/li>\n<\/ul>\n<p> Oppdatert tirsdag 9. desember kl. 16:36     <\/p>\n<p class=\"_paragraph_o9xde_4 _paragraph_xtcu6_10 layout-component text-serif-m layout-normal text-serif-m layout-padded\">En f\u00f8deral dommer har godkjent at amerikanske justismyndigheter kan frigi hemmelig etterforskningsmateriell fra rettssaken mot Ghislaine Maxwell, melder\u00a0<a href=\"https:\/\/www.foxnews.com\/politics\/federal-judge-approves-releasing-ghislaine-maxwell-case-grand-jury-material\" class=\"_link_o9xde_39\" rel=\"nofollow noopener\" target=\"_blank\">Fox News<\/a>.<\/p>\n<p class=\"_paragraph_o9xde_4 _paragraph_xtcu6_10 layout-component text-serif-m layout-normal text-serif-m layout-padded\">Dommer Paul Engelmayer har innvilget justisdepartementets anmodning om \u00e5 offentliggj\u00f8re transkripsjonene og bevisene fra storjuryens behandling av Maxwell-saken.<\/p>\n<p class=\"_paragraph_o9xde_4 _paragraph_xtcu6_10 layout-component text-serif-m layout-normal text-serif-m layout-padded\"><strong class=\"_strong_o9xde_25\">Frigivelsen skjer med \u00abenkelte redigeringer\u00bb.<\/strong><\/p>\n<p class=\"_paragraph_o9xde_4 _paragraph_xtcu6_10 layout-component text-serif-m layout-normal text-serif-m layout-padded\">Avgj\u00f8relsen kommer bare dager f\u00f8r dokumentene uansett skulle blitt offentliggjort.<\/p>\n<p class=\"_paragraph_o9xde_4 _paragraph_xtcu6_10 layout-component text-serif-m layout-normal text-serif-m layout-padded\">I forrige uke konkluderte en annen dommer i Florida med at departementet kan offentliggj\u00f8re avskrifter fra en f\u00f8deral storjuryetterforskning av Epstein p\u00e5 2000-tallet.<\/p>\n<p class=\"_paragraph_o9xde_4 _paragraph_xtcu6_10 layout-component text-serif-m layout-normal text-serif-m layout-padded\">Dommeren viser til \u00abEpstein Files Transparency Act\u00bb som grunnlag for beslutningen.<\/p>\n<p class=\"_paragraph_o9xde_4 _paragraph_xtcu6_10 layout-component text-serif-m layout-normal text-serif-m layout-padded\">En anmodning om \u00e5 kunne publisere dokumenter fra sexhandelssaken mot Epstein i 2019, er fortsatt til behandling.<\/p>\n<p class=\"_paragraph_o9xde_4 _paragraph_xtcu6_10 layout-component text-serif-m layout-normal text-serif-m layout-padded\">Tre dommere, to i New York og en i Florida, har tidligere avvist den uvanlige anmodningen fra justisdepartementet om \u00e5 f\u00e5 lov til \u00e5 publisere avskrifter fra en storjurybehandling.<\/p>\n<p class=\"_paragraph_o9xde_4 _paragraph_xtcu6_10 layout-component text-serif-m layout-normal text-serif-m layout-padded\">Epstein ble p\u00e5grepet i juli 2019 og ble funnet d\u00f8d i fenselscellen en m\u00e5ned senere.<\/p>\n<p class=\"_paragraph_o9xde_4 _paragraph_xtcu6_10 layout-component text-serif-m layout-normal text-serif-m layout-padded\">Maxwell soner en dom p\u00e5 20 \u00e5r etter \u00e5 ha blitt d\u00f8mt for sexhandel i desember 2021.<\/p>\n","protected":false},"excerpt":{"rendered":"Dokumentene vil bli gjort offentlig tilgjengelig. Foto: Davidoff Studios Photography \/ Getty Images Oppdatert tirsdag 9. desember kl.&hellip;\n","protected":false},"author":2,"featured_media":108544,"comment_status":"","ping_status":"","sticky":false,"template":"","format":"standard","meta":{"footnotes":""},"categories":[12],"tags":[31,20,21,24,25,15,22,23,13,30,28,29,14,16,26,27,42,43,44,45],"class_list":{"0":"post-108543","1":"post","2":"type-post","3":"status-publish","4":"format-standard","5":"has-post-thumbnail","7":"category-verden","8":"tag-breaking","9":"tag-breaking-news","10":"tag-breakingnews","11":"tag-featured-news","12":"tag-featurednews","13":"tag-headlines","14":"tag-latest-news","15":"tag-latestnews","16":"tag-news","17":"tag-no","18":"tag-norge","19":"tag-norway","20":"tag-nyheter","21":"tag-overskrifter","22":"tag-top-stories","23":"tag-topstories","24":"tag-verden","25":"tag-world","26":"tag-world-news","27":"tag-worldnews"},"share_on_mastodon":{"url":"https:\/\/pubeurope.com\/@no\/115690407756640557","error":""},"_links":{"self":[{"href":"https:\/\/www.europesays.com\/no\/wp-json\/wp\/v2\/posts\/108543","targetHints":{"allow":["GET"]}}],"collection":[{"href":"https:\/\/www.europesays.com\/no\/wp-json\/wp\/v2\/posts"}],"about":[{"href":"https:\/\/www.europesays.com\/no\/wp-json\/wp\/v2\/types\/post"}],"author":[{"embeddable":true,"href":"https:\/\/www.europesays.com\/no\/wp-json\/wp\/v2\/users\/2"}],"replies":[{"embeddable":true,"href":"https:\/\/www.europesays.com\/no\/wp-json\/wp\/v2\/comments?post=108543"}],"version-history":[{"count":0,"href":"https:\/\/www.europesays.com\/no\/wp-json\/wp\/v2\/posts\/108543\/revisions"}],"wp:featuredmedia":[{"embeddable":true,"href":"https:\/\/www.europesays.com\/no\/wp-json\/wp\/v2\/media\/108544"}],"wp:attachment":[{"href":"https:\/\/www.europesays.com\/no\/wp-json\/wp\/v2\/media?parent=108543"}],"wp:term":[{"taxonomy":"category","embeddable":true,"href":"https:\/\/www.europesays.com\/no\/wp-json\/wp\/v2\/categories?post=108543"},{"taxonomy":"post_tag","embeddable":true,"href":"https:\/\/www.europesays.com\/no\/wp-json\/wp\/v2\/tags?post=108543"}],"curies":[{"name":"wp","href":"https:\/\/api.w.org\/{rel}","templated":true}]}}