{"id":10855,"date":"2025-08-17T21:38:09","date_gmt":"2025-08-17T21:38:09","guid":{"rendered":"https:\/\/www.europesays.com\/no\/10855\/"},"modified":"2025-08-17T21:38:09","modified_gmt":"2025-08-17T21:38:09","slug":"solskjaer-i-overtidsdrama","status":"publish","type":"post","link":"https:\/\/www.europesays.com\/no\/10855\/","title":{"rendered":"Solskj\u00e6r i overtidsdrama"},"content":{"rendered":"\n<p class=\"_lead_1bvmi_2 _lead_xtcu6_50 layout-component text-serif-m layout-normal text-serif-l layout-component layout-wide layout-padded _wide_17hqh_1 layout-padded\">Det ble en perfekt sesong\u00e5pning for Ole Gunnar Solskj\u00e6r og Besiktas, seks minutter p\u00e5 overtid.<\/p>\n<p><img alt=\"Ole Gunnar Solskj\u00e6r, her fra europaligaoppgj\u00f8ret mot Twente i januar.  Foto: Peter Dejong \/ AP \/ NTB\" class=\"_image_qp4xg_65 layout-component layout-wide\" data-fullscreen- data-track-element-type=\"Article image fullscreen\" data-track-name=\"ImageFullscreen\" fetchpriority=\"high\" decoding=\"sync\" loading=\"eager\" height=\"3107\" itemprop=\"image\"  src=\"https:\/\/www.europesays.com\/no\/wp-content\/uploads\/2025\/08\/17000923-55d1-428d-9a21-6a922ce889e8\"  style=\"object-position:0% 0%\" width=\"4660\"\/>Ole Gunnar Solskj\u00e6r, her fra europaligaoppgj\u00f8ret mot Twente i januar.  Foto: Peter Dejong \/ AP \/ NTB<\/p>\n<ul aria-hidden=\"true\" class=\"_images_1y6fe_106\">\n<li><a class=\"_link_1y6fe_111\" href=\"https:\/\/www.vg.no\/forfatter\/sindre-oegar\" style=\"z-index:2\" title=\"Sindre \u00d8gar\" rel=\"nofollow noopener\" target=\"_blank\"><img alt=\"Bilde av Sindre \u00d8gar\" class=\"_image_1y6fe_88\" fetchpriority=\"low\" loading=\"lazy\" decoding=\"async\" itemprop=\"image\"  src=\"https:\/\/www.europesays.com\/no\/wp-content\/uploads\/2025\/08\/1755466689_331_104d6818-f429-4f77-a08f-a7022fcc3fa3\"  width=\"480\"\/><\/a><\/li>\n<li><a class=\"_link_1y6fe_111\" href=\"https:\/\/www.vg.no\/forfatter\/ntb\" style=\"z-index:1\" title=\"NTB\" rel=\"nofollow noopener\" target=\"_blank\"><img alt=\"Bilde av NTB\" class=\"_image_1y6fe_88\" fetchpriority=\"low\" loading=\"lazy\" decoding=\"async\" itemprop=\"image\"  src=\"https:\/\/www.europesays.com\/no\/wp-content\/uploads\/2025\/08\/1755466689_920_c33980b0-5d07-4027-84a1-813f90a7c8d6\"  width=\"480\"\/><\/a><\/li>\n<\/ul>\n<p> Oppdatert s\u00f8ndag 17. august kl. 23:19     <\/p>\n<p class=\"_paragraph_1bvmi_4 _paragraph_xtcu6_10 layout-component text-serif-m layout-normal text-serif-m layout-padded\">Portugisiske Rafa ble den store helten i 2-1-seieren over Ey\u00fcpspor.<\/p>\n<p class=\"_paragraph_1bvmi_4 _paragraph_xtcu6_10 layout-component text-serif-m layout-normal text-serif-m layout-padded\">\u2013 Vi spilte med stor lidenskap. Jeg er veldig glad. Det var en seier vi fortjente. Vi viste kamp\u00e5nd, vi viste Besiktas-\u00e5nden. Alle spillerne mine kjempet for drakten sin, sier Solskj\u00e6r if\u00f8lge Sports Digitale.<\/p>\n<p class=\"_paragraph_1bvmi_4 _paragraph_xtcu6_10 layout-component text-serif-m layout-normal text-serif-m layout-padded\">Abraham satte inn sitt femte m\u00e5l p\u00e5 tre kamper og fikk Besiktas i f\u00f8ringen etter 18 minutter. Bortelagets Mame Baba Thiam utlignet etter en halvtimes spill.<\/p>\n<p class=\"_paragraph_1bvmi_4 _paragraph_xtcu6_10 layout-component text-serif-m layout-normal text-serif-m layout-padded\">Besiktas skapte flere store sjanser, blant annet med Abraham og Jo\u00e3o M\u00e1rio, men begge ble hindret av gode redninger. P\u00e5 overtid s\u00f8rget Rafa for 2-1 da han hamret ballen opp i nettaket.<\/p>\n<p class=\"_paragraph_1bvmi_4 _paragraph_xtcu6_10 layout-component text-serif-m layout-normal text-serif-m layout-padded\">Solskj\u00e6r reagerte umiddelbart med \u00e5 peke fingeren mot tinningen \u2013 samtidig som samtlige Besiktas-spillere og -supportere tok helt av.<\/p>\n<p class=\"_paragraph_1bvmi_4 _paragraph_xtcu6_10 layout-component text-serif-m layout-normal text-serif-m layout-padded\">Ey\u00fcpspor endte p\u00e5 6.-plass sist sesong, ni poeng bak Besiktas p\u00e5 4.-plassen.<\/p>\n<p class=\"_paragraph_1bvmi_4 _paragraph_xtcu6_10 layout-component text-serif-m layout-normal text-serif-m layout-padded\">Jonas Svensson spilte 85 minutter som h\u00f8yreback for Besiktas.<\/p>\n<p class=\"_paragraph_1bvmi_4 _paragraph_xtcu6_10 layout-component text-serif-m layout-normal text-serif-m layout-padded\">Lausanne er neste motstander i kvalifisering til conferenceligaen.<\/p>\n","protected":false},"excerpt":{"rendered":"Det ble en perfekt sesong\u00e5pning for Ole Gunnar Solskj\u00e6r og Besiktas, seks minutter p\u00e5 overtid. Ole Gunnar Solskj\u00e6r,&hellip;\n","protected":false},"author":2,"featured_media":10856,"comment_status":"","ping_status":"","sticky":false,"template":"","format":"standard","meta":{"footnotes":""},"categories":[59],"tags":[506,30,28,29,505,83,82],"class_list":{"0":"post-10855","1":"post","2":"type-post","3":"status-publish","4":"format-standard","5":"has-post-thumbnail","7":"category-sport","8":"tag-besiktas-jk","9":"tag-no","10":"tag-norge","11":"tag-norway","12":"tag-ole-gunnar-solskjaer","13":"tag-sport","14":"tag-sports"},"share_on_mastodon":{"url":"","error":""},"_links":{"self":[{"href":"https:\/\/www.europesays.com\/no\/wp-json\/wp\/v2\/posts\/10855","targetHints":{"allow":["GET"]}}],"collection":[{"href":"https:\/\/www.europesays.com\/no\/wp-json\/wp\/v2\/posts"}],"about":[{"href":"https:\/\/www.europesays.com\/no\/wp-json\/wp\/v2\/types\/post"}],"author":[{"embeddable":true,"href":"https:\/\/www.europesays.com\/no\/wp-json\/wp\/v2\/users\/2"}],"replies":[{"embeddable":true,"href":"https:\/\/www.europesays.com\/no\/wp-json\/wp\/v2\/comments?post=10855"}],"version-history":[{"count":0,"href":"https:\/\/www.europesays.com\/no\/wp-json\/wp\/v2\/posts\/10855\/revisions"}],"wp:featuredmedia":[{"embeddable":true,"href":"https:\/\/www.europesays.com\/no\/wp-json\/wp\/v2\/media\/10856"}],"wp:attachment":[{"href":"https:\/\/www.europesays.com\/no\/wp-json\/wp\/v2\/media?parent=10855"}],"wp:term":[{"taxonomy":"category","embeddable":true,"href":"https:\/\/www.europesays.com\/no\/wp-json\/wp\/v2\/categories?post=10855"},{"taxonomy":"post_tag","embeddable":true,"href":"https:\/\/www.europesays.com\/no\/wp-json\/wp\/v2\/tags?post=10855"}],"curies":[{"name":"wp","href":"https:\/\/api.w.org\/{rel}","templated":true}]}}