{"id":108557,"date":"2025-12-09T16:07:09","date_gmt":"2025-12-09T16:07:09","guid":{"rendered":"https:\/\/www.europesays.com\/no\/108557\/"},"modified":"2025-12-09T16:07:09","modified_gmt":"2025-12-09T16:07:09","slug":"eus-nestleder-ut-mot-angrep-fra-musk-og-trump-e24","status":"publish","type":"post","link":"https:\/\/www.europesays.com\/no\/108557\/","title":{"rendered":"EUs nestleder ut mot angrep fra Musk og Trump \u2013 E24"},"content":{"rendered":"<p class=\"fullWidthDesktop hyperion-css-71ztg2\" data-test-tag=\"lead-text\">Unionen vil ikke vil la seg skremme av amerikanske angrep p\u00e5 hvordan den regulerer tek-giganter, if\u00f8lge konkurransesjef Teresa Ribera. <\/p>\n<p><img decoding=\"async\" class=\"image-asset hyperion-css-u06ts1\" data-test-tag=\"image-asset\" src=\"https:\/\/www.europesays.com\/no\/wp-content\/uploads\/2025\/12\/32fa594f-68e6-49cf-b2e9-f50a5a51ced5\"  alt=\"Spanske Teresa Ribera er EU-kommisjonens nestleder og konkurransesjef. \"  loading=\"eager\" fetchpriority=\"high\" style=\"aspect-ratio:1900 \/ 1267\"\/>Spanske Teresa Ribera er EU-kommisjonens nestleder og konkurransesjef. Foto: GREG BAKER \/ AFP \/ NTBPublisert: Publisert: <\/p>\n<p>For mindre enn 40 minutter siden<\/p>\n<p>Kortversjonen<\/p>\n<ul class=\"hyperion-css-pkq1ci\" data-test-tag=\"list\">\n<li class=\"hyperion-css-12h2ush\">EU vil ikke la seg skremme av amerikansk kritikk av deres regulering av tek-giganter, sier konkurransesjef Teresa Ribera. <\/li>\n<li class=\"hyperion-css-12h2ush\">P\u00e5standen kommer etter at Elon Musks plattform X fikk en bot p\u00e5 120 millioner euro for brudd p\u00e5 EUs digitale forordning. <\/li>\n<li class=\"hyperion-css-12h2ush\">EU varsler ogs\u00e5 nye unders\u00f8kelser mot Meta og Googles morselskap, Alphabet, for \u00e5 sjekke om deres bruk av AI bryter EUs konkurranseregler.<\/li>\n<\/ul>\n<p class=\"hyperion-css-10lbhat\">Oppsummeringen er laget av AI-verkt\u00f8yet ChatGPT og kvalitetssikret av E24s journalister<\/p>\n<p>Vis mer <\/p>\n<ul class=\"hyperion-css-pte5x0\">\n<li aria-label=\"link\" class=\"narrow-button hyperion-css-1sz7d3n\">Kopier lenke<\/li>\n<li aria-label=\"link\" class=\"wide-button hyperion-css-1sz7d3n\">Kopier lenke<\/li>\n<li aria-label=\"facebook\" class=\"narrow-button hyperion-css-1sz7d3n\">Del p\u00e5 Facebook<\/li>\n<li aria-label=\"facebook\" class=\"wide-button hyperion-css-1sz7d3n\">Del p\u00e5 Facebook<\/li>\n<li aria-label=\"email\" class=\"narrow-button hyperion-css-1sz7d3n\">Del med e-post<\/li>\n<li aria-label=\"email\" class=\"wide-button hyperion-css-1sz7d3n\">Del med e-post<\/li>\n<\/ul>\n<p class=\"hyperion-css-1lemvax\">\u2013 Vi kommer ikke til \u00e5 akseptere noen form for underordning i hvordan vi ut\u00f8ver v\u00e5re roller, sa hun til pressen under et arrangement i Brussel tirsdag, if\u00f8lge Bloomberg. <\/p>\n<p class=\"hyperion-css-1lemvax\"> \u2013 Tvert imot, vi vil st\u00e5 opp og forsvare det vi mener er v\u00e5r plikt.<\/p>\n<p class=\"hyperion-css-1lemvax\">Ribera er EU-kommisjonens nestleder, etter president Ursula von der Leyen.<\/p>\n<p class=\"hyperion-css-1lemvax\">Hun setter ikke pris p\u00e5 kritikken og mener den er et fors\u00f8k p\u00e5 \u00e5 blande seg inn i EUs anliggender. Det er ikke et \u00abvennlig trekk\u00bb, blir hun sitert p\u00e5. <\/p>\n<p><a data-test-tag=\"teaser-small:link-internal\" href=\"https:\/\/e24.no\/boers-og-finans\/i\/9plgLp\/derfor-satser-investor-paa-shippingaksje\" class=\"imagePosition-top inline hyperion-css-6238vu\" rel=\"nofollow noopener\" target=\"\" aria-label=\"Derfor satser investor p\u00e5 shippingaksje\"><\/p>\n<p>Les p\u00e5 E24+<\/p>\n<p>Derfor satser investor p\u00e5 shippingaksje<\/p>\n<p><\/a><\/p>\n<p class=\"hyperion-css-1lemvax\">Riberas utspill kommer etter uttalelser fra kommisjonens talsperson Thomas Regnier mandag. <\/p>\n<p class=\"hyperion-css-1lemvax\">\u2013 X m\u00e5 betale den boten. De 120 millionene euro m\u00e5 betales. Vi skal s\u00f8rge for at vi f\u00e5r disse pengene, sa han, if\u00f8lge <a aria-label=\"Politico\" class=\"default hyperion-css-1rezu2g\" href=\"https:\/\/www.politico.eu\/article\/eu-commissions-will-make-sure-x-musk-pay-120m-fine-transparency-rule\/\" rel=\"noopener nofollow noreferrer\" data-test-tag=\"external-link\" target=\"_blank\">Politico<\/a>. <\/p>\n<p>\u2013 Til meg personlig<\/p>\n<p class=\"hyperion-css-1lemvax\">I forrige uke ble milliard\u00e6r og Tesla-eier Elon Musks plattform X ilagt en bot p\u00e5 120 millioner euro (ca. 1,4 milliarder norske kroner) for brudd p\u00e5 EUs forordning om digitale tjenester, DSADSADigital Services Act. <\/p>\n<p class=\"hyperion-css-1lemvax\">EU-kommisjonen mener plattformen har drevet med villedende design, at det er mangel p\u00e5 \u00e5penhet i X\u2019 annonsearkiv og forskere ikke f\u00e5r tilgang til data som skal v\u00e6re offentlig tilgjengelig, if\u00f8lge en <a aria-label=\"pressemelding\" class=\"default hyperion-css-1rezu2g\" href=\"https:\/\/ec.europa.eu\/commission\/presscorner\/detail\/en\/ip_25_2934\" rel=\"noopener nofollow noreferrer\" data-test-tag=\"external-link\" target=\"_blank\">pressemelding<\/a>. <\/p>\n<p class=\"hyperion-css-1lemvax\">Grepet har ikke g\u00e5tt up\u00e5aktet hen p\u00e5 den andre siden av Atlanteren. <\/p>\n<p class=\"hyperion-css-1lemvax\">\u2013 \u00abEU\u00bb har gitt denne vanvittige boten ikke bare til X, men ogs\u00e5 til meg personlig, noe som er enda mer sinnssykt! Derfor b\u00f8r vi svare ikke bare mot EU, men ogs\u00e5 mot de enkeltpersonene som har g\u00e5tt til angrep p\u00e5 meg, skrev Musk p\u00e5 X.<\/p>\n<p class=\"hyperion-css-1lemvax\">B\u00e5de president Donald Trump og Texas-senator Ted Cruz har ogs\u00e5 uttrykt sin misn\u00f8ye. <\/p>\n<p class=\"hyperion-css-1lemvax\">Trump sa mandag at han ikke forsto hvordan boten kan rettferdiggj\u00f8res og kalte den \u00aben stygg en\u00bb, if\u00f8lge <a aria-label=\"Reuters\" class=\"default hyperion-css-1rezu2g\" href=\"https:\/\/www.reuters.com\/business\/trump-calls-eu-fine-x-nasty-one-says-europe-going-bad-directions-2025-12-08\/\" rel=\"noopener nofollow noreferrer\" data-test-tag=\"external-link\" target=\"_blank\">Reuters<\/a>. <\/p>\n<p class=\"hyperion-css-1lemvax\">\u2013 Europa g\u00e5r i noen gale retninger, sa presidenten p\u00e5 et arrangement i Det hvite hus. <\/p>\n<p class=\"hyperion-css-1lemvax\">Cruz har p\u00e5 sin side kalt boten en \u00abvederstyggelighet\u00bb og oppfordret Trump til \u00e5 innf\u00f8re sanksjoner hvis ikke boten frafalles. <\/p>\n<p>Vil unders\u00f8ke Meta og Google-eier<\/p>\n<p class=\"hyperion-css-1lemvax\">EU har gitt X 60 virkedager til \u00e5 informere kommisjonen om konkrete tiltak som gj\u00f8r at det de mener er regelbrudd knyttet til villedende design, opph\u00f8rer. <\/p>\n<p class=\"hyperion-css-1lemvax\">Plattformen har ogs\u00e5 f\u00e5tt 90 dager p\u00e5 seg til \u00e5 utarbeide en handlingsplan som skal beskrive n\u00f8dvendige tiltak for \u00e5 h\u00e5ndtere det EU-kommisjonen mener er manglende \u00e5penhet i annonsearkivet og overfor forskere. <\/p>\n<p class=\"hyperion-css-1lemvax\">X-boten kom samtidig som EU varslet nye unders\u00f8kelser mot Metas meldingstjeneste WhatsApp og Googles morselskap Alphabet, skriver Bloomberg. <\/p>\n<p class=\"hyperion-css-1lemvax\">Etterforskningen skal vurdere om selskapenes bruk av AI bryter med EUs konkurranseregler. <\/p>\n","protected":false},"excerpt":{"rendered":"Unionen vil ikke vil la seg skremme av amerikanske angrep p\u00e5 hvordan den regulerer tek-giganter, if\u00f8lge konkurransesjef Teresa&hellip;\n","protected":false},"author":2,"featured_media":108558,"comment_status":"","ping_status":"","sticky":false,"template":"","format":"standard","meta":{"footnotes":""},"categories":[12],"tags":[20,21,24,25,15,22,23,13,30,28,29,14,16,26,27,42,43,44,45],"class_list":{"0":"post-108557","1":"post","2":"type-post","3":"status-publish","4":"format-standard","5":"has-post-thumbnail","7":"category-verden","8":"tag-breaking-news","9":"tag-breakingnews","10":"tag-featured-news","11":"tag-featurednews","12":"tag-headlines","13":"tag-latest-news","14":"tag-latestnews","15":"tag-news","16":"tag-no","17":"tag-norge","18":"tag-norway","19":"tag-nyheter","20":"tag-overskrifter","21":"tag-top-stories","22":"tag-topstories","23":"tag-verden","24":"tag-world","25":"tag-world-news","26":"tag-worldnews"},"share_on_mastodon":{"url":"https:\/\/pubeurope.com\/@no\/115690474559905124","error":""},"_links":{"self":[{"href":"https:\/\/www.europesays.com\/no\/wp-json\/wp\/v2\/posts\/108557","targetHints":{"allow":["GET"]}}],"collection":[{"href":"https:\/\/www.europesays.com\/no\/wp-json\/wp\/v2\/posts"}],"about":[{"href":"https:\/\/www.europesays.com\/no\/wp-json\/wp\/v2\/types\/post"}],"author":[{"embeddable":true,"href":"https:\/\/www.europesays.com\/no\/wp-json\/wp\/v2\/users\/2"}],"replies":[{"embeddable":true,"href":"https:\/\/www.europesays.com\/no\/wp-json\/wp\/v2\/comments?post=108557"}],"version-history":[{"count":0,"href":"https:\/\/www.europesays.com\/no\/wp-json\/wp\/v2\/posts\/108557\/revisions"}],"wp:featuredmedia":[{"embeddable":true,"href":"https:\/\/www.europesays.com\/no\/wp-json\/wp\/v2\/media\/108558"}],"wp:attachment":[{"href":"https:\/\/www.europesays.com\/no\/wp-json\/wp\/v2\/media?parent=108557"}],"wp:term":[{"taxonomy":"category","embeddable":true,"href":"https:\/\/www.europesays.com\/no\/wp-json\/wp\/v2\/categories?post=108557"},{"taxonomy":"post_tag","embeddable":true,"href":"https:\/\/www.europesays.com\/no\/wp-json\/wp\/v2\/tags?post=108557"}],"curies":[{"name":"wp","href":"https:\/\/api.w.org\/{rel}","templated":true}]}}