{"id":108559,"date":"2025-12-09T16:08:07","date_gmt":"2025-12-09T16:08:07","guid":{"rendered":"https:\/\/www.europesays.com\/no\/108559\/"},"modified":"2025-12-09T16:08:07","modified_gmt":"2025-12-09T16:08:07","slug":"maria-corina-machado-nyhetsvarsel-nobelinstituttet-pressekonferansen-med-fredsprisvinner-maria-corina-machado-avlyses","status":"publish","type":"post","link":"https:\/\/www.europesays.com\/no\/108559\/","title":{"rendered":"Maria Corina Machado, Nyhetsvarsel | Nobelinstituttet: Pressekonferansen med fredsprisvinner Maria Corina Machado avlyses"},"content":{"rendered":"\n<p>Det opplyser pressesjef Erik Aasheim ved Nobelinstituttet til NTB.<\/p>\n<p>Han sier det ogs\u00e5 er usikkert om det blir noen pressekonferanse i morgen.<\/p>\n<p>Samtidig har han ingen nye opplysninger om n\u00e5r eller hvordan Machado kommer til Oslo.<\/p>\n<p>\u2013 Det dreier seg om sikkerhet og liv og d\u00f8d for henne, s\u00e5 det er informasjon vi ikke kan si noe om, sier Aasheim til NTB.<\/p>\n<p><b>Les ogs\u00e5: <a href=\"https:\/\/www.nettavisen.no\/nyheter\/argentinas-president-javier-milei-moter-kong-harald-ifolge-medier\/s\/5-95-2771286\" rel=\"Follow nofollow noopener\" target=\"_blank\">Argentinas president m\u00f8ter kong Harald<\/a><\/b><\/p>\n<p>Uklart n\u00e5r hun kommer<\/p>\n<p>Han understreker imidlertid at det rett og slett er uklart n\u00e5r og hvordan hun vil ankomme landet.<\/p>\n<p>Aasheim sier imidlertid til <a rel=\"noopener nofollow\" href=\"https:\/\/www.tv2.no\/nyheter\/pressekonferansen-med-fredsprisvinner-maria-corina-machado-avlyses\/18368199\/\" target=\"_blank\">TV 2<\/a> at han h\u00e5per at Machado kommer i morgen.<\/p>\n<p>\u2013 Hun har selv sagt at reisen til Norge er utfordrende. Vi har ingen informasjon, men vi h\u00e5per hun kommer i morgen, sier Aasheim.<\/p>\n<p>Det har v\u00e6rt stor usikkerhet knyttet til Machados reise til Norge. Hun har selv sagt at hun \u00f8nsker \u00e5 ta imot prisen personlig.<\/p>\n<p>Familien p\u00e5 plass<\/p>\n<p>Machado lever i skjul i Venezuela, der hun av landets myndigheter er anklaget for flere lovbrudd.<\/p>\n<p>Hun vil ogs\u00e5 bli ansett som p\u00e5 r\u00f8mmen om hun forlater landet og risikerer p\u00e5gripelse ved retur.<\/p>\n<p>Machados mor, datter og to s\u00f8nner deltar ogs\u00e5 under utdelingen i Oslo. De ankom Oslo mandag og bor alle i eksil.<\/p>\n","protected":false},"excerpt":{"rendered":"Det opplyser pressesjef Erik Aasheim ved Nobelinstituttet til NTB. Han sier det ogs\u00e5 er usikkert om det blir&hellip;\n","protected":false},"author":2,"featured_media":108560,"comment_status":"","ping_status":"","sticky":false,"template":"","format":"standard","meta":{"footnotes":""},"categories":[10],"tags":[20,21,24,25,15,22,23,13,30,28,29,14,16,26,27],"class_list":{"0":"post-108559","1":"post","2":"type-post","3":"status-publish","4":"format-standard","5":"has-post-thumbnail","7":"category-norge","8":"tag-breaking-news","9":"tag-breakingnews","10":"tag-featured-news","11":"tag-featurednews","12":"tag-headlines","13":"tag-latest-news","14":"tag-latestnews","15":"tag-news","16":"tag-no","17":"tag-norge","18":"tag-norway","19":"tag-nyheter","20":"tag-overskrifter","21":"tag-top-stories","22":"tag-topstories"},"share_on_mastodon":{"url":"https:\/\/pubeurope.com\/@no\/115690478323432969","error":""},"_links":{"self":[{"href":"https:\/\/www.europesays.com\/no\/wp-json\/wp\/v2\/posts\/108559","targetHints":{"allow":["GET"]}}],"collection":[{"href":"https:\/\/www.europesays.com\/no\/wp-json\/wp\/v2\/posts"}],"about":[{"href":"https:\/\/www.europesays.com\/no\/wp-json\/wp\/v2\/types\/post"}],"author":[{"embeddable":true,"href":"https:\/\/www.europesays.com\/no\/wp-json\/wp\/v2\/users\/2"}],"replies":[{"embeddable":true,"href":"https:\/\/www.europesays.com\/no\/wp-json\/wp\/v2\/comments?post=108559"}],"version-history":[{"count":0,"href":"https:\/\/www.europesays.com\/no\/wp-json\/wp\/v2\/posts\/108559\/revisions"}],"wp:featuredmedia":[{"embeddable":true,"href":"https:\/\/www.europesays.com\/no\/wp-json\/wp\/v2\/media\/108560"}],"wp:attachment":[{"href":"https:\/\/www.europesays.com\/no\/wp-json\/wp\/v2\/media?parent=108559"}],"wp:term":[{"taxonomy":"category","embeddable":true,"href":"https:\/\/www.europesays.com\/no\/wp-json\/wp\/v2\/categories?post=108559"},{"taxonomy":"post_tag","embeddable":true,"href":"https:\/\/www.europesays.com\/no\/wp-json\/wp\/v2\/tags?post=108559"}],"curies":[{"name":"wp","href":"https:\/\/api.w.org\/{rel}","templated":true}]}}