{"id":108573,"date":"2025-12-09T16:19:15","date_gmt":"2025-12-09T16:19:15","guid":{"rendered":"https:\/\/www.europesays.com\/no\/108573\/"},"modified":"2025-12-09T16:19:15","modified_gmt":"2025-12-09T16:19:15","slug":"frp-sier-ja-til-budsjettavtale-stor-oslo","status":"publish","type":"post","link":"https:\/\/www.europesays.com\/no\/108573\/","title":{"rendered":"Frp sier ja til budsjettavtale \u2013 Stor-Oslo"},"content":{"rendered":"<p>Alle de fire borgerlige partiene bekrefter enigheten tirsdag ettermiddag.<\/p>\n<p>NRK erfarte tirsdag formiddag at forhandlerne fra H\u00f8yre, Venstre, Fremskrittspartiet og Kristelig Folkeparti hadde inng\u00e5tt en avtale, men at den m\u00e5tte godkjenner av partienes organer.<\/p>\n<p>Her er hovedpunktene i forliket:<\/p>\n<ul>\n<li>100 millioner kroner ekstra til bydelene \u00f8remerket kj\u00f8p av sykehjemsplasser og tilskudd til seniorsentre.<\/li>\n<li>Tiln\u00e6rmet gratis parkering i ytre by p\u00e5 l\u00f8rdager (1 krone) og 40 prosent billligere beboerparkering for innbyggere i indre by alle dager.<\/li>\n<li>15 millioner kroner ekstra til trykte l\u00e6remidler i Oslo-skolen.<\/li>\n<li>\u00d8kte tilskudd til en rekke frivillige organisasjoner.<\/li>\n<li>Fullmakt til byr\u00e5det til \u00e5 selge Unibuss.<\/li>\n<\/ul>\n<p>Mindretallsbyr\u00e5det til H\u00f8yre og Venstre trenger st\u00f8tte fra Frp og KrF for \u00e5 ha flertall i bystyret.<\/p>\n<p>Stoppet i forrige uke<\/p>\n<p>Bystyretoppene i de fire partiene <a href=\"https:\/\/www.nrk.no\/stor-oslo\/oslo-budsjettet_-frp-og-krfs-krav-til-budsjettforhandlingene-med-byradet-1.17651767\" ec-id=\"pp:article:1.17651767\" ec-name=\"har forhandlet\" rel=\"nofollow noopener\" target=\"_blank\">har forhandlet<\/a> siden midten av november.<\/p>\n<p>I forrige uke stoppet samtalene opp. Frps gruppeleder Magnus Birkelund sa at byr\u00e5dspartiene i st\u00f8rre grad m\u00e5 komme hans parti m\u00f8te.<\/p>\n<p><strong>Til NRK trakk han fram Frps krav om flyktningtopp og st\u00f8rre gjennomslag p\u00e5 <a href=\"https:\/\/www.nrk.no\/stor-oslo\/budsjettforhandlinger-i-gang-i-oslo_-frp-krever-gratis-lordagsparkering-1.17655641\" ec-id=\"pp:article:1.17655641\" ec-name=\"parkering\" rel=\"nofollow noopener\" target=\"_blank\">parkering<\/a> og eldreomsorg.<\/strong><\/p>\n<p>Partiene kom sammen igjen fredag og forhandlet fram til mandag.<\/p>\n<p>Kutt i bydelene<\/p>\n<p><a href=\"https:\/\/www.nrk.no\/stor-oslo\/byradet-legger-fram-oslo-budsjettet_-storste-kutt-pa-flere-tiar-1.17581730\" ec-id=\"pp:article:1.17581730\" ec-name=\"Byr\u00e5det\" rel=\"nofollow noopener\" target=\"_blank\">Byr\u00e5det<\/a> la fram sitt forslag til Oslo-budsjett i slutten av september. Det inneholder st\u00f8rre kutt enn p\u00e5 flere ti\u00e5r.<\/p>\n<p><strong>Mest br\u00e5k har det blitt rundt i <a href=\"https:\/\/www.nrk.no\/stor-oslo\/xl\/skjult-krise-i-bydelene_-skylder-kommunen-hundrevis-av-millioner-1.17094658\" ec-id=\"pp:article:1.17094658\" ec-name=\"bydelene\" rel=\"nofollow noopener\" target=\"_blank\">bydelene<\/a>, der barnehager, barnevern, eldre og unge kan bli rammet.<\/strong><\/p>\n<p>Publisert<\/p>\n<p>09.12.2025, kl. 11.11<\/p>\n<p>Oppdatert<\/p>\n<p>09.12.2025, kl. 17.18<\/p>\n","protected":false},"excerpt":{"rendered":"Alle de fire borgerlige partiene bekrefter enigheten tirsdag ettermiddag. NRK erfarte tirsdag formiddag at forhandlerne fra H\u00f8yre, Venstre,&hellip;\n","protected":false},"author":2,"featured_media":108574,"comment_status":"","ping_status":"","sticky":false,"template":"","format":"standard","meta":{"footnotes":""},"categories":[10],"tags":[20,21,24,25,15,22,23,13,30,28,29,14,16,26,27],"class_list":{"0":"post-108573","1":"post","2":"type-post","3":"status-publish","4":"format-standard","5":"has-post-thumbnail","7":"category-norge","8":"tag-breaking-news","9":"tag-breakingnews","10":"tag-featured-news","11":"tag-featurednews","12":"tag-headlines","13":"tag-latest-news","14":"tag-latestnews","15":"tag-news","16":"tag-no","17":"tag-norge","18":"tag-norway","19":"tag-nyheter","20":"tag-overskrifter","21":"tag-top-stories","22":"tag-topstories"},"share_on_mastodon":{"url":"https:\/\/pubeurope.com\/@no\/115690521589811025","error":""},"_links":{"self":[{"href":"https:\/\/www.europesays.com\/no\/wp-json\/wp\/v2\/posts\/108573","targetHints":{"allow":["GET"]}}],"collection":[{"href":"https:\/\/www.europesays.com\/no\/wp-json\/wp\/v2\/posts"}],"about":[{"href":"https:\/\/www.europesays.com\/no\/wp-json\/wp\/v2\/types\/post"}],"author":[{"embeddable":true,"href":"https:\/\/www.europesays.com\/no\/wp-json\/wp\/v2\/users\/2"}],"replies":[{"embeddable":true,"href":"https:\/\/www.europesays.com\/no\/wp-json\/wp\/v2\/comments?post=108573"}],"version-history":[{"count":0,"href":"https:\/\/www.europesays.com\/no\/wp-json\/wp\/v2\/posts\/108573\/revisions"}],"wp:featuredmedia":[{"embeddable":true,"href":"https:\/\/www.europesays.com\/no\/wp-json\/wp\/v2\/media\/108574"}],"wp:attachment":[{"href":"https:\/\/www.europesays.com\/no\/wp-json\/wp\/v2\/media?parent=108573"}],"wp:term":[{"taxonomy":"category","embeddable":true,"href":"https:\/\/www.europesays.com\/no\/wp-json\/wp\/v2\/categories?post=108573"},{"taxonomy":"post_tag","embeddable":true,"href":"https:\/\/www.europesays.com\/no\/wp-json\/wp\/v2\/tags?post=108573"}],"curies":[{"name":"wp","href":"https:\/\/api.w.org\/{rel}","templated":true}]}}