{"id":108585,"date":"2025-12-09T16:28:14","date_gmt":"2025-12-09T16:28:14","guid":{"rendered":"https:\/\/www.europesays.com\/no\/108585\/"},"modified":"2025-12-09T16:28:14","modified_gmt":"2025-12-09T16:28:14","slug":"nobelinstituttet-pressekonferanse-avlyst","status":"publish","type":"post","link":"https:\/\/www.europesays.com\/no\/108585\/","title":{"rendered":"Nobelinstituttet: Pressekonferanse avlyst"},"content":{"rendered":"\n<p class=\"_lead_o9xde_2 _lead_xtcu6_50 layout-component text-serif-m layout-normal text-serif-l layout-component layout-wide layout-padded _wide_17hqh_1 layout-padded\">Det er usikkert hvor nobelprisvinneren faktisk befinner seg.<\/p>\n<p><img alt=\"Nobelprisvinner Maria Corina Machado fra Venezuela. Foto: FEDERICO PARRA \/ AFP \/ NTB\" class=\"_image_qp4xg_65 layout-component layout-wide\" data-fullscreen- data-track-element-type=\"Article image fullscreen\" data-track-name=\"ImageFullscreen\" fetchpriority=\"high\" decoding=\"sync\" loading=\"eager\" height=\"5504\" itemprop=\"image\"  src=\"https:\/\/www.europesays.com\/no\/wp-content\/uploads\/2025\/12\/e98e9d03-a5a4-417f-bc33-ec46d499fca5\"  style=\"object-position:0% 0%\" width=\"8256\"\/>Nobelprisvinner Maria Corina Machado fra Venezuela. Foto: FEDERICO PARRA \/ AFP \/ NTB Oppdatert tirsdag 9. desember kl. 16:25     <\/p>\n<p class=\"_paragraph_o9xde_4 _paragraph_xtcu6_10 layout-component text-serif-m layout-normal text-serif-m layout-padded\">Den planlagte pressekonferansen klokken 13 tirsdag ble f\u00f8rst utsatt p\u00e5 ubestemt tid, f\u00f8r Nobelinstituttet n\u00e5 har avlyst den. Det opplyser pressesjef, Erik Aasheim, ved Nobelinstituttet til NTB<\/p>\n<p class=\"_paragraph_o9xde_4 _paragraph_xtcu6_10 layout-component text-serif-m layout-normal text-serif-m layout-padded\">Han opplyser ogs\u00e5 at det er usikkert om det blir noen pressekonferanse i morgen.<\/p>\n<p class=\"_paragraph_o9xde_4 _paragraph_xtcu6_10 layout-component text-serif-m layout-normal text-serif-m layout-padded\">\u2013 Pressekonferansen med nobelprisvinner Maria Corina Machado som er planlagt klokken 13 i dag p\u00e5 Nobelinstituttet, blir utsatt. Vi vil informere dere om en ny tid p\u00e5 minst to timers varsel, heter det i en melding signert pressesjefen, tidligere i dag.<\/p>\n<p class=\"_paragraph_o9xde_4 _paragraph_xtcu6_10 layout-component text-serif-m layout-normal text-serif-m layout-padded\"><strong class=\"_strong_o9xde_25\">Det er uklart hvorfor pressekonferansen er utsatt. <\/strong><\/p>\n<p class=\"_paragraph_o9xde_4 _paragraph_xtcu6_10 layout-component text-serif-m layout-normal text-serif-m layout-padded\">Aasheim har ingen opplysninger om n\u00e5r eller om Machado kommer til Oslo.<\/p>\n<p class=\"_paragraph_o9xde_4 _paragraph_xtcu6_10 layout-component text-serif-m layout-normal text-serif-m layout-padded\">\u2013 Det dreier seg om sikkerhet og liv og d\u00f8d for henne, s\u00e5 det er informasjon vi ikke kan si noe om, sier Aasheim til NTB.<\/p>\n<p class=\"_paragraph_o9xde_4 _paragraph_xtcu6_10 layout-component text-serif-m layout-normal text-serif-m layout-padded\">Han understreker imidlertid at det er uklart n\u00e5r og hvordan hun vil ankomme landet.<\/p>\n<p> Vil personlig delta<\/p>\n<p class=\"_paragraph_o9xde_4 _paragraph_xtcu6_10 layout-component text-serif-m layout-normal text-serif-m layout-padded\">Machado har <a href=\"https:\/\/www.vg.no\/i\/dRgA6B\" data-track-element-type=\"Link\" data-track-id=\"link:dRgA6B\" class=\"_link_o9xde_39\" rel=\"nofollow noopener\" target=\"_blank\">tidligere v\u00e6rt tydelig<\/a> p\u00e5 at hun kommer til \u00e5 delta p\u00e5 utdelingen, men det har likevel v\u00e6rt knyttet usikkerhet til hvordan hun skal kunne komme seg til Norge.<\/p>\n<p class=\"_paragraph_o9xde_4 _paragraph_xtcu6_10 layout-component text-serif-m layout-normal text-serif-m layout-padded\">Hun lever i skjul i <a href=\"https:\/\/www.vg.no\/tag\/venezuela?utm_source=vg-article&amp;utm_medium=auto-tagger&amp;utm_campaign=q6nmgO\" class=\"_link_o9xde_39\" rel=\"nofollow noopener\" target=\"_blank\">Venezuela<\/a> p\u00e5 grunn av frykt for regimet.<\/p>\n<p class=\"_paragraph_o9xde_4 _paragraph_xtcu6_10 layout-component text-serif-m layout-normal text-serif-m layout-padded\"><strong class=\"_strong_o9xde_25\">Det er usikkert hvor Machado n\u00e5 befinner seg.<\/strong><\/p>\n<p class=\"_paragraph_o9xde_4 _paragraph_xtcu6_10 layout-component text-serif-m layout-normal text-serif-m layout-padded\">Det antydes fra flere hold at hun har f\u00e5tt hjelp fra USA til \u00e5 bli smuglet ut av landet, via Puerto Rico, og deretter kommet seg til Europa, forklarer UiO-professor Benedicte Bull til <a href=\"https:\/\/www.nrk.no\/norge\/nobelinstituttet_-pressekonferansen-med-fredsprisvinner-maria-corina-machado-utsatt-1.17684878\" class=\"_link_o9xde_39\" rel=\"nofollow noopener\" target=\"_blank\">NRK<\/a>. <\/p>\n<p class=\"_paragraph_o9xde_4 _paragraph_xtcu6_10 layout-component text-serif-m layout-normal text-serif-m layout-padded\">Machado har verken hatt pass eller rettighet til \u00e5 fly p\u00e5 mange \u00e5r.<\/p>\n<p class=\"_paragraph_o9xde_4 _paragraph_xtcu6_10 layout-component text-serif-m layout-normal text-serif-m layout-padded\">\u2013 Om hun ikke klarer \u00e5 komme seg inn igjen og g\u00e5r i eksil, s\u00e5 vil hun etter hvert bli politisk irrelevant, mener Bull. <\/p>\n<p class=\"_paragraph_o9xde_4 _paragraph_xtcu6_10 layout-component text-serif-m layout-normal text-serif-m layout-padded\"><strong class=\"_strong_o9xde_25\">Les ogs\u00e5: <\/strong><a href=\"https:\/\/www.vg.no\/nyheter\/i\/Gx1BQ9\/nobels-fredspris-2025-hvem-kommer-til-prisutdelingen\" data-track-element-type=\"Link\" data-track-id=\"link:Gx1BQ9\" class=\"_link_o9xde_39\" rel=\"nofollow noopener\" target=\"_blank\">Spent f\u00f8r prisutdelingen: \u2013 Voldsomt press<\/a><\/p>\n<p class=\"_paragraph_o9xde_4 _paragraph_xtcu6_10 layout-component text-serif-m layout-normal text-serif-m layout-padded\">Machados mor, datter og to s\u00f8nner deltar ogs\u00e5 under utdelingen i Oslo. <\/p>\n<p class=\"_paragraph_o9xde_4 _paragraph_xtcu6_10 layout-component text-serif-m layout-normal text-serif-m layout-padded\">Datteren Ana Corina Sosa ankom Grand Hotel mandag kveld, og har uttalt til NRK at <a href=\"https:\/\/www.nrk.no\/urix\/fredsprisvinner-machado-treffer-barna-i-oslo-for-forste-gang-pa-flere-ar-1.17680252\" class=\"_link_o9xde_39\" rel=\"nofollow noopener\" target=\"_blank\">hun gleder seg til \u00e5 klemme henne.<\/a><\/p>\n<p><img alt=\"SAMLES I OSLO: Tre generasjoner skal samles i Oslo etter \u00e5 ha v\u00e6rt atskilt fra hverandre i flere \u00e5r. Her er datteren p\u00e5 plass i Oslo.  Foto: Lise \u00c5serud \/ NTB\" class=\"_image_qp4xg_65 layout-component layout-normal\" data-fullscreen- data-track-element-type=\"Article image fullscreen\" data-track-name=\"ImageFullscreen\" decoding=\"async\" loading=\"lazy\" height=\"4000\" itemprop=\"image\"  src=\"https:\/\/www.europesays.com\/no\/wp-content\/uploads\/2025\/12\/1765297694_689_df5cf773-e5ff-4f1e-a2be-617eb88b00ee\"  style=\"object-position:0% 0%\" width=\"6000\"\/>SAMLES I OSLO: Tre generasjoner skal samles i Oslo etter \u00e5 ha v\u00e6rt atskilt fra hverandre i flere \u00e5r. Her er datteren p\u00e5 plass i Oslo.  Foto: Lise \u00c5serud \/ NTB    <\/p>\n","protected":false},"excerpt":{"rendered":"Det er usikkert hvor nobelprisvinneren faktisk befinner seg. Nobelprisvinner Maria Corina Machado fra Venezuela. Foto: FEDERICO PARRA \/&hellip;\n","protected":false},"author":2,"featured_media":108586,"comment_status":"","ping_status":"","sticky":false,"template":"","format":"standard","meta":{"footnotes":""},"categories":[5],"tags":[20,21,24,25,15,19,22,23,17,18,8707,13,30,1125,28,29,14,16,26,27,95],"class_list":{"0":"post-108585","1":"post","2":"type-post","3":"status-publish","4":"format-standard","5":"has-post-thumbnail","7":"category-overskrifter","8":"tag-breaking-news","9":"tag-breakingnews","10":"tag-featured-news","11":"tag-featurednews","12":"tag-headlines","13":"tag-hovedoppslag","14":"tag-latest-news","15":"tag-latestnews","16":"tag-main-news","17":"tag-mainnews","18":"tag-maria-corina-machado","19":"tag-news","20":"tag-no","21":"tag-nobels-fredspris","22":"tag-norge","23":"tag-norway","24":"tag-nyheter","25":"tag-overskrifter","26":"tag-top-stories","27":"tag-topstories","28":"tag-venezuela"},"share_on_mastodon":{"url":"https:\/\/pubeurope.com\/@no\/115690557034136420","error":""},"_links":{"self":[{"href":"https:\/\/www.europesays.com\/no\/wp-json\/wp\/v2\/posts\/108585","targetHints":{"allow":["GET"]}}],"collection":[{"href":"https:\/\/www.europesays.com\/no\/wp-json\/wp\/v2\/posts"}],"about":[{"href":"https:\/\/www.europesays.com\/no\/wp-json\/wp\/v2\/types\/post"}],"author":[{"embeddable":true,"href":"https:\/\/www.europesays.com\/no\/wp-json\/wp\/v2\/users\/2"}],"replies":[{"embeddable":true,"href":"https:\/\/www.europesays.com\/no\/wp-json\/wp\/v2\/comments?post=108585"}],"version-history":[{"count":0,"href":"https:\/\/www.europesays.com\/no\/wp-json\/wp\/v2\/posts\/108585\/revisions"}],"wp:featuredmedia":[{"embeddable":true,"href":"https:\/\/www.europesays.com\/no\/wp-json\/wp\/v2\/media\/108586"}],"wp:attachment":[{"href":"https:\/\/www.europesays.com\/no\/wp-json\/wp\/v2\/media?parent=108585"}],"wp:term":[{"taxonomy":"category","embeddable":true,"href":"https:\/\/www.europesays.com\/no\/wp-json\/wp\/v2\/categories?post=108585"},{"taxonomy":"post_tag","embeddable":true,"href":"https:\/\/www.europesays.com\/no\/wp-json\/wp\/v2\/tags?post=108585"}],"curies":[{"name":"wp","href":"https:\/\/api.w.org\/{rel}","templated":true}]}}