{"id":108589,"date":"2025-12-09T16:38:07","date_gmt":"2025-12-09T16:38:07","guid":{"rendered":"https:\/\/www.europesays.com\/no\/108589\/"},"modified":"2025-12-09T16:38:07","modified_gmt":"2025-12-09T16:38:07","slug":"mann-i-40-arene-domt-til-forvaring-for-voldtekt-av-tidligere-kjaereste-og-samboer-nrk-innlandet-lokale-nyheter-tv-og-radio","status":"publish","type":"post","link":"https:\/\/www.europesays.com\/no\/108589\/","title":{"rendered":"Mann i 40-\u00e5rene d\u00f8mt til forvaring for voldtekt av tidligere kj\u00e6reste og samboer \u2013 NRK Innlandet \u2013 Lokale nyheter, TV og radio"},"content":{"rendered":"<p>Saken oppsummert:<\/p>\n<ul>\n<li>En mann i 40-\u00e5rene d\u00f8mt til 13 \u00e5rs forvaring i lagmannsretten for voldtekt, grov mishandling og skremmende adferd.<\/li>\n<li>Straffen er strengere enn tingrettens dom p\u00e5 8 \u00e5r og 5 m\u00e5neder.<\/li>\n<li>De forn\u00e6rmede kvinnene er lettet over dommen.<\/li>\n<li>Mannen m\u00e5 betale 900.000 kroner i erstatning, en \u00f8kning fra tingrettens dom.<\/li>\n<li>Retten vurderte gjentakelsesfare som grunnlag for forvaringsstraff.<\/li>\n<\/ul>\n<p>Oppsummeringen er laget av en KI-tjeneste fra OpenAI. Innholdet er kvalitetssikret av NRKs journalister f\u00f8r publisering.<\/p>\n<p>En mann i 40-\u00e5rene er i Eidsivating lagmannsrett d\u00f8mt til forvaring med en tidsramme p\u00e5 13 \u00e5r og med en minstetid p\u00e5 8 \u00e5r og 6 m\u00e5neder.<\/p>\n<p><strong>Straffen er langt strengere enn i tingretten, hvor mannen ble d\u00f8mt til 8 \u00e5r og 5 m\u00e5neder i fengsel.<\/strong><\/p>\n<p>If\u00f8lge dommen skal mannen ha voldtatt en tidligere kj\u00e6reste og en tidligere samboer, utsatt dem for grov mishandling samt skremmende og hensynsl\u00f8s adferd overfor et barn.<\/p>\n<p>Nektet straffskyld<\/p>\n<p>Mannen har nektet straffskyld for voldtekt, grov mishandling og skremmende og hensynsl\u00f8s adferd.<\/p>\n<p><strong>\u2013 Vi har p\u00e5 n\u00e5v\u00e6rende tidspunkt ingen kommentar til saken, og vil g\u00e5 gjennom dommen grundig med v\u00e5r klient, skriver mannens forsvarer, advokat Katarina Helsengreen, til NRK.<\/strong><\/p>\n<p>Dommen er ikke rettskraftig, og kan ankes innen to uker. Dommen er forkynt for mannen.<\/p>\n<p>\u2013 Sv\u00e6rt lettet<\/p>\n<p>Den ene kvinnen, som var sammen med mannen i halvannet \u00e5r frem til han ble p\u00e5grepet, skal \u00abjevnlig i store deler av samboerskapet\u00bb blitt voldtatt av mannen, if\u00f8lge dommen.<\/p>\n<p>Inger Marie St\u00f8en, som er bistandsadvokat for kvinnen, sier hennes klient er forn\u00f8yd med dommen.<\/p>\n<p><strong>\u2013 Hun er sv\u00e6rt lettet over \u00e5 ha blitt trodd, at det er f\u00f8rt til denne dommen og han har f\u00e5tt en streng straff, sier hun.<\/strong><\/p>\n<p><img decoding=\"async\"   src=\"data:image\/gif;base64,R0lGODlhAQABAIAAAAAAAP\/\/\/yH5BAEAAAAALAAAAAABAAEAAAIBRAA7\" loading=\"eager\" alt=\"Advokat \" title=\"Foto: Anders Bakkerud Larsen \/ NRK\"\/><\/p>\n<p class=\"\">Bistandsadvokat Inger Marie St\u00f8en.<\/p>\n<p>Foto: Anders Bakkerud Larsen \/ NRK<\/p>\n<p>Ogs\u00e5 den andre forn\u00e6rmede i saken er forn\u00f8yd med dommen.<\/p>\n<p>\u2013 Hun er tilfreds med at tiltalte er funnet skyldig i samsvar med tiltalebeslutningen, og at p\u00e5talemyndigheten fikk medhold i sin p\u00e5stand om forvaring, sier bistandsadvokat Benedicte Storhaug.<\/p>\n<p>Hun har ikke rukket \u00e5 gjennomg\u00e5 dommen i detalj med kvinnen enda.<\/p>\n<p>\u2013 Men hun reagerer umiddelbart med lettelse og h\u00e5per det n\u00e5 vil bli enklere \u00e5 g\u00e5 videre i livet, sier Storhaug.<\/p>\n<p>Mannen m\u00e5 samtidig betale i alt 900.000 kroner i erstatning til de tre forn\u00e6rmede. Da han ble d\u00f8mt i tingretten, ble han d\u00f8mt til \u00e5 betale 500.000 kroner i erstatning.<\/p>\n<p><strong>\u2013 Det er ogs\u00e5 positivt at oppreisningen ble \u00f8kt i forhold til tingrettens dom, sier Storhaug.<\/strong><\/p>\n<p><img decoding=\"async\"   src=\"data:image\/gif;base64,R0lGODlhAQABAIAAAAAAAP\/\/\/yH5BAEAAAAALAAAAAABAAEAAAIBRAA7\" loading=\"eager\" alt=\"Benedicte Storhaug, advokat.\" title=\"Foto: Thomas Halleland \/ NRK\"\/><\/p>\n<p class=\"\">Bistandsadvokat Benedicte Storhaug.<\/p>\n<p>Foto: Thomas Halleland \/ NRK<\/p>\n<p>Id\u00f8mt forvaringsstraff<\/p>\n<p>Statsadvokat Camilla Ek S\u00f8rensen, sier de er forn\u00f8yde med dommen.<\/p>\n<p><strong>\u2013 P\u00e5talemyndigheten har f\u00e5tt medhold i sine vurderinger fullt ut, og det er vi tilfreds med, sier hun.<\/strong><\/p>\n<p><img decoding=\"async\"   src=\"data:image\/gif;base64,R0lGODlhAQABAIAAAAAAAP\/\/\/yH5BAEAAAAALAAAAAABAAEAAAIBRAA7\" loading=\"eager\" alt=\"Drap Nittedal \" title=\"Foto: Hallgeir Braastad \/ NRK\"\/><\/p>\n<p class=\"\">Statsadvokat Camilla Ek S\u00f8rensen i Hedmark og Oppland statsadvokatembete. <\/p>\n<p>Foto: Hallgeir Braastad \/ NRK<\/p>\n<p>I lagmannsretten ba de om at tiltalte skulle id\u00f8mmes forvaring, noe de fikk medhold i.<\/p>\n<p>\u2013 P\u00e5 bakgrunn av den sakkyndige vurderingen, og de \u00f8vrige bevisene knyttet til gjentagelsesfaren for sv\u00e6rt alvorlige straffbare forhold, valgte vi \u00e5 be om forvaring. Dette av hensyn til samfunnsvernet, sier hun.<\/p>\n<p>Retten mener det foreligger konkrete og reelle holdepunkter for at mannen p\u00e5 ny vil voldta og\/eller mishandle kvinner han f\u00e5r en n\u00e6r relasjon til b\u00e5de psykisk og fysisk.<\/p>\n<p>De mente derfor at mannen burde f\u00e5 en forvaringsstraff.<\/p>\n<p>Publisert<\/p>\n<p>09.12.2025, kl. 16.43<\/p>\n<p>Oppdatert<\/p>\n<p>09.12.2025, kl. 17.21<\/p>\n","protected":false},"excerpt":{"rendered":"Saken oppsummert: En mann i 40-\u00e5rene d\u00f8mt til 13 \u00e5rs forvaring i lagmannsretten for voldtekt, grov mishandling og&hellip;\n","protected":false},"author":2,"featured_media":108590,"comment_status":"","ping_status":"","sticky":false,"template":"","format":"standard","meta":{"footnotes":""},"categories":[12],"tags":[20,21,24,25,15,22,23,13,30,28,29,14,16,26,27,42,43,44,45],"class_list":{"0":"post-108589","1":"post","2":"type-post","3":"status-publish","4":"format-standard","5":"has-post-thumbnail","7":"category-verden","8":"tag-breaking-news","9":"tag-breakingnews","10":"tag-featured-news","11":"tag-featurednews","12":"tag-headlines","13":"tag-latest-news","14":"tag-latestnews","15":"tag-news","16":"tag-no","17":"tag-norge","18":"tag-norway","19":"tag-nyheter","20":"tag-overskrifter","21":"tag-top-stories","22":"tag-topstories","23":"tag-verden","24":"tag-world","25":"tag-world-news","26":"tag-worldnews"},"share_on_mastodon":{"url":"https:\/\/pubeurope.com\/@no\/115690596196417220","error":""},"_links":{"self":[{"href":"https:\/\/www.europesays.com\/no\/wp-json\/wp\/v2\/posts\/108589","targetHints":{"allow":["GET"]}}],"collection":[{"href":"https:\/\/www.europesays.com\/no\/wp-json\/wp\/v2\/posts"}],"about":[{"href":"https:\/\/www.europesays.com\/no\/wp-json\/wp\/v2\/types\/post"}],"author":[{"embeddable":true,"href":"https:\/\/www.europesays.com\/no\/wp-json\/wp\/v2\/users\/2"}],"replies":[{"embeddable":true,"href":"https:\/\/www.europesays.com\/no\/wp-json\/wp\/v2\/comments?post=108589"}],"version-history":[{"count":0,"href":"https:\/\/www.europesays.com\/no\/wp-json\/wp\/v2\/posts\/108589\/revisions"}],"wp:featuredmedia":[{"embeddable":true,"href":"https:\/\/www.europesays.com\/no\/wp-json\/wp\/v2\/media\/108590"}],"wp:attachment":[{"href":"https:\/\/www.europesays.com\/no\/wp-json\/wp\/v2\/media?parent=108589"}],"wp:term":[{"taxonomy":"category","embeddable":true,"href":"https:\/\/www.europesays.com\/no\/wp-json\/wp\/v2\/categories?post=108589"},{"taxonomy":"post_tag","embeddable":true,"href":"https:\/\/www.europesays.com\/no\/wp-json\/wp\/v2\/tags?post=108589"}],"curies":[{"name":"wp","href":"https:\/\/api.w.org\/{rel}","templated":true}]}}