{"id":108594,"date":"2025-12-09T16:42:46","date_gmt":"2025-12-09T16:42:46","guid":{"rendered":"https:\/\/www.europesays.com\/no\/108594\/"},"modified":"2025-12-09T16:42:46","modified_gmt":"2025-12-09T16:42:46","slug":"drammen-solbergelva-nominert-til-golden-globe","status":"publish","type":"post","link":"https:\/\/www.europesays.com\/no\/108594\/","title":{"rendered":"Drammen, Solbergelva | Nominert til Golden Globe"},"content":{"rendered":"\n<p><b>DRAMMEN: <\/b>Renate Reinsve er nominert til beste kvinnelige hovedrolle i en dramafilm under \u00e5rets Golden Globes.<\/p>\n<p>Den kjente skuespilleren fra Solbergelva er nominert for sin rolle i Joachim Triers \u00abAffeksjonsverdi\u00bb.<\/p>\n<p>Med nominasjonen konkurrerer hun mot kjente navn som Julia Roberts og Jennifer Lawrence.<\/p>\n<p>Affeksjonsverdi har totalt hanket inn hele \u00e5tte nominasjoner, inkludert beste mannlige birolle til Stellan Skarsg\u00e5rd og beste regiss\u00f8r til Trier.<\/p>\n<p>    Vil du se neste video?<\/p>\n<p>    <a href=\"https:\/\/www.dt.no\/masud-gharahkhani-reagerer-pa-godtepose-pa-stortinget\/v\/5-57-2747796\" class=\"recommend-poster\" data-adp-clicklabel=\"video-recommend\" data-adp-clickvalue=\"poster\" rel=\"nofollow noopener\" target=\"_blank\"><\/p>\n<p>Masud Gharahkhani reagerer p\u00e5 godtepose p\u00e5 Stortinget0:22<\/p>\n<p>    <\/a><\/p>\n<p>Selve filmen har f\u00e5tt plass i kategoriene beste fremmedspr\u00e5klige film og beste dramafilm. I tillegg er Trier og Eskil Vogt sammen nominert for beste manus.<\/p>\n<p>Inga Ibsdotter Lilleaas og Elle Fanning er nominert i kategorien beste kvinnelige birolle.<\/p>\n","protected":false},"excerpt":{"rendered":"DRAMMEN: Renate Reinsve er nominert til beste kvinnelige hovedrolle i en dramafilm under \u00e5rets Golden Globes. Den kjente&hellip;\n","protected":false},"author":2,"featured_media":108595,"comment_status":"","ping_status":"","sticky":false,"template":"","format":"standard","meta":{"footnotes":""},"categories":[58],"tags":[36,427,71,460,30,28,29,455,1510,72],"class_list":{"0":"post-108594","1":"post","2":"type-post","3":"status-publish","4":"format-standard","5":"has-post-thumbnail","7":"category-underholdning","8":"tag-art","9":"tag-drammen","10":"tag-entertainment","11":"tag-film","12":"tag-no","13":"tag-norge","14":"tag-norway","15":"tag-solbergelva","16":"tag-story","17":"tag-underholdning"},"share_on_mastodon":{"url":"https:\/\/pubeurope.com\/@no\/115690611878138138","error":""},"_links":{"self":[{"href":"https:\/\/www.europesays.com\/no\/wp-json\/wp\/v2\/posts\/108594","targetHints":{"allow":["GET"]}}],"collection":[{"href":"https:\/\/www.europesays.com\/no\/wp-json\/wp\/v2\/posts"}],"about":[{"href":"https:\/\/www.europesays.com\/no\/wp-json\/wp\/v2\/types\/post"}],"author":[{"embeddable":true,"href":"https:\/\/www.europesays.com\/no\/wp-json\/wp\/v2\/users\/2"}],"replies":[{"embeddable":true,"href":"https:\/\/www.europesays.com\/no\/wp-json\/wp\/v2\/comments?post=108594"}],"version-history":[{"count":0,"href":"https:\/\/www.europesays.com\/no\/wp-json\/wp\/v2\/posts\/108594\/revisions"}],"wp:featuredmedia":[{"embeddable":true,"href":"https:\/\/www.europesays.com\/no\/wp-json\/wp\/v2\/media\/108595"}],"wp:attachment":[{"href":"https:\/\/www.europesays.com\/no\/wp-json\/wp\/v2\/media?parent=108594"}],"wp:term":[{"taxonomy":"category","embeddable":true,"href":"https:\/\/www.europesays.com\/no\/wp-json\/wp\/v2\/categories?post=108594"},{"taxonomy":"post_tag","embeddable":true,"href":"https:\/\/www.europesays.com\/no\/wp-json\/wp\/v2\/tags?post=108594"}],"curies":[{"name":"wp","href":"https:\/\/api.w.org\/{rel}","templated":true}]}}