{"id":108619,"date":"2025-12-09T17:12:13","date_gmt":"2025-12-09T17:12:13","guid":{"rendered":"https:\/\/www.europesays.com\/no\/108619\/"},"modified":"2025-12-09T17:12:13","modified_gmt":"2025-12-09T17:12:13","slug":"slar-januar-alarm-et-prissjokk","status":"publish","type":"post","link":"https:\/\/www.europesays.com\/no\/108619\/","title":{"rendered":"Sl\u00e5r januar-alarm: &#8211; Et prissjokk"},"content":{"rendered":"<p class=\"kicker \" style=\"\">Toll:<\/p>\n<p>  Advarer om en \u00f8konomisk smertefull start p\u00e5 ny\u00e5ret som f\u00f8lge av Donald Trumps tollsatser.\u00a0<\/p>\n<p>\n    SKAPER HODEBRY: Amerikanske n\u00e6ringslivsledere roper varsko om mulig prissjokk p\u00e5 varer fra januar av. Det er d\u00e5rlig nytt for president Donald Trump som allerede opplever press fra forbrukerne rundt \u00f8kte levekostnader i USA. Foto: Ron Sachs \/ CNP \/ SplashNews \/ NTB\n  <\/p>\n<p>    Kort fortalt<\/p>\n<p lang=\"nb-NO\">Amerikanske \u00f8konomer frykter \u00f8konomisk bakrus for forbrukere fra januar.<\/p>\n<p lang=\"nb-NO\">Trumps tollregime kan f\u00f8re til betydelige pris\u00f8kninger.<\/p>\n<p lang=\"nb-NO\">Store selskaper advarer om \u00f8kte kostnader som vil p\u00e5virke forbrukerne.<\/p>\n<p lang=\"nb-NO\">\u00d8kte levekostnader og str\u00f8mpriser skaper \u00f8konomisk stress i USA.<\/p>\n<p class=\"italic ai-disclaimer\" data-lab-italic=\"italic\">Sammendraget er laget av ChatGPT og godkjent av B\u00f8rsen.<\/p>\n<p>      Vis mer<br \/>\n      Vis mindre<\/p>\n<p>Amerikanske n\u00e6ringslivstopper og \u00f8konomer frykter at amerikanske forbrukere st\u00e5r overfor en heftig \u00f8konomisk bakrus fra januar av. \u00c5rsaken er at kostnadene ved president Donald Trumps omfattende tollregime ser ut til \u00e5 kunne sl\u00e5 inn for alvor.<\/p>\n<p>    <a itemprop=\"url\" href=\"https:\/\/borsen.dagbladet.no\/nyheter\/na-kommer-smellen-betydelig\/83681870\" rel=\"nofollow noopener\" target=\"_blank\"><\/p>\n<p>        <img loading=\"lazy\" decoding=\"async\" src=\"https:\/\/www.europesays.com\/no\/wp-content\/uploads\/2025\/12\/83681953.webp\" width=\"980\" height=\"441\" title=\"N\u00e5 kommer smellen: - Betydelig\" alt=\"\" class=\"lazyload\" style=\"--aspect-ratio-image: 2.22; \"\/><\/p>\n<p>        N\u00e5 kommer smellen: &#8211; Betydelig<\/p>\n<p>    <\/a><\/p>\n<p>If\u00f8lge <a href=\"https:\/\/www.politico.com\/news\/2025\/12\/08\/trumps-tariff-costs-consumers-00679261?nid=0000014f-1646-d88f-a1cf-5f46b7bd0000&amp;nname=playbook&amp;nrid=45e6bef0-9e44-45c8-90d8-c13af3f92f16\" rel=\"nofollow noopener\" target=\"_blank\">Politico<\/a> har amerikanske forbrukere hittil ridd p\u00e5 en b\u00f8lge av Black Friday-salg, julesalg, og ikke minst store varelagre som ble bestilt inn f\u00f8r tollsatsene tr\u00e5dte i kraft.\u00a0<\/p>\n<p class=\"font-weight-bold m-font-weight-bold\" data-lab-font_weight=\"font-weight-bold\">N\u00e5 kan den tida v\u00e6re forbi.\u00a0<\/p>\n<p>    <a itemprop=\"url\" href=\"https:\/\/borsen.dagbladet.no\/nyheter\/far-skylda-verste-noensinne\/83942137\" rel=\"nofollow noopener\" target=\"_blank\"><\/p>\n<p>        <img loading=\"lazy\" decoding=\"async\" src=\"https:\/\/www.europesays.com\/no\/wp-content\/uploads\/2025\/12\/83942429.webp\" width=\"980\" height=\"441\" title=\"F\u00e5r skylda: \u00abVerste noensinne\u00bb\" alt=\"\" class=\"lazyload\" style=\"--aspect-ratio-image: 2.22; \"\/><\/p>\n<p>        F\u00e5r skylda: \u00abVerste noensinne\u00bb<\/p>\n<p>    <\/a><\/p>\n<p>&#8211; I f\u00f8rste halvdel av neste \u00e5r er vi bekymret for at forbrukerne vil begynne \u00e5 merke pris\u00f8kningene bredere, og at det kanskje ikke vil v\u00e6re salgskampanjer som bidrar til \u00e5 dempe effekten.\u00a0S\u00e5 det kan bli litt av et prissjokk for noen,\u00a0advarer detaljhandelsekspert, Joseph Feldman, i Telsey Advisory Group, if\u00f8lge avisa.<\/p>\n<p>        OVERSKUDD: USA\u00b4s president, Donald Trump, f\u00e5r sp\u00f8rsm\u00e5l om Norge har et overskudd med USA. Video: Reuters.<\/p>\n<p>M\u00e5 ta regninga\t<\/p>\n<p>Store amerikanske handelsgiganter som Kohl\u2019s, Abercrombie, Williams-Sonoma og Under Armour har alle advart om pris\u00f8kninger fra nytt\u00e5r. Noen\u00a0 fra s\u00e5 tidlig som i desember.\u00a0<\/p>\n<p class=\"font-weight-bold m-font-weight-bold\" data-lab-font_weight=\"font-weight-bold\">Bilgiganten Ford ansl\u00e5r p\u00e5 sin side at tollsatene vil koste selskapet 1 milliard dollar i 2026 alene. Flere har varslet at deler av de \u00f8kte kostnadene til syvende og sist vil veltes over p\u00e5 forbrukerne.\u00a0\u00a0<\/p>\n<p>    <a itemprop=\"url\" href=\"https:\/\/borsen.dagbladet.no\/nyheter\/har-store-konsekvenser\/83842937\" rel=\"nofollow noopener\" target=\"_blank\"><\/p>\n<p>        <img loading=\"lazy\" decoding=\"async\" src=\"https:\/\/www.europesays.com\/no\/wp-content\/uploads\/2025\/12\/83842951.webp\" width=\"980\" height=\"441\" title=\"- Har store konsekvenser\" alt=\"\" class=\"lazyload\" style=\"--aspect-ratio-image: 2.22; \"\/><\/p>\n<p>        &#8211; Har store konsekvenser<\/p>\n<p>    <\/a><\/p>\n<p> Siden Trump kom tilbake til Det hvite hus i slutten av januar, har han ilagt toll p\u00e5 nesten alle varer USA importerer. I gjennomsnitt er tollsatsene p\u00e5 16,8 prosent, som er det h\u00f8yeste niv\u00e5et siden 1930-tallet.<\/p>\n<p>Skrekkresultat\t<\/p>\n<p> Skulle prisene \u00f8ke fra nytt\u00e5r, ville det v\u00e6re d\u00e5rlig nytt for president Donald Trump som allerede opplever press fra amerikanske forbrukere rundt \u00f8kte levekostnader i USA. <\/p>\n<p>Politico gjennomf\u00f8rte nylig en meningsm\u00e5ling med <a href=\"https:\/\/borsen.dagbladet.no\/nyheter\/far-skylda-verste-noensinne\/83942137\" rel=\"nofollow noopener\" target=\"_blank\">skrekkresultat for republikanerne<\/a>: Selv presidentens egne velgere er skuffet over det de opplever som en forverring i \u00f8konomiens tilstand under Trump.\u00a0<\/p>\n<p>    <a itemprop=\"url\" href=\"https:\/\/borsen.dagbladet.no\/nyheter\/slipper-monstertoll\/83692048\" rel=\"nofollow noopener\" target=\"_blank\"><\/p>\n<p>        <img loading=\"lazy\" decoding=\"async\" src=\"https:\/\/www.europesays.com\/no\/wp-content\/uploads\/2025\/12\/83692083.webp\" width=\"980\" height=\"441\" title=\"Slipper monstertoll\" alt=\"\" class=\"lazyload\" style=\"--aspect-ratio-image: 2.22; \"\/><\/p>\n<p>        Slipper monstertoll<\/p>\n<p>    <\/a><\/p>\n<p class=\"font-weight-bold m-font-weight-bold\" data-lab-font_weight=\"font-weight-bold\">Det hvite hus mener imidlertid at meningsm\u00e5lingene ikke gjenspeiler virkeligheten.\u00a0<\/p>\n<p> &#8211; \u00c5 rydde opp i Joe Bidens \u00f8konomiske katastrofe har v\u00e6rt en f\u00f8rsteprioritet fra dag \u00e9n for president Trump. President Trump er bare s\u00e5 vidt i gang med \u00e5 innf\u00f8re politikken som skapte historisk \u00f8konomisk vekst i hans f\u00f8rste periode, og amerikanerne kan v\u00e6re trygge p\u00e5 at det beste enn\u00e5 ligger foran dem, sa talsperson Kush Desai i en uttalelse forrige uke, gjengitt av Politico. <\/p>\n<p>    <a itemprop=\"url\" href=\"https:\/\/borsen.dagbladet.no\/nyheter\/usa-taper-mest\/83645319\" rel=\"nofollow noopener\" target=\"_blank\"><\/p>\n<p>        <img loading=\"lazy\" decoding=\"async\" src=\"https:\/\/www.europesays.com\/no\/wp-content\/uploads\/2025\/12\/1765300333_492_83390270.webp\" width=\"980\" height=\"441\" title=\"- USA taper mest\" alt=\"\" class=\"lazyload\" style=\"--aspect-ratio-image: 2.22; \"\/><\/p>\n<p>        &#8211; USA taper mest<\/p>\n<p>    <\/a><\/p>\n<p>Bekymret\t<\/p>\n<p> For noen uker siden skrev NTB at\u00a0amerikaneres \u00f8kende levekostnader kan legge grunnlaget for en av de st\u00f8rste kampsakene f\u00f8r mellomvalget til den amerikanske kongressen neste \u00e5r. <\/p>\n<p class=\"font-weight-bold m-font-weight-bold\" data-lab-font_weight=\"font-weight-bold\"> Ved siden av \u00f8kte levekostnader, er ogs\u00e5 \u00f8kende str\u00f8mpriser en stor \u00f8konomisk bekymring for amerikanere. \u00c5rsaken til at prisene har skutt i v\u00e6ret, er en kraftig utbygging av KI-datasentre som krever mye str\u00f8m.<\/p>\n","protected":false},"excerpt":{"rendered":"Toll: Advarer om en \u00f8konomisk smertefull start p\u00e5 ny\u00e5ret som f\u00f8lge av Donald Trumps tollsatser.\u00a0 SKAPER HODEBRY: Amerikanske&hellip;\n","protected":false},"author":2,"featured_media":108620,"comment_status":"","ping_status":"","sticky":false,"template":"","format":"standard","meta":{"footnotes":""},"categories":[12],"tags":[20,21,55,24,25,13447,15,22,23,13,30,28,29,14,16,904,365,26,27,50,42,43,44,45],"class_list":{"0":"post-108619","1":"post","2":"type-post","3":"status-publish","4":"format-standard","5":"has-post-thumbnail","7":"category-verden","8":"tag-breaking-news","9":"tag-breakingnews","10":"tag-donald-trump","11":"tag-featured-news","12":"tag-featurednews","13":"tag-forbrukere","14":"tag-headlines","15":"tag-latest-news","16":"tag-latestnews","17":"tag-news","18":"tag-no","19":"tag-norge","20":"tag-norway","21":"tag-nyheter","22":"tag-overskrifter","23":"tag-pris","24":"tag-toll","25":"tag-top-stories","26":"tag-topstories","27":"tag-usa","28":"tag-verden","29":"tag-world","30":"tag-world-news","31":"tag-worldnews"},"share_on_mastodon":{"url":"https:\/\/pubeurope.com\/@no\/115690730107724557","error":""},"_links":{"self":[{"href":"https:\/\/www.europesays.com\/no\/wp-json\/wp\/v2\/posts\/108619","targetHints":{"allow":["GET"]}}],"collection":[{"href":"https:\/\/www.europesays.com\/no\/wp-json\/wp\/v2\/posts"}],"about":[{"href":"https:\/\/www.europesays.com\/no\/wp-json\/wp\/v2\/types\/post"}],"author":[{"embeddable":true,"href":"https:\/\/www.europesays.com\/no\/wp-json\/wp\/v2\/users\/2"}],"replies":[{"embeddable":true,"href":"https:\/\/www.europesays.com\/no\/wp-json\/wp\/v2\/comments?post=108619"}],"version-history":[{"count":0,"href":"https:\/\/www.europesays.com\/no\/wp-json\/wp\/v2\/posts\/108619\/revisions"}],"wp:featuredmedia":[{"embeddable":true,"href":"https:\/\/www.europesays.com\/no\/wp-json\/wp\/v2\/media\/108620"}],"wp:attachment":[{"href":"https:\/\/www.europesays.com\/no\/wp-json\/wp\/v2\/media?parent=108619"}],"wp:term":[{"taxonomy":"category","embeddable":true,"href":"https:\/\/www.europesays.com\/no\/wp-json\/wp\/v2\/categories?post=108619"},{"taxonomy":"post_tag","embeddable":true,"href":"https:\/\/www.europesays.com\/no\/wp-json\/wp\/v2\/tags?post=108619"}],"curies":[{"name":"wp","href":"https:\/\/api.w.org\/{rel}","templated":true}]}}