{"id":108621,"date":"2025-12-09T17:13:10","date_gmt":"2025-12-09T17:13:10","guid":{"rendered":"https:\/\/www.europesays.com\/no\/108621\/"},"modified":"2025-12-09T17:13:10","modified_gmt":"2025-12-09T17:13:10","slug":"vann-drikkevann-bruk-minst-mulig-vann","status":"publish","type":"post","link":"https:\/\/www.europesays.com\/no\/108621\/","title":{"rendered":"Vann, Drikkevann | \u2013 Bruk minst mulig vann"},"content":{"rendered":"\n<p>En feil f\u00f8rte til store konsekvenser.<\/p>\n<p>\u2013 Vi har feil p\u00e5 vanninntaket til vannverket som gj\u00f8r at vi ikke f\u00e5r produsert nytt drikkevann, opplyser kommunen p\u00e5 sine nettsider.<\/p>\n<p>\u2013 Det ser ut til at vi f\u00e5r l\u00f8st utfordringen med vanntilf\u00f8rselen i l\u00f8pet av ettermiddagen, opplyser Vestre Toten kommune klokken 14.00.<\/p>\n<p>   <img decoding=\"async\" width=\"6000\" height=\"4000\" fetchpriority=\"low\"  loading=\"lazy\"  src=\"https:\/\/www.europesays.com\/no\/wp-content\/uploads\/2025\/12\/DSC_0910.JPG\" alt=\"\" class=\"brick-c-cFOWSL\" style=\"--brick-image-ratio: 6000 \/ 4000;\"\/><\/p>\n<p>Vestre Toten kommune oppfordrer fortsatt alle innbyggere om \u00e5 begrense bruk av vann i en oppdatering klokken 17.00 tirsdag.<\/p>\n<p>\u2013 Vi har rettet feilen p\u00e5 vanninntaket til vannverket. Vi har startet opp produksjon av drikkevann. Det vil ta tid \u00e5 fylle opp vannmagasinene igjen. Vi ber derfor fortsatt om hjelp fra v\u00e5re abonnenter om \u00e5 bruke minst mulig vann det f\u00f8rste d\u00f8gnet. Vannet er trygt \u00e5 drikke, skriver kommunen i en melding til innbyggerne.<\/p>\n<p>\u00c5rsaken til den opprinnelige oppfordringen om \u00e5 begrense vannbruk er at vannmagasinene var i ferd med \u00e5 t\u00f8mmes i kommunen. Derfor ba de abonnentene om hjelp.<\/p>\n<p>Tirsdag jobbet kommunens ansatte ved vannverket ved Skjelbreia.<\/p>\n<p>Vann til drikke og mat<\/p>\n<p>\u2013 Bruk minst mulig vann inntil problemet er l\u00f8st, oppfordret kommunen.<\/p>\n<p>Dette var for \u00e5 sikre at vannforsyningen holder lengst mulig.<\/p>\n<p>\u2013 Prioriter vannforbruk til drikke og matlaging. Unng\u00e5 \u00e5 bruke vann til andre oppgaver som kan utsettes, meldte kommunen.<\/p>\n<p>Kommunen anbefalte folk \u00e5 bruke vann fra eget beredskapslager.<\/p>\n<p>   <img decoding=\"async\" width=\"5184\" height=\"3456\" fetchpriority=\"low\"  loading=\"lazy\"  src=\"https:\/\/www.europesays.com\/no\/wp-content\/uploads\/2025\/12\/vannverk+vestre+toten+2_1.JPG\" alt=\"\" class=\"brick-c-cFOWSL\" style=\"--brick-image-ratio: 5184 \/ 3456;\"\/><\/p>\n<p>      DYKKERE: Det er dykkere til stede p\u00e5 vannanlegget til kommunen for \u00e5 f\u00e5 l\u00f8s pluggen.<br \/>\n      Foto: Tobias Br\u00f8ste B\u00e5kind\n    <\/p>\n<p>  L\u00f8st problemet<\/p>\n<p>Mannskaper i Vestre Toten kommune jobbet p\u00e5 spreng for \u00e5 l\u00f8se problemet.<\/p>\n<p>\u00c5rsaken til at vannmagasinene t\u00f8mmes var en lekkasje som har v\u00e6rt under utbedring. I forbindelse med denne reparasjonen plugget de igjen inntaksledningen til vannverket.<\/p>\n<p>\u2013 N\u00e5 som reparasjonen er gjennomf\u00f8rt, skal pluggen fjernes, men den har kilt seg fast, forklarte driftssjef Bodil Evenstad til OA tirsdag p\u00e5 dagtid.<\/p>\n<p>Dette f\u00f8rte til at vanninntaket hadde stoppet opp og kommunen produserte dermed ikke mer drikkevann.<\/p>\n<p>\u2013 Det er dykkere p\u00e5 stedet og det blir n\u00e5 gjennomf\u00f8rt kamerainspeksjon i arbeidet med \u00e5 f\u00e5 l\u00f8s proppen, sa Evenstad.<\/p>\n<p>Det var da uklart hvor lang tid dette kom til \u00e5 ta.<\/p>\n<p>Kommunen sendte ut SMS til sine vannabonnenter med disse opplysningene.<\/p>\n<p>\u2013 Teknisk drift beklager ulempene dette medf\u00f8rer, avslutter de meldingen med.<\/p>\n<p>I en oppdatering klokken 17.00 tirsdag ettermiddag kan de fortelle at de problemet er l\u00f8st, men at det vil ta tid \u00e5 fylle magasinene med vann.<\/p>\n<p>\u2013 Vi takker for t\u00e5lmodigheten, og vil komme med en ny statusoppdatering i morgen 10.12. kl. 12.00, skriver kommunen i en melding til sine innbyggere.<\/p>\n","protected":false},"excerpt":{"rendered":"En feil f\u00f8rte til store konsekvenser. \u2013 Vi har feil p\u00e5 vanninntaket til vannverket som gj\u00f8r at vi&hellip;\n","protected":false},"author":2,"featured_media":108622,"comment_status":"","ping_status":"","sticky":false,"template":"","format":"standard","meta":{"footnotes":""},"categories":[10],"tags":[36,20,21,2622,24,25,15,22,23,13,30,28,29,14,16,1510,26,27,6465,1917,2188],"class_list":{"0":"post-108621","1":"post","2":"type-post","3":"status-publish","4":"format-standard","5":"has-post-thumbnail","7":"category-norge","8":"tag-art","9":"tag-breaking-news","10":"tag-breakingnews","11":"tag-drikkevann","12":"tag-featured-news","13":"tag-featurednews","14":"tag-headlines","15":"tag-latest-news","16":"tag-latestnews","17":"tag-news","18":"tag-no","19":"tag-norge","20":"tag-norway","21":"tag-nyheter","22":"tag-overskrifter","23":"tag-story","24":"tag-top-stories","25":"tag-topstories","26":"tag-totenidag","27":"tag-vann","28":"tag-vestre-toten-kommune"},"share_on_mastodon":{"url":"https:\/\/pubeurope.com\/@no\/115690734245706828","error":""},"_links":{"self":[{"href":"https:\/\/www.europesays.com\/no\/wp-json\/wp\/v2\/posts\/108621","targetHints":{"allow":["GET"]}}],"collection":[{"href":"https:\/\/www.europesays.com\/no\/wp-json\/wp\/v2\/posts"}],"about":[{"href":"https:\/\/www.europesays.com\/no\/wp-json\/wp\/v2\/types\/post"}],"author":[{"embeddable":true,"href":"https:\/\/www.europesays.com\/no\/wp-json\/wp\/v2\/users\/2"}],"replies":[{"embeddable":true,"href":"https:\/\/www.europesays.com\/no\/wp-json\/wp\/v2\/comments?post=108621"}],"version-history":[{"count":0,"href":"https:\/\/www.europesays.com\/no\/wp-json\/wp\/v2\/posts\/108621\/revisions"}],"wp:featuredmedia":[{"embeddable":true,"href":"https:\/\/www.europesays.com\/no\/wp-json\/wp\/v2\/media\/108622"}],"wp:attachment":[{"href":"https:\/\/www.europesays.com\/no\/wp-json\/wp\/v2\/media?parent=108621"}],"wp:term":[{"taxonomy":"category","embeddable":true,"href":"https:\/\/www.europesays.com\/no\/wp-json\/wp\/v2\/categories?post=108621"},{"taxonomy":"post_tag","embeddable":true,"href":"https:\/\/www.europesays.com\/no\/wp-json\/wp\/v2\/tags?post=108621"}],"curies":[{"name":"wp","href":"https:\/\/api.w.org\/{rel}","templated":true}]}}