{"id":108623,"date":"2025-12-09T17:14:14","date_gmt":"2025-12-09T17:14:14","guid":{"rendered":"https:\/\/www.europesays.com\/no\/108623\/"},"modified":"2025-12-09T17:14:14","modified_gmt":"2025-12-09T17:14:14","slug":"belarus-driver-med-utpressing","status":"publish","type":"post","link":"https:\/\/www.europesays.com\/no\/108623\/","title":{"rendered":"Belarus driver med utpressing"},"content":{"rendered":"<p class=\"kicker \" style=\"\">Tidligere forsvarsminister:<\/p>\n<p>  Litauens tidligere forsvarsminister sier vi m\u00e5 v\u00e6re klare for alt.\u00a0N\u00e5 er det unntakstilstand etter en str\u00f8m av smuglerballonger.<\/p>\n<p>\n    &#8211; HYBRID KRIG: Smuglerballongene som sendes inn i Litauen fra Belarus, er hybrid krigf\u00f8ring, sier Litauens tidligere forsvarsminister, Rasa Juknevi\u010dien\u0117. Foto: Litauens grensevakt via AP\/NTB\n  <\/p>\n<p>Flere hundre smuglerballonger fra Belarus har i \u00e5r krenket Litauens luftrom. Det har blant annet f\u00f8rt til gjentatte og langvarige nedstengninger av landets to st\u00f8rste flyplasser.<\/p>\n<p>I oktober f\u00f8rte ballongtrafikken til at Litauen stengte sine to grenseoverganger til Belarus i flere uker.<\/p>\n<p>I dag ble det vedtatt at regjeringen erkl\u00e6rer unntakstilstand som f\u00f8lge av situasjonen, som gj\u00f8r det mulig \u00e5 sette inn ekstra ressurser for \u00e5 bekjempe ballongene \u2013 inkludert fra milit\u00e6re enheter.<\/p>\n<p>Sender signal til Norge\t<\/p>\n<p>&#8211; Om det var en riktig avgj\u00f8relse? Selvf\u00f8lgelig, selvf\u00f8lgelig, sier Litauens tidligere forsvarsminister, Rasa Juknevi\u010dien\u0117 (67), p\u00e5 telefon til Dagbladet tirsdag.<\/p>\n<p>        <img loading=\"lazy\" decoding=\"async\" itemprop=\"image\" src=\"https:\/\/www.europesays.com\/no\/wp-content\/uploads\/2025\/12\/1765300450_644_83960707.webp\" width=\"180\" height=\"180\" alt=\"Rasa Juknevi\u010dien\u0117\"\/><\/p>\n<p>            Rasa Juknevi\u010dien\u0117<br \/>\n            Rasa<br \/>\n            Juknevi\u010dien\u0117        <\/p>\n<p>Litauens tidligere forsvarsminister.<\/p>\n<p> I tillegg til \u00e5 ha v\u00e6rt landets forsvarsminister mellom 2008 og 2012, er hun ogs\u00e5 tidligere leder av Natos parlamentarikerforsamling, og n\u00e5 medlem av Europaparlamentets kommisjon for sikkerhet og forsvar.<\/p>\n<p class=\"font-weight-bold m-font-weight-bold\" data-lab-font_weight=\"font-weight-bold\">&#8211; Det er positivt for institusjonene v\u00e5re som jobber mot dette, og i tillegg sender det et tydelig signal \u2013 eksempelvis til dere i Norge \u2013 om at vi tar dette veldig alvorlig. Det er mye snakk om hybridkrig n\u00e5, men her kan du se det foreg\u00e5 p\u00e5 bakken.<\/p>\n<p>    <a itemprop=\"url\" href=\"https:\/\/www.dagbladet.no\/nyheter\/stalsetter-seg\/83732945\" rel=\"nofollow noopener\" target=\"_blank\"><\/p>\n<p>        <img loading=\"lazy\" decoding=\"async\" src=\"https:\/\/www.europesays.com\/no\/wp-content\/uploads\/2025\/12\/1765300451_383_83736392.webp\" width=\"980\" height=\"441\" title=\"St\u00e5lsetter seg\" alt=\"\" class=\"lazyload\" style=\"--aspect-ratio-image: 2.22; \"\/><\/p>\n<p>        St\u00e5lsetter seg<\/p>\n<p>    <\/a><\/p>\n<p>Selv om ballongene i utgangspunktet har blitt brukt av smuglere til \u00e5 frakte sigaretter over grensen, har antall ballonger og retningen de tar f\u00f8rt til at Litauiske myndigheter kaller de et hybridangrep. Den vurderingen stiller Juknevi\u010dien\u0117 seg bak.<\/p>\n<p>        <img loading=\"lazy\" decoding=\"async\" src=\"https:\/\/www.europesays.com\/no\/wp-content\/uploads\/2025\/12\/1765300452_282_83961251.webp\" width=\"980\" height=\"559\" title=\"ANKLAGES FOR UTPRESSING: Aleksandr Lukasjenko, her avbildet med Belarus' forsvarsminister Viktor Khrenin under et m\u00f8te i Kirgisistan 27. november. Foto: Sputnik\/Alexander Kazakov\/Pool via Reuters \/ NTB\" alt=\"\" class=\"\" style=\"--aspect-ratio-image: 1.75; \"\/><\/p>\n<p>\n        ANKLAGES FOR UTPRESSING: Aleksandr Lukasjenko, her avbildet med Belarus&#8217; forsvarsminister Viktor Khrenin under et m\u00f8te i Kirgisistan 27. november. Foto: Sputnik\/Alexander Kazakov\/Pool via Reuters \/ NTB\n    <\/p>\n<p>Vil bruke det som propaganda\t<\/p>\n<p>I tillegg p\u00e5peker hun:<\/p>\n<p class=\"font-weight-bold m-font-weight-bold\" data-lab-font_weight=\"font-weight-bold\">&#8211; Etter Lukashenkos kunngj\u00f8ring i dag, hvor han ber om at utenriksministerne v\u00e5re m\u00f8tes, ble det mer enn tydelig at de gj\u00f8r dette med vilje. De bruker det som utpressing.<\/p>\n<p>Hun mener det ville oppfattes som en seier av Belarus og Lukashenko om de klarte \u00e5 tvinge gjennom et slikt m\u00f8te. Dette kunne de blant annet brukt som propaganda p\u00e5 hjemmebane for \u00e5 vise at det er dialog mellom de og vesten \u2013 at sanksjonene ikke fungerer.<\/p>\n<p>&#8211; Det er bare for \u00e5 ta bilder, for \u00e5 ydmyke \u2013 vise at han vinner.<\/p>\n<p>    <a itemprop=\"url\" href=\"https:\/\/www.dagbladet.no\/nyheter\/trenger-ikke-denne-krigen\/83957346\" rel=\"nofollow noopener\" target=\"_blank\"><\/p>\n<p>        <img loading=\"lazy\" decoding=\"async\" src=\"https:\/\/www.europesays.com\/no\/wp-content\/uploads\/2025\/12\/1765300452_968_83957352.webp\" width=\"980\" height=\"441\" title=\"- Trenger ikke denne krigen\" alt=\"\" class=\"lazyload\" style=\"--aspect-ratio-image: 2.22; \"\/><\/p>\n<p>        &#8211; Trenger ikke denne krigen<\/p>\n<p>    <\/a><\/p>\n<p>Reell fare\t<\/p>\n<p>Juknevi\u010dien\u0117 mener ogs\u00e5 at omtalen om \u00abballongproblemet\u00bb er med p\u00e5 \u00e5 underspille alvorligheten.<\/p>\n<p>&#8211; De utgj\u00f8re en reell fare for flysikkerheten, ogs\u00e5 for den internasjonale flysikkerheten. Dette er ballonger som kan g\u00e5 opp til 12 000 meter over bakken.<\/p>\n<p>Litauen har lang erfaring med hybridangrep fra b\u00e5de Russland og Belarus. Eksempelvis som i 2021 da de to nevnte landene brukte menneskestr\u00f8mmer av migranter som v\u00e5pen mot Litauens grenser.<\/p>\n<p data-lab-font_weight=\"\">&#8211; De vil skape kaos, st\u00f8y, frykt, og skade samfunnet v\u00e5rt, sier Juknevi\u010dien\u0117.<\/p>\n<p class=\"font-weight-bold m-font-weight-bold\" data-lab-font_weight=\"font-weight-bold\"> &#8211; De gjorde det da, og de gj\u00f8r det n\u00e5. Den gangen var det i opptakten til fullskalainvasjonen av Ukraina, men hvem vet hva de planlegger n\u00e5? <\/p>\n<p>    <a itemprop=\"url\" href=\"https:\/\/www.dagbladet.no\/nyheter\/kreml-putin-vil-ikke-angripe-nato\/83959324\" rel=\"nofollow noopener\" target=\"_blank\"><\/p>\n<p>        <img loading=\"lazy\" decoding=\"async\" src=\"https:\/\/www.europesays.com\/no\/wp-content\/uploads\/2025\/12\/1765300453_535_83959337.webp\" width=\"980\" height=\"441\" title=\"Kreml: Putin vil ikke angripe Nato\" alt=\"\" class=\"lazyload\" style=\"--aspect-ratio-image: 2.22; \"\/><\/p>\n<p>        Kreml: Putin vil ikke angripe Nato<\/p>\n<p>    <\/a><\/p>\n<p>Vil skade \u00f8konomien\t<\/p>\n<p>Men det har ogs\u00e5 et \u00f8konomisk aspekt, p\u00e5peker hun.<\/p>\n<p>&#8211; Det blir store \u00f8konomiske tap for flyplassen og flyselskapene. Hele 47 000 reisende har blitt p\u00e5virket av angrepene.<\/p>\n<p>Den samme motivasjonen s\u00e5 Litauen og Juknevi\u010dien\u0117 etter at grensen til Belarus ble stengt i flere uker. Da satt flere lastebiler fast p\u00e5 den belarusiske siden uten mulighet til \u00e5 reise tilbake til Litauen. Men etter at grensen \u00e5pnet, har flere blitt nektet \u00e5 returnere av belarusiske myndigheter.<\/p>\n<p class=\"font-weight-bold m-font-weight-bold\" data-lab-font_weight=\"font-weight-bold\">&#8211; De er rett og slett gisler, sier Juknevi\u010dien\u0117, som legger til at dette ogs\u00e5 er for \u00e5 skade \u00f8konomien til Litauen.<\/p>\n<p>Det utgj\u00f8r hele 280 lastebiler, har statsminster Inga Ruginien\u0117 uttalt, som ogs\u00e5 har bedt EU-kommisjonen om bistand til \u00e5 f\u00e5 de tilbake.<\/p>\n<p>    <a itemprop=\"url\" href=\"https:\/\/www.dagbladet.no\/nyheter\/stengte-grenseoverganger\/83753647\" rel=\"nofollow noopener\" target=\"_blank\"><\/p>\n<p>        <img loading=\"lazy\" decoding=\"async\" src=\"https:\/\/www.europesays.com\/no\/wp-content\/uploads\/2025\/12\/1765300454_529_83753653.webp\" width=\"980\" height=\"441\" title=\"Stengte grense\u00adoverganger\" alt=\"\" class=\"lazyload\" style=\"--aspect-ratio-image: 2.22; \"\/><\/p>\n<p>        Stengte grense\u00adoverganger<\/p>\n<p>    <\/a><\/p>\n<p>Ogs\u00e5 i den forbindelsen hadde Belarus via private transportselskap sendt meldinger om at utenriksministerne til Litauen og Belarus burde m\u00f8tes.<\/p>\n<p>\u00abAlt er p\u00e5 v\u00e5re skuldre n\u00e5\u00bb\t<\/p>\n<p class=\"italic m-italic\" data-lab-italic=\"italic\">&#8211; Kan vi forvente flere angrep fremover?<\/p>\n<p>&#8211; Jeg tror det, jeg tror absolutt det. N\u00e5r jeg ser hva som skjer med USAs holdning til Europa og sikkerhetspolitikk, da ser jeg at vi m\u00e5 v\u00e6re klare for alt. Vi m\u00e5 fokusere p\u00e5 et sterkt europeisk forsvar \u2013 samarbeid med Norge, EU-land, og ikke minst Ukraina. Alt er p\u00e5 v\u00e5re skuldre n\u00e5.<\/p>\n<p class=\"font-weight-bold m-font-weight-bold\" data-lab-font_weight=\"font-weight-bold\">Men akkurat hva som kan skje fremover, er ogs\u00e5 Juknevi\u010dien\u0117 usikker p\u00e5.<\/p>\n<p>&#8211; Det er naturen til hybrid krigf\u00f8ring \u2013 det er hybrid. Du vet aldri hva de kan finne p\u00e5, og du vet aldri hva som kan bli brukt som v\u00e5pen mot deg.<\/p>\n","protected":false},"excerpt":{"rendered":"Tidligere forsvarsminister: Litauens tidligere forsvarsminister sier vi m\u00e5 v\u00e6re klare for alt.\u00a0N\u00e5 er det unntakstilstand etter en str\u00f8m&hellip;\n","protected":false},"author":2,"featured_media":105473,"comment_status":"","ping_status":"","sticky":false,"template":"","format":"standard","meta":{"footnotes":""},"categories":[5],"tags":[1065,20,21,24,25,15,19,22,23,8156,17,18,13,30,28,29,14,16,26,27,412],"class_list":{"0":"post-108623","1":"post","2":"type-post","3":"status-publish","4":"format-standard","5":"has-post-thumbnail","7":"category-overskrifter","8":"tag-belarus","9":"tag-breaking-news","10":"tag-breakingnews","11":"tag-featured-news","12":"tag-featurednews","13":"tag-headlines","14":"tag-hovedoppslag","15":"tag-latest-news","16":"tag-latestnews","17":"tag-litauen","18":"tag-main-news","19":"tag-mainnews","20":"tag-news","21":"tag-no","22":"tag-norge","23":"tag-norway","24":"tag-nyheter","25":"tag-overskrifter","26":"tag-top-stories","27":"tag-topstories","28":"tag-utenriks"},"share_on_mastodon":{"url":"https:\/\/pubeurope.com\/@no\/115690737963892838","error":""},"_links":{"self":[{"href":"https:\/\/www.europesays.com\/no\/wp-json\/wp\/v2\/posts\/108623","targetHints":{"allow":["GET"]}}],"collection":[{"href":"https:\/\/www.europesays.com\/no\/wp-json\/wp\/v2\/posts"}],"about":[{"href":"https:\/\/www.europesays.com\/no\/wp-json\/wp\/v2\/types\/post"}],"author":[{"embeddable":true,"href":"https:\/\/www.europesays.com\/no\/wp-json\/wp\/v2\/users\/2"}],"replies":[{"embeddable":true,"href":"https:\/\/www.europesays.com\/no\/wp-json\/wp\/v2\/comments?post=108623"}],"version-history":[{"count":0,"href":"https:\/\/www.europesays.com\/no\/wp-json\/wp\/v2\/posts\/108623\/revisions"}],"wp:featuredmedia":[{"embeddable":true,"href":"https:\/\/www.europesays.com\/no\/wp-json\/wp\/v2\/media\/105473"}],"wp:attachment":[{"href":"https:\/\/www.europesays.com\/no\/wp-json\/wp\/v2\/media?parent=108623"}],"wp:term":[{"taxonomy":"category","embeddable":true,"href":"https:\/\/www.europesays.com\/no\/wp-json\/wp\/v2\/categories?post=108623"},{"taxonomy":"post_tag","embeddable":true,"href":"https:\/\/www.europesays.com\/no\/wp-json\/wp\/v2\/tags?post=108623"}],"curies":[{"name":"wp","href":"https:\/\/api.w.org\/{rel}","templated":true}]}}