{"id":108624,"date":"2025-12-09T17:15:10","date_gmt":"2025-12-09T17:15:10","guid":{"rendered":"https:\/\/www.europesays.com\/no\/108624\/"},"modified":"2025-12-09T17:15:10","modified_gmt":"2025-12-09T17:15:10","slug":"det-blir-ikke-storre","status":"publish","type":"post","link":"https:\/\/www.europesays.com\/no\/108624\/","title":{"rendered":"\u2013 Det blir ikke st\u00f8rre"},"content":{"rendered":"\n<ul class=\"_list_o9xde_3 _list_64s2r_85 _unordered_o9xde_106 text-sans-m\">\n<li class=\"_item_o9xde_30\">Stine Oftedal Dahmke legger opp som h\u00e5ndballspiller for godt.<\/li>\n<li class=\"_item_o9xde_30\">Hun avsluttet karrieren med OL-gull og bor n\u00e5 i Tyskland med mann og barn.<\/li>\n<li class=\"_item_o9xde_30\">Hun jobber som h\u00e5ndballekspert for Viaplay under VM og er ambassad\u00f8r for Pro H\u00e5ndball USA.<\/li>\n<\/ul>\n<p>Vis mer <\/p>\n<p class=\"_paragraph_o9xde_4 _paragraph_xtcu6_10 layout-component text-serif-m layout-normal text-serif-m layout-padded\">Hun avsluttet med OL-gull for 16 m\u00e5neder siden. Stine Oftedal Dahmke lever et helt nytt liv i Tyskland. Hun har giftet seg med sin Rune Dahmke (32) og i juli kom datteren Amelie.<\/p>\n<p class=\"_paragraph_o9xde_4 _paragraph_xtcu6_10 layout-component text-serif-m layout-normal text-serif-m layout-padded\"><strong class=\"_strong_o9xde_25\">\u2013 Det er veldig fint. Det blir ikke st\u00f8rre. Det har v\u00e6rt en utrolig fin opplevelse, sier den tidligere landslagskapteinen til VG.<\/strong><\/p>\n<p class=\"_paragraph_o9xde_4 _paragraph_xtcu6_10 layout-component text-serif-m layout-normal text-serif-m layout-padded\">\u2013 Det har v\u00e6rt akkurat slik man kan h\u00e5pe p\u00e5 og dr\u00f8mme om. Det er jeg veldig takknemlig og glad for. Det er ikke gitt at ting g\u00e5r s\u00e5 fort, sier hun etter \u00e5 ha blitt mor bare 11 m\u00e5neder etter OL-gullet.<\/p>\n<p class=\"_paragraph_o9xde_4 _paragraph_xtcu6_10 layout-component text-serif-m layout-normal text-serif-m layout-padded\">N\u00e5 er mamma p\u00e5 plass i rollen som ekspert for Viaplay under VM. Norge m\u00f8ter Montenegro i kvartfinalen tirsdag (TV 3 \/ Viaplay kl. 20.30)<\/p>\n<p class=\"_paragraph_o9xde_4 _paragraph_xtcu6_10 layout-component text-serif-m layout-normal text-serif-m layout-padded\">Stines mor, Ellen Bredal Oftedal og pappa Rune, v\u00e6rt med som barnevakter mens mamma har v\u00e6rt p\u00e5 skjermen i Dortmund.<\/p>\n<p class=\"_paragraph_o9xde_4 _paragraph_xtcu6_10 layout-component text-serif-m layout-normal text-serif-m layout-padded\"><strong class=\"_strong_o9xde_25\">Hun hadde samme rolle i b\u00e5de kvinne-EM og herre-VM sist sesong. Det var mye oppmerksomhet rundt Nora M\u00f8rks graviditet. Ingen visste at Stine var i samme b\u00e5t.<\/strong><\/p>\n<p class=\"_paragraph_o9xde_4 _paragraph_xtcu6_10 layout-component text-serif-m layout-normal text-serif-m layout-padded\">\u2013 Det var ikke meningen at vi skulle holde det hemmelig. 12. uke var p\u00e5 slutten av EM, men jeg ville ikke kommet med noen nyhet da. Jentene skulle f\u00e5 ha oppmerksomheten alene. Det kom heller ikke noen sp\u00f8rsm\u00e5l under herremesterskapet. Dermed endte jeg opp med ikke \u00e5 annonsere det, sier h\u00e5ndballjentenes kaptein gjennom ni \u00e5r.<\/p>\n<p class=\"_paragraph_o9xde_4 _paragraph_xtcu6_10 layout-component text-serif-m layout-normal text-serif-m layout-padded\">Hun holder en lav \u2013 og privat \u2013 profil p\u00e5 sosiale medier.<\/p>\n<p class=\"_paragraph_o9xde_4 _paragraph_xtcu6_10 layout-component text-serif-m layout-normal text-serif-m layout-padded\">Hun har nok \u00e5 glede seg over uten likerklikk og kommentarer fra hvermannsen. Hus, ekteskap, barn og hus i den nordtyske byen Kiel kom etter en maksimal avslutning av karrieren. Oftedal Dahmke bekrefter at fremtiden hennes ligger i Tyskland. Hun har bodd utenlands i 12 \u00e5r og vender etter alt \u00e5 d\u00f8mme ikke hjem igjen til Norge.<\/p>\n<p class=\"_paragraph_o9xde_4 _paragraph_xtcu6_10 layout-component text-serif-m layout-normal text-serif-m layout-padded\">I tillegg til OL-gullet vant hun ogs\u00e5 Champions League en siste gang med Gy\u00f6r forrige sommer.<\/p>\n<p class=\"_paragraph_o9xde_4 _paragraph_xtcu6_10 layout-component text-serif-m layout-normal text-serif-m layout-padded\">\u2013 En perfekt avslutning p\u00e5 karrieren og en meget god start p\u00e5 det nye livet ogs\u00e5, mener hun.<\/p>\n<p class=\"_paragraph_o9xde_4 _paragraph_xtcu6_10 layout-component text-serif-m layout-normal text-serif-m layout-padded\">Hennes karriereslutt var ikke definitiv i fjor sommer. Hun lot sp\u00f8rsm\u00e5let henge i luften, og avviste ikke et mulig comeback.<\/p>\n<p class=\"_paragraph_o9xde_4 _paragraph_xtcu6_10 layout-component text-serif-m layout-normal text-serif-m layout-padded\"><strong class=\"_strong_o9xde_25\">Men n\u00e5 avsl\u00f8rer Stine Oftedal Dahmke at det ikke blir noen retur til h\u00e5ndballbanen.<\/strong><\/p>\n<p class=\"_paragraph_o9xde_4 _paragraph_xtcu6_10 layout-component text-serif-m layout-normal text-serif-m layout-padded\">\u2013 Jeg uttalte i fjor at jeg ikke var sikker, men jeg var egentlig ganske sikker selv. Det var mer for \u00e5 gj\u00f8re hele pakken litt mindre stor utad. Jeg lot det v\u00e6re en liten \u00e5pning. Det ble nok f\u00f8lelser for meg uansett. Det var lettere for meg at folk kunne spekulere litt enn at det var et endelig \u00abha det bra\u00bb.<\/p>\n<p class=\"_paragraph_o9xde_4 _paragraph_xtcu6_10 layout-component text-serif-m layout-normal text-serif-m layout-padded\">\u2013 Du kommer aldri tilbake som h\u00e5ndballspiller?<\/p>\n<p class=\"_paragraph_o9xde_4 _paragraph_xtcu6_10 layout-component text-serif-m layout-normal text-serif-m layout-padded\">\u2013 Nei, det gj\u00f8r jeg ikke. Det er endelig.<\/p>\n<p class=\"_paragraph_o9xde_4 _paragraph_xtcu6_10 layout-component text-serif-m layout-normal text-serif-m layout-padded\">\u2013 I \u00e5ret f\u00f8r barnet kom syntes jeg det var helt fantastisk ikke \u00e5 drive med h\u00e5ndball. Jeg f\u00f8lte meg s\u00e5 mett og hadde f\u00e5tt et perfekt punktum. Det var s\u00e5 mye lettelse p\u00e5 slutten. Jeg kjente fullstendig glede da vi vant OL.<\/p>\n<p class=\"_paragraph_o9xde_4 _paragraph_xtcu6_10 layout-component text-serif-m layout-normal text-serif-m layout-padded\">\u2013 Vi klarte det! Det gikk! N\u00e5 kan jeg slappe av. Det har jeg virkelig gjort.<\/p>\n<p class=\"_paragraph_o9xde_4 _paragraph_xtcu6_10 layout-component text-serif-m layout-normal text-serif-m layout-padded\">\u2013 N\u00e5 er hverdagen plutselig blitt helt annerledes. Det har v\u00e6rt utfordrende ikke \u00e5 ha tid til noe, men jeg gj\u00f8r noe hele tiden. Det har v\u00e6rt veldig rart for meg som har v\u00e6rt s\u00e5 vant til \u00e5 legge opp livet helt etter egne behov. Trene, spise, sove. Plutselig er alt snudd p\u00e5 hodet, sier hun og kaller det hele \u00aben ny type intensitet i hverdagen\u00bb.<\/p>\n<p class=\"_paragraph_o9xde_4 _paragraph_xtcu6_10 layout-component text-serif-m layout-normal text-serif-m layout-padded\">\u2013 Hva med suget etter spenningen som du har f\u00e5tt med kamper?<\/p>\n<p class=\"_paragraph_o9xde_4 _paragraph_xtcu6_10 layout-component text-serif-m layout-normal text-serif-m layout-padded\">\u2013 Jeg elsket det, men det var ogs\u00e5 belastende over tid. Det har v\u00e6rt deilig ikke \u00e5 v\u00e6re en del av lenger, svarer hun.<\/p>\n<p><img alt=\"Foto: Stian Lysberg Solum \/ NTB\" class=\"_image_qp4xg_65 layout-component layout-normal\" data-fullscreen- data-track-element-type=\"Article image fullscreen\" data-track-name=\"ImageFullscreen\" decoding=\"async\" loading=\"lazy\" height=\"2981\" itemprop=\"image\"  src=\"https:\/\/www.europesays.com\/no\/wp-content\/uploads\/2025\/12\/f56466ad-f8dd-49e3-9201-2ee94206525d\"  style=\"object-position:0% 0%\" width=\"4950\"\/>Foto: Stian Lysberg Solum \/ NTB<\/p>\n<p class=\"_paragraph_o9xde_4 _paragraph_xtcu6_10 layout-component text-serif-m layout-normal text-serif-m layout-padded\">\u2013 Men jeg kjenner det inni meg n\u00e5r landslaget l\u00f8per ut til kamp i VM: \u00ab\u00e5hhh, det der var noe helt spesielt\u00bb. Det skal jeg ikke lenger v\u00e6re en del av. Det kjennes litt som et savn i positiv forstand. Jeg er s\u00e5 glad for at jeg har f\u00e5tt opplevd alt dette.<\/p>\n<p class=\"_paragraph_o9xde_4 _paragraph_xtcu6_10 layout-component text-serif-m layout-normal text-serif-m layout-padded\"><strong class=\"_strong_o9xde_25\">Hun er ambassad\u00f8r for organisasjonen \u00abPro H\u00e5ndball USA\u00bb sammen med Estavana Polman, Nikola Karabatic og Mikkel Hansen. Kvartetten skal promotere h\u00e5ndball i USA frem mot OL i Los Angeles om tre \u00e5r.<\/strong><\/p>\n<p class=\"_paragraph_o9xde_4 _paragraph_xtcu6_10 layout-component text-serif-m layout-normal text-serif-m layout-padded\">\u2013 Hva kan du si om VM-laget?<\/p>\n<p class=\"_paragraph_o9xde_4 _paragraph_xtcu6_10 layout-component text-serif-m layout-normal text-serif-m layout-padded\">\u2013 Det er helt ekstremt. Det kule i \u00e5r er at bredden er s\u00e5 stor, sier hun og minner om at profilerte spillere som Camilla Herrem, Kari Brattset Dale, Silje Solberg-\u00d8sthassel og Sanna Solberg-Isaksen mangler.<\/p>\n<p class=\"_paragraph_o9xde_4 _paragraph_xtcu6_10 layout-component text-serif-m layout-normal text-serif-m layout-padded\">\u2013 Jeg synes det er helt fantastisk at Norge har f\u00e5tt inn Deila-s\u00f8strene, Ingvild Bakkerud i en sentral rolle, Maren Aardahl har tatt en rolle i kapteinsteamet. Ting flyter rett og slett, beskriver hun.<\/p>\n<p class=\"_paragraph_o9xde_4 _paragraph_xtcu6_10 layout-component text-serif-m layout-normal text-serif-m layout-padded\">\u2013 Hva tenker du om diskusjonen om niv\u00e5et?<\/p>\n<p class=\"_paragraph_o9xde_4 _paragraph_xtcu6_10 layout-component text-serif-m layout-normal text-serif-m layout-padded\">\u2013 Det er vanskelig \u00e5 si noe annet enn at det er store forskjeller. Jeg er ikke s\u00e5 opptatt av at det skal v\u00e6re 32 eller 24 lag. Det er kjipt at det er f\u00e6rre lag i sjiktet rett under toppnasjonene. Nasjoner som Spania, Sverige og Romania ikke er s\u00e5 gode som for noen \u00e5r siden.<\/p>\n<p class=\"_paragraph_o9xde_4 _paragraph_xtcu6_10 layout-component text-serif-m layout-normal text-serif-m layout-padded\">\u2013 Hvorfor er det blitt slik?<\/p>\n<p class=\"_paragraph_o9xde_4 _paragraph_xtcu6_10 layout-component text-serif-m layout-normal text-serif-m layout-padded\">\u2013 Jeg vet ikke, men vi lever i en verden hvor \u00f8konomien er blitt litt vanskeligere. Jeg tror det p\u00e5virker en del. S\u00e6rlig for kvinneidrett. Dessuten forsvant en del av publikum under covid. De er ikke kommet tilbake. Det er mange klubber som har f\u00e5tt det vanskeligere.<\/p>\n","protected":false},"excerpt":{"rendered":"Stine Oftedal Dahmke legger opp som h\u00e5ndballspiller for godt. Hun avsluttet karrieren med OL-gull og bor n\u00e5 i&hellip;\n","protected":false},"author":2,"featured_media":108625,"comment_status":"","ping_status":"","sticky":false,"template":"","format":"standard","meta":{"footnotes":""},"categories":[59],"tags":[105,9443,1528,30,28,29,83,82,13448],"class_list":{"0":"post-108624","1":"post","2":"type-post","3":"status-publish","4":"format-standard","5":"has-post-thumbnail","7":"category-sport","8":"tag-handball","9":"tag-handball-vm","10":"tag-kvinnelandslaget-handball","11":"tag-no","12":"tag-norge","13":"tag-norway","14":"tag-sport","15":"tag-sports","16":"tag-stine-bredal-oftedal"},"share_on_mastodon":{"url":"https:\/\/pubeurope.com\/@no\/115690741682253867","error":""},"_links":{"self":[{"href":"https:\/\/www.europesays.com\/no\/wp-json\/wp\/v2\/posts\/108624","targetHints":{"allow":["GET"]}}],"collection":[{"href":"https:\/\/www.europesays.com\/no\/wp-json\/wp\/v2\/posts"}],"about":[{"href":"https:\/\/www.europesays.com\/no\/wp-json\/wp\/v2\/types\/post"}],"author":[{"embeddable":true,"href":"https:\/\/www.europesays.com\/no\/wp-json\/wp\/v2\/users\/2"}],"replies":[{"embeddable":true,"href":"https:\/\/www.europesays.com\/no\/wp-json\/wp\/v2\/comments?post=108624"}],"version-history":[{"count":0,"href":"https:\/\/www.europesays.com\/no\/wp-json\/wp\/v2\/posts\/108624\/revisions"}],"wp:featuredmedia":[{"embeddable":true,"href":"https:\/\/www.europesays.com\/no\/wp-json\/wp\/v2\/media\/108625"}],"wp:attachment":[{"href":"https:\/\/www.europesays.com\/no\/wp-json\/wp\/v2\/media?parent=108624"}],"wp:term":[{"taxonomy":"category","embeddable":true,"href":"https:\/\/www.europesays.com\/no\/wp-json\/wp\/v2\/categories?post=108624"},{"taxonomy":"post_tag","embeddable":true,"href":"https:\/\/www.europesays.com\/no\/wp-json\/wp\/v2\/tags?post=108624"}],"curies":[{"name":"wp","href":"https:\/\/api.w.org\/{rel}","templated":true}]}}