{"id":108626,"date":"2025-12-09T17:19:09","date_gmt":"2025-12-09T17:19:09","guid":{"rendered":"https:\/\/www.europesays.com\/no\/108626\/"},"modified":"2025-12-09T17:19:09","modified_gmt":"2025-12-09T17:19:09","slug":"halve-kyiv-uten-strom-etter-russiske-angrep","status":"publish","type":"post","link":"https:\/\/www.europesays.com\/no\/108626\/","title":{"rendered":"Halve Kyiv uten str\u00f8m etter russiske angrep"},"content":{"rendered":"\n<p class=\"_lead_o9xde_2 _lead_xtcu6_50 layout-component text-serif-m layout-normal text-serif-l layout-component layout-wide layout-padded _wide_17hqh_1 layout-padded\">Omtrent halvparten av innbyggerne i den ukrainske hovedstaden er uten str\u00f8m etter russiske angrep mot Ukrainas str\u00f8mforsyning.<\/p>\n<p><img alt=\"Kyiv opplever str\u00f8mrasjonering og planlagte str\u00f8mbrudd, noe som betyr at byen ikke lyser opp som vanlig i juletiden.  Foto: Felipe Dana \/ AP \/ NTB\" class=\"_image_qp4xg_65 layout-component layout-wide\" data-fullscreen- data-track-element-type=\"Article image fullscreen\" data-track-name=\"ImageFullscreen\" fetchpriority=\"high\" decoding=\"sync\" loading=\"eager\" height=\"4000\" itemprop=\"image\"  src=\"https:\/\/www.europesays.com\/no\/wp-content\/uploads\/2025\/12\/1f10f811-c5fa-4c59-a51e-88c163db31ef\"  style=\"object-position:0% 0%\" width=\"6000\"\/>Kyiv opplever str\u00f8mrasjonering og planlagte str\u00f8mbrudd, noe som betyr at byen ikke lyser opp som vanlig i juletiden.  Foto: Felipe Dana \/ AP \/ NTB<\/p>\n<ul aria-hidden=\"true\" class=\"_images_ntbth_112\">\n<li><a class=\"_link_ntbth_117\" href=\"https:\/\/www.vg.no\/forfatter\/ntb\" style=\"z-index:1\" title=\"NTB\" rel=\"nofollow noopener\" target=\"_blank\"><img alt=\"Bilde av NTB\" class=\"_image_ntbth_93\" fetchpriority=\"low\" loading=\"lazy\" decoding=\"async\" itemprop=\"image\"  src=\"https:\/\/www.europesays.com\/no\/wp-content\/uploads\/2025\/12\/1765300749_659_c33980b0-5d07-4027-84a1-813f90a7c8d6\"  width=\"480\"\/><\/a><\/li>\n<\/ul>\n<p> Oppdatert tirsdag 9. desember kl. 16:41     <\/p>\n<p class=\"_paragraph_o9xde_4 _paragraph_xtcu6_10 layout-component text-serif-m layout-normal text-serif-m layout-padded\">Rundt halvparten av befolkningen i den ukrainske hovedstaden Kyiv opplever n\u00e5 str\u00f8mbrudd.<\/p>\n<p class=\"_paragraph_o9xde_4 _paragraph_xtcu6_10 layout-component text-serif-m layout-normal text-serif-m layout-padded\">\u2013 Situasjonen i Kyiv er vanskelig. For \u00f8yeblikket er opptil 50 prosent av forbrukerne i hovedstaden uten str\u00f8m, skriver Ukrainas energidepartement p\u00e5 meldingstjenesten Telegram tirsdag.<\/p>\n<p class=\"_paragraph_o9xde_4 _paragraph_xtcu6_10 layout-component text-serif-m layout-normal text-serif-m layout-padded\">Str\u00f8mbruddet kommer etter en rekke russiske angrep mot kraftsystemet i Ukraina.<\/p>\n<p class=\"_paragraph_o9xde_4 _paragraph_xtcu6_10 layout-component text-serif-m layout-normal text-serif-m layout-padded\">Ogs\u00e5 i flere andre regionen er det innf\u00f8rt str\u00f8mrasjonering eller n\u00f8dutkobling for \u00e5 sikre prioritet av kraft til de mest n\u00f8dvendige samfunnsfunksjonene, opplyser Ukrainas nasjonale nettoperat\u00f8r. <\/p>\n","protected":false},"excerpt":{"rendered":"Omtrent halvparten av innbyggerne i den ukrainske hovedstaden er uten str\u00f8m etter russiske angrep mot Ukrainas str\u00f8mforsyning. Kyiv&hellip;\n","protected":false},"author":2,"featured_media":108627,"comment_status":"","ping_status":"","sticky":false,"template":"","format":"standard","meta":{"footnotes":""},"categories":[12],"tags":[20,21,24,25,15,22,23,13,30,28,29,14,16,26,27,42,43,44,45],"class_list":{"0":"post-108626","1":"post","2":"type-post","3":"status-publish","4":"format-standard","5":"has-post-thumbnail","7":"category-verden","8":"tag-breaking-news","9":"tag-breakingnews","10":"tag-featured-news","11":"tag-featurednews","12":"tag-headlines","13":"tag-latest-news","14":"tag-latestnews","15":"tag-news","16":"tag-no","17":"tag-norge","18":"tag-norway","19":"tag-nyheter","20":"tag-overskrifter","21":"tag-top-stories","22":"tag-topstories","23":"tag-verden","24":"tag-world","25":"tag-world-news","26":"tag-worldnews"},"share_on_mastodon":{"url":"https:\/\/pubeurope.com\/@no\/115690757556270344","error":""},"_links":{"self":[{"href":"https:\/\/www.europesays.com\/no\/wp-json\/wp\/v2\/posts\/108626","targetHints":{"allow":["GET"]}}],"collection":[{"href":"https:\/\/www.europesays.com\/no\/wp-json\/wp\/v2\/posts"}],"about":[{"href":"https:\/\/www.europesays.com\/no\/wp-json\/wp\/v2\/types\/post"}],"author":[{"embeddable":true,"href":"https:\/\/www.europesays.com\/no\/wp-json\/wp\/v2\/users\/2"}],"replies":[{"embeddable":true,"href":"https:\/\/www.europesays.com\/no\/wp-json\/wp\/v2\/comments?post=108626"}],"version-history":[{"count":0,"href":"https:\/\/www.europesays.com\/no\/wp-json\/wp\/v2\/posts\/108626\/revisions"}],"wp:featuredmedia":[{"embeddable":true,"href":"https:\/\/www.europesays.com\/no\/wp-json\/wp\/v2\/media\/108627"}],"wp:attachment":[{"href":"https:\/\/www.europesays.com\/no\/wp-json\/wp\/v2\/media?parent=108626"}],"wp:term":[{"taxonomy":"category","embeddable":true,"href":"https:\/\/www.europesays.com\/no\/wp-json\/wp\/v2\/categories?post=108626"},{"taxonomy":"post_tag","embeddable":true,"href":"https:\/\/www.europesays.com\/no\/wp-json\/wp\/v2\/tags?post=108626"}],"curies":[{"name":"wp","href":"https:\/\/api.w.org\/{rel}","templated":true}]}}