{"id":108630,"date":"2025-12-09T17:22:13","date_gmt":"2025-12-09T17:22:13","guid":{"rendered":"https:\/\/www.europesays.com\/no\/108630\/"},"modified":"2025-12-09T17:22:13","modified_gmt":"2025-12-09T17:22:13","slug":"hotellprisene-skyter-i-vaeret-foran-fotball-vm-2026","status":"publish","type":"post","link":"https:\/\/www.europesays.com\/no\/108630\/","title":{"rendered":"Hotellprisene skyter i v\u00e6ret foran fotball-VM 2026"},"content":{"rendered":"<p class=\"kicker bg-cyan color_mobile_bg-cyan hasTextPadding mobile-hasTextPadding\" style=\"\">Fotball-VM:<\/p>\n<p>  Hotellprisene eksploderer foran fotball-VM, og norske supportere risikerer et av historiens dyreste mesterskapsopphold.<\/p>\n<p>\n    DET BLIR DYRT: Jakten p\u00e5 rimelige hotellpriser til fotball-VM blir t\u00f8ff, for i USA presses selv de enkleste rommene kraftig opp. Foto: Odd Roar Lange\n  <\/p>\n<p>    Kort fortalt<\/p>\n<p lang=\"nb-NO\">Hotellprisene i USA stiger kraftig foran fotball-VM i 2026.<\/p>\n<p lang=\"nb-NO\">Prisene er n\u00e5 fire ganger h\u00f8yere enn normalt i vertsbyene.<\/p>\n<p lang=\"nb-NO\">Norske supportere kan forvente et kostbart mesterskapsopphold.<\/p>\n<p lang=\"nb-NO\">FIFA bruker dynamiske priser for billettsalg, mens Fotballforbundet tilbyr faste priser.<\/p>\n<p class=\"italic ai-disclaimer\" data-lab-italic=\"italic\">Sammendraget er laget av ChatGPT og godkjent av DinSide.<\/p>\n<p>      Vis mer<br \/>\n      Vis mindre<\/p>\n<p>  <a id=\"topic-banner-link\" href=\"#\" target=\"_blank\" rel=\"noopener noreferrer\"><br \/>\n    <img decoding=\"async\" id=\"topic-banner-image\" src=\"\" alt=\"\" style=\"max-width:100%; height:auto; border-radius:8px; transition:filter 0.3s ease;\"\/><br \/>\n  <\/a><\/p>\n<p>Dr\u00f8mmer du om \u00e5 oppleve fotball-VM i USA p\u00e5 n\u00e6rt hold? Da er det stor risiko for at du m\u00e5 kutte kraftig i \u00e5rets julebudsjett. For n\u00e5 g\u00e5r hotellprisene i VM-byene til v\u00e6rs som en hissig nytt\u00e5rsrakett.\u00a0\u00a0<\/p>\n<p>Det er rett og slett bare \u00e5 forberede seg p\u00e5 at det g\u00e5r fra dyrt til vanvittig dyrt p\u00e5 f\u00e5 m\u00e5neder.<\/p>\n<p>For USA\u2011vertsbyene samlet ligger hotellprisene for turneringsukene n\u00e5 rundt 50 prosent over samme seksukersperiode i 2025, og Boston er blant de dyreste markedene, skriver<a href=\"https:\/\/www.costar.com\/article\/2143143196\/the-world-cup-host-markets-that-could-see-the-biggest-swings-in-hotel-demand\" rel=\"nofollow noopener\" target=\"_blank\"> nettsida CoStar <\/a>som f\u00f8lger det amerikanske hotellmarkedet tett.<\/p>\n<p>        DET MYSTISKE HULLET: Du har kanskje lurt p\u00e5 hvorfor flyvinduet har et lite hull? Her f\u00e5r du forklaringen. Video: Embla Hjort-Larsen \/ Storyblocks. <\/p>\n<p>En prisunders\u00f8kelse gjennomf\u00f8rt av DinSide viser at prisene under fotball-VM er fire ganger s\u00e5 h\u00f8ye som \u00e9n m\u00e5ned f\u00f8r eller \u00e9n m\u00e5ned etter fotball-VM.<\/p>\n<p>Jakten p\u00e5 luksus\t<\/p>\n<p>Hotelld\u00f8rene st\u00e5r allerede p\u00e5 gl\u00f8tt foran VM-sirkuset i 2026, men prisene har alts\u00e5 skutt i v\u00e6ret lenge f\u00f8r avspark.\u00a0<\/p>\n<p>Prisene som ligger ute hos hotellkjeder og hotellromformidlerne viser at vertsbyene i USA, Canada og Mexico opererer med rompriser som ligger betydelig over normalen.\u00a0<\/p>\n<p>Ettersp\u00f8rselen er ekstra sterk i storbyer som New York, Los Angeles, Mexico City og Toronto, der luksusmarkedet allerede melder om skyh\u00f8ye pakkepriser og <a href=\"https:\/\/fifaworldcup26.suites.fifa.com\/\" rel=\"nofollow noopener\" target=\"_blank\">raskt utsolgte toppsuiter<\/a>.\u00a0<\/p>\n<p>Men ogs\u00e5 Boston utmerker seg med h\u00f8y prisvekst.<\/p>\n<p>Merkbart dyrere\t<\/p>\n<p>Pengene sitter l\u00f8st hos mange som \u00f8nsker seg et eksklusivt VM-opphold, men utviklingen gj\u00f8r ogs\u00e5 at vanlige hotellopphold blir merkbart dyrere for alle andre som skal reise i perioden.<\/p>\n<p>Mange jakter p\u00e5 de billigste l\u00f8sningene. Men \u00abbillig\u00bb er nok et ord som ikke vil dekke det nordmenn jakter p\u00e5.<\/p>\n<p>    <a itemprop=\"url\" href=\"https:\/\/dinside.dagbladet.no\/reise\/tida-renner-ut\/83899708\" rel=\"nofollow noopener\" target=\"_blank\"><\/p>\n<p>        <img loading=\"lazy\" decoding=\"async\" src=\"https:\/\/www.europesays.com\/no\/wp-content\/uploads\/2025\/12\/1765300929_362_83907508.webp\" width=\"980\" height=\"441\" title=\"Tida renner ut\" alt=\"\" class=\"lazyload\" style=\"--aspect-ratio-image: 2.22; \"\/><\/p>\n<p>        Tida renner ut<\/p>\n<p>    <\/a><\/p>\n<p>Og for nordmenn er prishoppet d\u00e5rlig nytt med tanke p\u00e5 prisen. For vi skal spille de innledende kampene i nettopp New York og Boston.<\/p>\n<p>Norge skal spille to kamper i Boston i gruppespillet under VM og \u00e9n kamp i New York.\u00a0<\/p>\n<p>Den f\u00f8rste kampen er mot\u00a0vinneren av\u00a0Irak, Bolivia\u00a0eller\u00a0Surinam som m\u00e5 ut i s\u00e5kalt playoff f\u00f8r Norges motstand er klar.\u00a0<\/p>\n<p>Den kampen spilles 17. juni kl 18.00 lokal tid.\u00a0<\/p>\n<p>Tusenlapper hagler\t<\/p>\n<p>For \u00e5 f\u00e5 tid til en god opplevelse i byen vil det v\u00e6re aktuelt for mange \u00e5 ankomme den 16. juni og \u00e5 reise videre den 18. Forh\u00e5pentligvis etter at Norge har skaffet seg sine tre f\u00f8rste VM-poeng i denne turneringen.\u00a0<\/p>\n<p>        <img loading=\"lazy\" decoding=\"async\" src=\"https:\/\/www.europesays.com\/no\/wp-content\/uploads\/2025\/12\/83954379.webp\" width=\"980\" height=\"559\" title=\"H\u00d8YE PRISER: Fotball-VM kan bli en kostbar forn\u00f8yelse. Foto: Skjermdump\" alt=\"\" class=\"\" style=\"--aspect-ratio-image: 1.75; \"\/><\/p>\n<p>\n        H\u00d8YE PRISER: Fotball-VM kan bli en kostbar forn\u00f8yelse. Foto: Skjermdump\n    <\/p>\n<p>Men s\u00e5 var det dette med hotellprisene: For et sentrumsn\u00e6rt hotell m\u00e5 du regne med 8000-10 000 kroner for et dobbeltrom. Det finnes ogs\u00e5 noen f\u00e5 billigere, men disse selges n\u00e5 ut i stor hastighet.<\/p>\n<p>Ogs\u00e5 avisa <a href=\"https:\/\/www.independent.co.uk\/travel\/news-and-advice\/world-cup-2026-travel-guide-usa-canada-mexico-england-scotland-b2878588.html\" rel=\"nofollow noopener\" target=\"_blank\">The Independent<\/a> advarer mot spinnville hotellpriser under fotball-VM.<\/p>\n<p>Hotellromgiganten Booking.com forteller at 85 prosent av hotellrommene i Boston n\u00e5 er utsolgt. D\u00e9t kan imidlertid v\u00e6re at hotellene har sperret et antall rom for \u00e5 presse prisene opp. Da kommer de til \u00e5 legge ut flere rom p\u00e5 markedet etter hvert.<\/p>\n<p>Ut p\u00e5 landet\t<\/p>\n<p>Den virkelig store kampen i den norske pulja er kampen mot Frankrike l\u00f8rdag den 26. juni.<\/p>\n<p>Da ligger mange av prisene fra 10 000 kroner og oppover.<\/p>\n<p>Dersom du tenker at det er OK \u00e5 bo tre-fire mil utenfor byen, kan du redusere prisen p\u00e5 hotellrom med 75 prosent. Da blir alternativet enkle hotell eller motell.\u00a0\u00a0<\/p>\n<p>Et smart tips er uansett \u00e5 bestille hotellrom med muligheter til full refusjon. Det kan v\u00e6re greit dersom det viser seg at du ikke f\u00e5r tak i kampbilletter.\u00a0<\/p>\n<p>Ha planene klare<\/p>\n<p>    <a itemprop=\"url\" href=\"https:\/\/dinside.dagbladet.no\/reise\/kraftig-okning-ol-turen-blir-dyrere\/83873894\" rel=\"nofollow noopener\" target=\"_blank\"><\/p>\n<p>        <img loading=\"lazy\" decoding=\"async\" src=\"https:\/\/www.europesays.com\/no\/wp-content\/uploads\/2025\/12\/83874742.webp\" width=\"980\" height=\"441\" title=\"Kraftig \u00f8kning: OL-turen blir dyrere\" alt=\"\" class=\"lazyload\" style=\"--aspect-ratio-image: 2.22; \"\/><\/p>\n<p>        Kraftig \u00f8kning: OL-turen blir dyrere<\/p>\n<p>    <\/a><\/p>\n<p>&#8211; Det er v\u00e5re gullmedlemmer (supporterklubben) som f\u00e5r tilgang f\u00f8rst til VM-salget. Salget vil gjennomf\u00f8res i FIFAs system, men tildelingen av billetter skjer i puljer, forteller\u00a0<a href=\"https:\/\/www.fotball.no\/landslag\/norge-a-herrer\/vm\/vm-2026\/\" rel=\"nofollow noopener\" target=\"_blank\">Norges Fotballforbund<\/a>\u00a0til DinSide.\u00a0<\/p>\n<p>Planen er \u00e5 ha oppdatert billettinformasjon til nordmenn klart i l\u00f8pet av tirsdag 9. desember. FIFA \u00e5pner sin s\u00f8knadsportal i perioden 11. desember kl 17.00 til 13. januar kl 17.00.\u00a0<\/p>\n<p>&#8211; Merk at det\u00a0ikke\u00a0er \u00abf\u00f8rstemann til m\u00f8lla\u00bb her. Det har ikke noe \u00e5 si n\u00e5r i denne perioden man registrerer sitt \u00f8nske om billetter, forteller Mari Stanisic Waagaard, kommunikasjonsr\u00e5dgiver i Fotballforbundet.<\/p>\n<p>Da kommer billettene<\/p>\n<p>        <img loading=\"lazy\" decoding=\"async\" src=\"https:\/\/www.europesays.com\/no\/wp-content\/uploads\/2025\/12\/83954290.webp\" width=\"980\" height=\"559\" title=\"DETTE M\u00c5 DU GJ\u00d8RE: Vil du ha VM-billetter s\u00e5 m\u00e5 du registrere deg hos FIFA. Det skal selges i alt seks millioner billetter.\" alt=\"\" class=\"\" style=\"--aspect-ratio-image: 1.75; \"\/><\/p>\n<p>\n        DETTE M\u00c5 DU GJ\u00d8RE: Vil du ha VM-billetter s\u00e5 m\u00e5 du registrere deg hos FIFA. Det skal selges i alt seks millioner billetter.\n    <\/p>\n<p>Fra 13. januar til 23. februar fordeler FIFA billettene og gjennomf\u00f8rer betalingene for dem som f\u00e5r tildeling.<\/p>\n<p>Du kan ogs\u00e5 s\u00f8ke om sluttspillkamper gjennom pakker der man f\u00f8lger \u00absitt\u00bb lag. Dersom Norge blir utsl\u00e5tt f\u00f8r disse kampene f\u00e5r du pengene tilbake hvis du ikke \u00f8nsker \u00e5 bruke billettene.<\/p>\n<p>    <a itemprop=\"url\" href=\"https:\/\/dinside.dagbladet.no\/reise\/stor-risiko\/83944215\" rel=\"nofollow noopener\" target=\"_blank\"><\/p>\n<p>        <img loading=\"lazy\" decoding=\"async\" src=\"https:\/\/www.europesays.com\/no\/wp-content\/uploads\/2025\/12\/1765300933_805_83870690.webp\" width=\"980\" height=\"441\" title=\"- Stor risiko\" alt=\"\" class=\"lazyload\" style=\"--aspect-ratio-image: 2.22; \"\/><\/p>\n<p>        &#8211; Stor risiko<\/p>\n<p>    <\/a><\/p>\n<p>&#8211; Det er v\u00e5re gullmedlemmer (supporterklubben) som f\u00e5r tilgang f\u00f8rst til VM-salget. Salget vil gjennomf\u00f8res i FIFAs system, men tildelingen av billetter skjer i puljer, forteller Waagaard til DinSide.<\/p>\n<p>Det betyr at mange har bestilt flybillett og hotellrom \u00e9n m\u00e5ned f\u00f8r de vet om de f\u00e5r billetter til kampene.\u00a0<\/p>\n<p>Fotballforbundet planlegger \u00e5 ha faste priser p\u00e5 billettene de skal videreformidle, mens FIFA p\u00e5 sin side g\u00e5r for s\u00e5kalte \u00abdynamiske priser\u00bb, der tilbud og ettersp\u00f8rsel avgj\u00f8r prisen.<\/p>\n<p>        Tips meg om reiser og fotball-VM<\/p>\n<p class=\"subtitle\">Hei, jeg heter Odd Roar Lange og er reiseekspert og -journalist for DinSide og Dagbladet. Har du et tips eller sp\u00f8rsm\u00e5l om reiser og fotball-VM? Send det gjerne til meg. Tips og sp\u00f8rsm\u00e5l som kan brukes til en reportasje vil bli prioritert.<\/p>\n","protected":false},"excerpt":{"rendered":"Fotball-VM: Hotellprisene eksploderer foran fotball-VM, og norske supportere risikerer et av historiens dyreste mesterskapsopphold. DET BLIR DYRT: Jakten&hellip;\n","protected":false},"author":2,"featured_media":108631,"comment_status":"","ping_status":"","sticky":false,"template":"","format":"standard","meta":{"footnotes":""},"categories":[59],"tags":[4472,13449,30,28,29,1992,83,82,4226,11859],"class_list":{"0":"post-108630","1":"post","2":"type-post","3":"status-publish","4":"format-standard","5":"has-post-thumbnail","7":"category-sport","8":"tag-fotball-vm","9":"tag-hotellpriser","10":"tag-no","11":"tag-norge","12":"tag-norway","13":"tag-reise","14":"tag-sport","15":"tag-sports","16":"tag-thetravelinspector","17":"tag-vm2026"},"share_on_mastodon":{"url":"https:\/\/pubeurope.com\/@no\/115690769315646894","error":""},"_links":{"self":[{"href":"https:\/\/www.europesays.com\/no\/wp-json\/wp\/v2\/posts\/108630","targetHints":{"allow":["GET"]}}],"collection":[{"href":"https:\/\/www.europesays.com\/no\/wp-json\/wp\/v2\/posts"}],"about":[{"href":"https:\/\/www.europesays.com\/no\/wp-json\/wp\/v2\/types\/post"}],"author":[{"embeddable":true,"href":"https:\/\/www.europesays.com\/no\/wp-json\/wp\/v2\/users\/2"}],"replies":[{"embeddable":true,"href":"https:\/\/www.europesays.com\/no\/wp-json\/wp\/v2\/comments?post=108630"}],"version-history":[{"count":0,"href":"https:\/\/www.europesays.com\/no\/wp-json\/wp\/v2\/posts\/108630\/revisions"}],"wp:featuredmedia":[{"embeddable":true,"href":"https:\/\/www.europesays.com\/no\/wp-json\/wp\/v2\/media\/108631"}],"wp:attachment":[{"href":"https:\/\/www.europesays.com\/no\/wp-json\/wp\/v2\/media?parent=108630"}],"wp:term":[{"taxonomy":"category","embeddable":true,"href":"https:\/\/www.europesays.com\/no\/wp-json\/wp\/v2\/categories?post=108630"},{"taxonomy":"post_tag","embeddable":true,"href":"https:\/\/www.europesays.com\/no\/wp-json\/wp\/v2\/tags?post=108630"}],"curies":[{"name":"wp","href":"https:\/\/api.w.org\/{rel}","templated":true}]}}