{"id":108638,"date":"2025-12-09T17:33:09","date_gmt":"2025-12-09T17:33:09","guid":{"rendered":"https:\/\/www.europesays.com\/no\/108638\/"},"modified":"2025-12-09T17:33:09","modified_gmt":"2025-12-09T17:33:09","slug":"prinsesse-sofia-motte-jeffrey-epstein-flere-ganger-rundt-2005","status":"publish","type":"post","link":"https:\/\/www.europesays.com\/no\/108638\/","title":{"rendered":"Prinsesse Sofia m\u00f8tte Jeffrey Epstein flere ganger rundt 2005"},"content":{"rendered":"\n<p class=\"_lead_o9xde_2 _lead_xtcu6_50 layout-component text-serif-m layout-normal text-serif-l layout-component layout-wide layout-padded _wide_17hqh_1 layout-padded\">Det svenske hoffet bekrefter at prinsesse Sofia m\u00f8tte Jeffrey Epstein rundt 2005, melder den svenske avisen Dagens Nyheter.<\/p>\n<p><img alt=\"Prinsesse Sofia av Sverige m\u00f8tte milliard\u00e6ren og sexforbryteren Jeffrey Epstein flere ganger rundt 2005, bekrefter det svenske hoffet overfor Dagens Nyheter.  Foto: Lise \u00c5serud \/ NTB\" class=\"_image_qp4xg_65 layout-component layout-wide\" data-fullscreen- data-track-element-type=\"Article image fullscreen\" data-track-name=\"ImageFullscreen\" fetchpriority=\"high\" decoding=\"sync\" loading=\"eager\" height=\"2637\" itemprop=\"image\"  src=\"https:\/\/www.europesays.com\/no\/wp-content\/uploads\/2025\/12\/0fc8edbe-6e53-4093-a9ab-9a1c30a16a66\"  style=\"object-position:0% 0%\" width=\"1324\"\/>Prinsesse Sofia av Sverige m\u00f8tte milliard\u00e6ren og sexforbryteren Jeffrey Epstein flere ganger rundt 2005, bekrefter det svenske hoffet overfor Dagens Nyheter.  Foto: Lise \u00c5serud \/ NTB<\/p>\n<ul aria-hidden=\"true\" class=\"_images_ntbth_112\">\n<li><a class=\"_link_ntbth_117\" href=\"https:\/\/www.vg.no\/forfatter\/ntb\" style=\"z-index:1\" title=\"NTB\" rel=\"nofollow noopener\" target=\"_blank\"><img alt=\"Bilde av NTB\" class=\"_image_ntbth_93\" fetchpriority=\"low\" loading=\"lazy\" decoding=\"async\" itemprop=\"image\"  src=\"https:\/\/www.europesays.com\/no\/wp-content\/uploads\/2025\/12\/1765301589_396_c33980b0-5d07-4027-84a1-813f90a7c8d6\"  width=\"480\"\/><\/a><\/li>\n<\/ul>\n<p> Oppdatert tirsdag 9. desember kl. 17:22     <\/p>\n<p class=\"_paragraph_o9xde_4 _paragraph_xtcu6_10 layout-component text-serif-m layout-normal text-serif-m layout-padded\"> \u2013 Prinsesse Sofia ble presentert for personen det gjelder ved noen f\u00e5 anledninger rundt \u00e5r 2005, skriver Hoffets informasjonsavdeling i en e-post til <a href=\"https:\/\/www.dn.se\/sverige\/prinsessan-sofia-traffade-epstein-flera-ganger\/\" class=\"_link_o9xde_39\" rel=\"nofollow noopener\" target=\"_blank\">Dagens Nyheter<\/a>.<\/p>\n<p class=\"_paragraph_o9xde_4 _paragraph_xtcu6_10 layout-component text-serif-m layout-normal text-serif-m layout-padded\">Nylig frigitte dokumenter viser overgrepsd\u00f8mte <a href=\"https:\/\/www.vg.no\/tag\/jeffrey-epstein?utm_source=vg-article&amp;utm_medium=auto-tagger&amp;utm_campaign=K8vbG6\" class=\"_link_o9xde_39\" rel=\"nofollow noopener\" target=\"_blank\">Jeffrey Epsteins<\/a> forbindelser til Sverige, blant annet til en kjent svensk finanskvinne som satte milliard\u00e6ren i kontakt med unge svenske kvinner.<\/p>\n<p class=\"_paragraph_o9xde_4 _paragraph_xtcu6_10 layout-component text-serif-m layout-normal text-serif-m layout-padded\">F\u00f8r hun i 2015 giftet seg med svensk prins Carl Philip, jobbet Sofia blant annet som modell og vant en missekonkurranse.<\/p>\n<p class=\"_paragraph_o9xde_4 _paragraph_xtcu6_10 layout-component text-serif-m layout-normal text-serif-m layout-padded\">I en e-post sendt 18. desember 2005 sp\u00f8r finanskvinnen om Epstein ville m\u00f8te prinsesse Sofia.<\/p>\n<p class=\"_paragraph_o9xde_4 _paragraph_xtcu6_10 layout-component text-serif-m layout-normal text-serif-m layout-padded\">\u00abDette er Sofia, aspirerende skuespillerinne som nettopp ankom New York. Det er jenta jeg fortalte om f\u00f8r jeg dro, som jeg tenkte at du kanskje ville m\u00f8te\u00bb, skriver hun.<\/p>\n<p class=\"_paragraph_o9xde_4 _paragraph_xtcu6_10 layout-component text-serif-m layout-normal text-serif-m layout-padded\">Milliard\u00e6ren svarer: \u00abJeg er i Karibia. Vil hun komme i et par dager? Jeg sender en billett\u00bb.<\/p>\n<p class=\"_paragraph_o9xde_4 _paragraph_xtcu6_10 layout-component text-serif-m layout-normal text-serif-m layout-padded\">Epstein tok sitt eget liv i et fengsel i 2019 mens han ventet p\u00e5 \u00e5 bli stilt for retten i en menneskehandelsak.<\/p>\n<p class=\"_paragraph_o9xde_4 _paragraph_xtcu6_10 layout-component text-serif-m layout-normal text-serif-m layout-padded\">Den 66 \u00e5r gamle milliard\u00e6ren hadde erkl\u00e6rt seg ikke skyldig, og saken ble henlagt etter hans d\u00f8d. Han var fra f\u00f8r d\u00f8mt for overgrep mot unge og mindre\u00e5rige jenter som han og hans kollega Ghislaine Maxwell skaffet til veie.<\/p>\n","protected":false},"excerpt":{"rendered":"Det svenske hoffet bekrefter at prinsesse Sofia m\u00f8tte Jeffrey Epstein rundt 2005, melder den svenske avisen Dagens Nyheter.&hellip;\n","protected":false},"author":2,"featured_media":108639,"comment_status":"","ping_status":"","sticky":false,"template":"","format":"standard","meta":{"footnotes":""},"categories":[12],"tags":[20,21,24,25,15,1649,22,23,13,30,28,29,14,16,26,27,42,43,44,45],"class_list":{"0":"post-108638","1":"post","2":"type-post","3":"status-publish","4":"format-standard","5":"has-post-thumbnail","7":"category-verden","8":"tag-breaking-news","9":"tag-breakingnews","10":"tag-featured-news","11":"tag-featurednews","12":"tag-headlines","13":"tag-jeffrey-epstein","14":"tag-latest-news","15":"tag-latestnews","16":"tag-news","17":"tag-no","18":"tag-norge","19":"tag-norway","20":"tag-nyheter","21":"tag-overskrifter","22":"tag-top-stories","23":"tag-topstories","24":"tag-verden","25":"tag-world","26":"tag-world-news","27":"tag-worldnews"},"share_on_mastodon":{"url":"https:\/\/pubeurope.com\/@no\/115690812694821055","error":""},"_links":{"self":[{"href":"https:\/\/www.europesays.com\/no\/wp-json\/wp\/v2\/posts\/108638","targetHints":{"allow":["GET"]}}],"collection":[{"href":"https:\/\/www.europesays.com\/no\/wp-json\/wp\/v2\/posts"}],"about":[{"href":"https:\/\/www.europesays.com\/no\/wp-json\/wp\/v2\/types\/post"}],"author":[{"embeddable":true,"href":"https:\/\/www.europesays.com\/no\/wp-json\/wp\/v2\/users\/2"}],"replies":[{"embeddable":true,"href":"https:\/\/www.europesays.com\/no\/wp-json\/wp\/v2\/comments?post=108638"}],"version-history":[{"count":0,"href":"https:\/\/www.europesays.com\/no\/wp-json\/wp\/v2\/posts\/108638\/revisions"}],"wp:featuredmedia":[{"embeddable":true,"href":"https:\/\/www.europesays.com\/no\/wp-json\/wp\/v2\/media\/108639"}],"wp:attachment":[{"href":"https:\/\/www.europesays.com\/no\/wp-json\/wp\/v2\/media?parent=108638"}],"wp:term":[{"taxonomy":"category","embeddable":true,"href":"https:\/\/www.europesays.com\/no\/wp-json\/wp\/v2\/categories?post=108638"},{"taxonomy":"post_tag","embeddable":true,"href":"https:\/\/www.europesays.com\/no\/wp-json\/wp\/v2\/tags?post=108638"}],"curies":[{"name":"wp","href":"https:\/\/api.w.org\/{rel}","templated":true}]}}