{"id":108645,"date":"2025-12-09T17:38:10","date_gmt":"2025-12-09T17:38:10","guid":{"rendered":"https:\/\/www.europesays.com\/no\/108645\/"},"modified":"2025-12-09T17:38:10","modified_gmt":"2025-12-09T17:38:10","slug":"reisen-fra-overpriset-julestjerne-til-elendig-amatorteater","status":"publish","type":"post","link":"https:\/\/www.europesays.com\/no\/108645\/","title":{"rendered":"Reisen fra overpriset julestjerne til elendig amat\u00f8rteater"},"content":{"rendered":"<p class=\"extendedContent hyperion-css-eyn926\" data-test-tag=\"lead-text\">Jeg gikk p\u00e5 tre av \u00e5rets nye juleforestillinger. \u00c9n var verre enn \u00e5 bli begravet levende. En annen fylte meg med varme, den tredje overpriset. <\/p>\n<p><img decoding=\"async\" class=\"image-asset hyperion-css-u06ts1\" data-test-tag=\"image-asset\" src=\"https:\/\/www.europesays.com\/no\/wp-content\/uploads\/2025\/12\/5aed6877-4cb8-485d-ab35-e64c12f1825c\"  alt=\"Karakterene i \u00abReisen til julestjernen\u00bb er vanskelig \u00e5 f\u00e5 \u00f8ye p\u00e5, men festningen er fin som bakgrunnskulisse. \"  loading=\"eager\" fetchpriority=\"high\" style=\"aspect-ratio:2048 \/ 1366\"\/>Karakterene i \u00abReisen til julestjernen\u00bb er vanskelig \u00e5 f\u00e5 \u00f8ye p\u00e5, men festningen er fin som bakgrunnskulisse. Foto: Dan P. Neegaard \/ Aftenposten<\/p>\n<p>Publisert: 09.12.2025 18:00<\/p>\n<p class=\"paywall hyperion-css-1j42uic\">\u00abDet er helt fullt i dag,\u00bb sier stemmen over h\u00f8yttaleren. Vi er p\u00e5 Akershus festning, det er duskregn og vaffellukt. Om f\u00e5 minutter skal \u00abReisen til julestjernen\u00bb p\u00e5 Karpedammen scene ha premiere, og jeg merker at jeg er nerv\u00f8s p\u00e5 akt\u00f8renes vegne.<\/p>\n<p class=\"paywall hyperion-css-1j42uic\">Hvordan skal de klare \u00e5 skape magi n\u00e5r skydekket er lavt og den virkelige julestjernen usynliggjort av global oppvarming? <\/p>\n<p class=\"hyperion-css-1qm9e9t\">Les hele saken med abonnement<\/p>\n<p>Allerede abonnent? Logg inn<\/p>\n","protected":false},"excerpt":{"rendered":"Jeg gikk p\u00e5 tre av \u00e5rets nye juleforestillinger. \u00c9n var verre enn \u00e5 bli begravet levende. En annen&hellip;\n","protected":false},"author":2,"featured_media":108646,"comment_status":"","ping_status":"","sticky":false,"template":"","format":"standard","meta":{"footnotes":""},"categories":[58],"tags":[71,30,28,29,72],"class_list":{"0":"post-108645","1":"post","2":"type-post","3":"status-publish","4":"format-standard","5":"has-post-thumbnail","7":"category-underholdning","8":"tag-entertainment","9":"tag-no","10":"tag-norge","11":"tag-norway","12":"tag-underholdning"},"share_on_mastodon":{"url":"https:\/\/pubeurope.com\/@no\/115690832136612263","error":""},"_links":{"self":[{"href":"https:\/\/www.europesays.com\/no\/wp-json\/wp\/v2\/posts\/108645","targetHints":{"allow":["GET"]}}],"collection":[{"href":"https:\/\/www.europesays.com\/no\/wp-json\/wp\/v2\/posts"}],"about":[{"href":"https:\/\/www.europesays.com\/no\/wp-json\/wp\/v2\/types\/post"}],"author":[{"embeddable":true,"href":"https:\/\/www.europesays.com\/no\/wp-json\/wp\/v2\/users\/2"}],"replies":[{"embeddable":true,"href":"https:\/\/www.europesays.com\/no\/wp-json\/wp\/v2\/comments?post=108645"}],"version-history":[{"count":0,"href":"https:\/\/www.europesays.com\/no\/wp-json\/wp\/v2\/posts\/108645\/revisions"}],"wp:featuredmedia":[{"embeddable":true,"href":"https:\/\/www.europesays.com\/no\/wp-json\/wp\/v2\/media\/108646"}],"wp:attachment":[{"href":"https:\/\/www.europesays.com\/no\/wp-json\/wp\/v2\/media?parent=108645"}],"wp:term":[{"taxonomy":"category","embeddable":true,"href":"https:\/\/www.europesays.com\/no\/wp-json\/wp\/v2\/categories?post=108645"},{"taxonomy":"post_tag","embeddable":true,"href":"https:\/\/www.europesays.com\/no\/wp-json\/wp\/v2\/tags?post=108645"}],"curies":[{"name":"wp","href":"https:\/\/api.w.org\/{rel}","templated":true}]}}