{"id":108649,"date":"2025-12-09T17:42:17","date_gmt":"2025-12-09T17:42:17","guid":{"rendered":"https:\/\/www.europesays.com\/no\/108649\/"},"modified":"2025-12-09T17:42:17","modified_gmt":"2025-12-09T17:42:17","slug":"vedlageret-var-tomt-likevel-tar-hoggestabben-no-imot-nye-bestillinger","status":"publish","type":"post","link":"https:\/\/www.europesays.com\/no\/108649\/","title":{"rendered":"Vedlageret var tomt. Likevel tar hoggestabben.no imot nye bestillinger"},"content":{"rendered":"\n<p class=\"_paragraph_o9xde_4 _paragraph_xtcu6_10 layout-component text-serif-m layout-normal text-serif-m layout-padded\">\u2013 Jeg skj\u00f8nner ikke at de kan st\u00e5 og lyve folk opp i ansiktet.<\/p>\n<p class=\"_paragraph_o9xde_4 _paragraph_xtcu6_10 layout-component text-serif-m layout-normal text-serif-m layout-padded\">Utsagnet kommer fra en oppgitt Christian Koblizek. Han er en av flere som har bestilt ved hos hoggestabben.no \u2013 et nettsted som driftes av Sax AS, som er selger av veden.<\/p>\n<p class=\"_paragraph_o9xde_4 _paragraph_xtcu6_10 layout-component text-serif-m layout-normal text-serif-m layout-padded\"><strong class=\"_strong_o9xde_25\">Se tilsvar fra  Alen Alexander Jacob, daglig leder av Sax AS litt lenger ned i saken.<\/strong><\/p>\n<p class=\"_paragraph_o9xde_4 _paragraph_xtcu6_10 layout-component text-serif-m layout-normal text-serif-m layout-padded\">Koblizek er blant de mange som VG har snakket med som har betalt for ved til vinteren, som ikke blir levert.<\/p>\n<p class=\"_paragraph_o9xde_4 _paragraph_xtcu6_10 layout-component text-serif-m layout-normal text-serif-m layout-padded\"><strong class=\"_strong_o9xde_25\">Da VG bes\u00f8kte lageret i Oslo fredag, var det ikke en kubbe \u00e5 se.<\/strong><\/p>\n<p class=\"_paragraph_o9xde_4 _paragraph_xtcu6_10 layout-component text-serif-m layout-normal text-serif-m layout-padded\">Det eneste som var der, var frustrerte kunder.<\/p>\n<p class=\"_paragraph_o9xde_4 _paragraph_xtcu6_10 layout-component text-serif-m layout-normal text-serif-m layout-padded\">\u2013 Jeg betalte 2750 kroner for 40 sekker med ved, allerede i september. Jeg bestilte fra dem i fjor, og da fikk jeg det jeg skulle. N\u00e5 opplever jeg at alt er rart. Tre ganger har de lovet meg levering av veden, og hver gang avlyser de, sier Koblizek frustrert.<\/p>\n<p><img decoding=\"async\" alt=\"Bilde av Christian Koblizek\" class=\"_image_ygndg_42\" height=\"60\" itemprop=\"image\" loading=\"lazy\"  src=\"https:\/\/www.europesays.com\/no\/wp-content\/uploads\/2025\/12\/22225050-d620-45fa-8359-bdc19f7dab8e\"  width=\"40\"\/><strong class=\"_name_ygndg_51 title-serif-xs\">Christian Koblizek<\/strong><\/p>\n<p class=\"_paragraph_o9xde_4 _paragraph_xtcu6_10 layout-component text-serif-m layout-normal text-serif-m layout-padded\">VG m\u00f8ter ham utenfor det tomme lageret etter at han nok en gang har kj\u00f8rt opp for \u00e5 hente veden han er lovet.<\/p>\n<p class=\"_paragraph_o9xde_4 _paragraph_xtcu6_10 layout-component text-serif-m layout-normal text-serif-m layout-padded\">\u2013 Jeg var p\u00e5 lageret i g\u00e5r ogs\u00e5, og da var det tomt. Personen som var der da, sa at det skulle komme ved utover dagen. Jeg var der fire ganger for \u00e5 sjekke om det kom. Det gjorde det ikke, sier han.<\/p>\n<p class=\"_paragraph_o9xde_4 _paragraph_xtcu6_10 layout-component text-serif-m layout-normal text-serif-m layout-padded\"><strong class=\"_strong_o9xde_25\">Mens VG er ved lageret fredag, kommer det to biler kj\u00f8rende for \u00e5 hente ved. Begge f\u00e5r beskjed om \u00e5 komme tilbake senere.<\/strong><\/p>\n<p class=\"_paragraph_o9xde_4 _paragraph_xtcu6_10 layout-component text-serif-m layout-normal text-serif-m layout-padded\">\u2013 Heldigvis er vinteren enn\u00e5 ikke s\u00e5 kald. Men visste firmaet da jeg bestilte at de ikke ville klare \u00e5 levere? sp\u00f8r Koblizek seg.<\/p>\n<p class=\"_paragraph_o9xde_4 _paragraph_xtcu6_10 layout-component text-serif-m layout-normal text-serif-m layout-padded\">Hans ved-historie fikk en god slutt mandag ettermiddag. Da fikk han hentet veden sin.<\/p>\n<p class=\"_paragraph_o9xde_4 _paragraph_xtcu6_10 layout-component text-serif-m layout-normal text-serif-m layout-padded\">\u2013 Jeg var p\u00e5 lageret n\u00e5, og det stod noen paller med ved der. Jeg fikk akkurat hentet mitt, sier han til VG.<\/p>\n<p class=\"_paragraph_o9xde_4 _paragraph_xtcu6_10 layout-component text-serif-m layout-normal text-serif-m layout-padded\"><strong class=\"_strong_o9xde_25\">Det er enn\u00e5 mulig \u00e5 bestille ved fra firmaet. <\/strong><\/p>\n<p class=\"_paragraph_o9xde_4 _paragraph_xtcu6_10 layout-component text-serif-m layout-normal text-serif-m layout-padded\">N\u00e5r VG bes\u00f8ker nettsiden mandag kl. 14 skriver de at man kan hente selv: \u00abSitt i bilen &#8211; vi laster!\u00bb<\/p>\n<p><img alt=\"SELGER ENN\u00c5: Slik s\u00e5 nettsiden ut da VG bes\u00f8kte den mandag klokken 14.  Foto: Skjermdump av nettsiden\" class=\"_image_qp4xg_65 layout-component layout-normal\" data-fullscreen- data-track-element-type=\"Article image fullscreen\" data-track-name=\"ImageFullscreen\" decoding=\"async\" loading=\"lazy\" height=\"2744\" itemprop=\"image\"  src=\"https:\/\/www.europesays.com\/no\/wp-content\/uploads\/2025\/12\/2eb7e583-9bcf-449a-9198-e2c88704a60f\"  style=\"object-position:39.132165605095544% 25.364431486880466%\" width=\"2512\"\/>SELGER ENN\u00c5: Slik s\u00e5 nettsiden ut da VG bes\u00f8kte den mandag klokken 14.  Foto: Skjermdump av nettsiden<\/p>\n<p class=\"_paragraph_o9xde_4 _paragraph_xtcu6_10 layout-component text-serif-m layout-normal text-serif-m layout-padded\">Dette kan fort v\u00e6re villedende handelspraksis, sier forbrukerjurist Thomas Iversen ved <a href=\"https:\/\/www.vg.no\/tag\/forbrukerraadet?utm_source=vg-article&amp;utm_medium=auto-tagger&amp;utm_campaign=q6n1Az\" class=\"_link_o9xde_39\" rel=\"nofollow noopener\" target=\"_blank\">Forbrukerr\u00e5det<\/a>:<\/p>\n<p class=\"_paragraph_o9xde_4 _paragraph_xtcu6_10 layout-component text-serif-m layout-normal text-serif-m layout-padded\">\u2013 Og det er forbudt. Det vil fort kunne straffes med overtredelsesgebyr hvis Forbrukertilsynet f\u00f8rer tilsyn med bedriften, sier han.<\/p>\n<p><img decoding=\"async\" alt=\"Bilde av Thomas Iversen\" class=\"_image_ygndg_42\" height=\"27\" itemprop=\"image\" loading=\"lazy\"  src=\"https:\/\/www.europesays.com\/no\/wp-content\/uploads\/2025\/12\/587c3883-87cf-4bc7-bf49-33631f509d60\"  width=\"40\"\/><strong class=\"_name_ygndg_51 title-serif-xs\">Thomas Iversen<\/strong><\/p>\n<p class=\"_paragraph_o9xde_4 text-sans-m _description_ygndg_56\">Fagsjef ved Forbrukerr\u00e5det<\/p>\n<p class=\"_paragraph_o9xde_4 _paragraph_xtcu6_10 layout-component text-serif-m layout-normal text-serif-m layout-padded\">\u2013 Kan man opprette et nettsted og ta betalt for varer man ikke leverer ut, uten at det f\u00e5r konsekvenser?<\/p>\n<p class=\"_paragraph_o9xde_4 _paragraph_xtcu6_10 layout-component text-serif-m layout-normal text-serif-m layout-padded\">\u2013 Har man ikke moral kan man gj\u00f8re nesten hva man vil. Men hvis dette gj\u00f8res i vinnings hensikt kan det raskt v\u00e6re straffbart. Det kan ogs\u00e5 v\u00e6re brudd p\u00e5 markedsf\u00f8ringsloven, sier Iversen.<\/p>\n<p class=\"_paragraph_o9xde_4 _paragraph_xtcu6_10 layout-component text-serif-m layout-normal text-serif-m layout-padded\">Lenger nede kan du lese hans r\u00e5d til kunder som \u00f8nsker pengene tilbake.<\/p>\n<p class=\"_paragraph_o9xde_4 _paragraph_xtcu6_10 layout-component text-serif-m layout-normal text-serif-m layout-padded\"><strong class=\"_strong_o9xde_25\">For det er ikke bare Christian Koblizek som mangler veden de har bestilt. Flere har anmeldt bedriften til politiet.<\/strong><\/p>\n<p class=\"_paragraph_o9xde_4 _paragraph_xtcu6_10 layout-component text-serif-m layout-normal text-serif-m layout-padded\">\u2013 Politiet har registrert at det er flere anmeldelser som retter seg mot hoggestabben.no, skriver politiadvokat Jens Toppen Dahl ved Oslopolitiet til VG. <\/p>\n<p class=\"_paragraph_o9xde_4 _paragraph_xtcu6_10 layout-component text-serif-m layout-normal text-serif-m layout-padded\">\u2013 Alle anmeldelsene vil bli fulgt opp og vurdert isolert. Sakskomplekset som helhet befinner seg fortsatt i etterforskningsfasen, og n\u00e6rmere informasjon vil komme p\u00e5 et senere tidspunkt, avslutter han.<\/p>\n<p class=\"_paragraph_o9xde_4 _paragraph_xtcu6_10 layout-component text-serif-m layout-normal text-serif-m layout-padded\"><strong class=\"_strong_o9xde_25\">\u2013 Jeg er rasende, sier vedkunde Gro Lundgren.<\/strong><\/p>\n<p class=\"_paragraph_o9xde_4 _paragraph_xtcu6_10 layout-component text-serif-m layout-normal text-serif-m layout-padded\">Hun er i full fyr n\u00e5r VG snakker med henne. For peisen i leiligheten hennes er kald.<\/p>\n<p class=\"_paragraph_o9xde_4 _paragraph_xtcu6_10 layout-component text-serif-m layout-normal text-serif-m layout-padded\">\u2013 Seks ganger har jeg ventet p\u00e5 at de skal levere veden til meg, men etter at jeg har ventet hele dagen, kommer det en epost om at jeg skal f\u00e5 en ny leveringsdato.<\/p>\n<p><img decoding=\"async\" alt=\"Bilde av Gro Lundgren\" class=\"_image_ygndg_42\" height=\"50\" itemprop=\"image\" loading=\"lazy\"  src=\"https:\/\/www.europesays.com\/no\/wp-content\/uploads\/2025\/12\/5a10328b-1ae2-4ec4-be3b-f8e52c6d0eed\"  width=\"40\"\/><strong class=\"_name_ygndg_51 title-serif-xs\">Gro Lundgren<\/strong><\/p>\n<ul class=\"_gallery_1qa3s_23\" tabindex=\"0\">\n<li class=\"_item_1qa3s_37\" data-index=\"0\"><img decoding=\"async\" class=\"_image_foru8_23 _articleGallery_foru8_39\" data-fullscreen- width=\"1290\" height=\"2796\" itemprop=\"image\" loading=\"lazy\"  src=\"https:\/\/www.europesays.com\/no\/wp-content\/uploads\/2025\/12\/3bf56a21-9696-4015-822f-a11420bb20db\"  style=\"object-position:50% 50%;aspect-ratio:var(--gallery-aspect-ratio, 16 \/ 9)\"\/><\/li>\n<li class=\"_item_1qa3s_37\" data-index=\"1\"><img decoding=\"async\" class=\"_image_foru8_23 _articleGallery_foru8_39\" data-fullscreen- width=\"1290\" height=\"2796\" itemprop=\"image\" loading=\"lazy\"  src=\"https:\/\/www.europesays.com\/no\/wp-content\/uploads\/2025\/12\/604bf4de-9afb-4da1-9ee9-772af6687152\"  style=\"object-position:50% 50%;aspect-ratio:var(--gallery-aspect-ratio, 16 \/ 9)\"\/><\/li>\n<\/ul>\n<p class=\"_paragraph_o9xde_4 _paragraph_xtcu6_10 layout-component text-serif-m layout-normal text-serif-m layout-padded\">Lundgren betalte snaut 800 kroner for sin bestilling.<\/p>\n<p class=\"_paragraph_o9xde_4 _paragraph_xtcu6_10 layout-component text-serif-m layout-normal text-serif-m layout-padded\">\u2013 Det er ikke en stor sum, men n\u00e5r vi er flere som ikke f\u00e5r det vi har betalt for, blir det en del. Jeg har bedt om \u00e5 f\u00e5 pengene refundert, men det svarer de ikke p\u00e5.<\/p>\n<p class=\"_paragraph_o9xde_4 _paragraph_xtcu6_10 layout-component text-serif-m layout-normal text-serif-m layout-padded\"><strong class=\"_strong_o9xde_25\">Mangler du ved du har bestilt? <a href=\"https:\/\/docs.google.com\/forms\/d\/e\/1FAIpQLSe170EJ4HkACK_4FN4TwMd8FNNTUD-occsMCSm3lKT-4gtOEg\/viewform?usp=dialog\" class=\"_link_o9xde_39\" rel=\"nofollow noopener\" target=\"_blank\">VG vil h\u00f8re fra deg<\/a>.<\/strong><\/p>\n<p class=\"_paragraph_o9xde_4 _paragraph_xtcu6_10 layout-component text-serif-m layout-normal text-serif-m layout-padded\">Tommy Juhl Nielsen har bestilt 30 sekker ved, og betalte 2600 kroner for det.<\/p>\n<p class=\"_paragraph_o9xde_4 _paragraph_xtcu6_10 layout-component text-serif-m layout-normal text-serif-m layout-padded\">\u2013 Jeg sitter med en veldig spesiell f\u00f8lelse. N\u00e5 har jeg fire ganger opplevd at det avtales tid for levering av veden. S\u00e5 f\u00e5r jeg melding samme dag hvor de beklager at leveransen blir utsatt, sier han.<\/p>\n<p><img decoding=\"async\" alt=\"Bilde av Tommy Juhl Nielsen\" class=\"_image_ygndg_42\" height=\"87\" itemprop=\"image\" loading=\"lazy\"  src=\"https:\/\/www.europesays.com\/no\/wp-content\/uploads\/2025\/12\/f68430de-c328-4ef7-9ad3-67cca102aa91\"  width=\"40\"\/><strong class=\"_name_ygndg_51 title-serif-xs\">Tommy Juhl Nielsen<\/strong><\/p>\n<p class=\"_paragraph_o9xde_4 _paragraph_xtcu6_10 layout-component text-serif-m layout-normal text-serif-m layout-padded\">N\u00e5r VG snakker med ham, var siste melding fra vedselgerne 20 minutter gammel.<\/p>\n<p class=\"_paragraph_o9xde_4 _paragraph_xtcu6_10 layout-component text-serif-m layout-normal text-serif-m layout-padded\">\u2013 Da skrev de at de ikke v\u00e5get sette nytt tidspunkt for levering, fordi det var s\u00e5 uforutsigbart. Men de mener at det skal v\u00e6re like rundt hj\u00f8rnet. <\/p>\n<p>Alenemamma fortviler<\/p>\n<p class=\"_paragraph_o9xde_4 _paragraph_xtcu6_10 layout-component text-serif-m layout-normal text-serif-m layout-padded\">Pernille Brendmoe (47) har v\u00e6rt kunde hos Hoggestabben siden h\u00f8sten 2023, men i \u00e5r ble det stopp i leveringene.<\/p>\n<p class=\"_paragraph_o9xde_4 _paragraph_xtcu6_10 layout-component text-serif-m layout-normal text-serif-m layout-padded\">\u2013 Jeg kj\u00f8pte 40 sekker i v\u00e5r og de f\u00f8rste 10 sekkene ble leveret i september. Deretter skulle jeg  f\u00e5 20 sekker i november, men de ble ikke levert, sier hun til til VG.<\/p>\n<p class=\"_paragraph_o9xde_4 _paragraph_xtcu6_10 layout-component text-serif-m layout-normal text-serif-m layout-padded\">Hun forteller at hun kontaktet dem gjentatte ganger p\u00e5 telefon og epost uten \u00e5 f\u00e5 svar. Etter tre, fire dager fikk hun en beklagelse p\u00e5 epost, men veden kom aldri&#8230;<\/p>\n<p class=\"_paragraph_o9xde_4 _paragraph_xtcu6_10 layout-component text-serif-m layout-normal text-serif-m layout-padded\">N\u00e5 har det g\u00e5tt tre uker, og etter \u00e5 ha sett VGs reportasje tviler hun p\u00e5 om vil f\u00e5 hverken penger eller ved. <\/p>\n<p class=\"_paragraph_o9xde_4 _paragraph_xtcu6_10 layout-component text-serif-m layout-normal text-serif-m layout-padded\">\u2013 Jeg har 1500 kroner utest\u00e5ende hos dem. Jeg er alenemamma, s\u00e5 dette er faktisk et reelt bel\u00f8p for meg, sier hun.<\/p>\n<p>\u2013 Beklager p\u00e5 det sterkeste<\/p>\n<p class=\"_paragraph_o9xde_4 _paragraph_xtcu6_10 layout-component text-serif-m layout-normal text-serif-m layout-padded\"><strong class=\"_strong_o9xde_25\">VG har sendt Alen Alexander Jacob, som er styreleder for Sax AS, som st\u00e5r bak nettstedet hoggestabben.no, en rekke sp\u00f8rsm\u00e5l om saken.<\/strong><\/p>\n<p class=\"_paragraph_o9xde_4 _paragraph_xtcu6_10 layout-component text-serif-m layout-normal text-serif-m layout-padded\">Mandag kveld svarte Jacob p\u00e5 epost.<\/p>\n<p class=\"_paragraph_o9xde_4 _paragraph_xtcu6_10 layout-component text-serif-m layout-normal text-serif-m layout-padded\">\u2013 Hoggestabben-teamet beklager p\u00e5 det sterkeste til alle rammede kunder. Vi har jobbet d\u00f8gnet rundt i m\u00e5neder og fortsetter med dette, skriver Jacob.<\/p>\n<p class=\"_paragraph_o9xde_4 _paragraph_xtcu6_10 layout-component text-serif-m layout-normal text-serif-m layout-padded\"><strong class=\"_strong_o9xde_25\">Han svarer ikke direkte p\u00e5 VGs sp\u00f8rsm\u00e5l, blant annet om hvorfor nettstedet Hoggestabben sier man kan hente ved p\u00e5 lageret n\u00e5, n\u00e5r lageret er tomt.<\/strong><\/p>\n<p class=\"_paragraph_o9xde_4 _paragraph_xtcu6_10 layout-component text-serif-m layout-normal text-serif-m layout-padded\">Jacob hevder at de har betalt forskuddsbetalinger i millionklassen til norske produsenter for ved som ikke ble levert f\u00f8r vinteren. Han hevder videre at vedprodusenter har holdt tilbake betalinger og leveranser for \u00e5 ramme Hoggestabben.no. Men Jacob har ikke fremvist noen dokumentasjon som kan bekrefte dette.<\/p>\n<p class=\"_paragraph_o9xde_4 _paragraph_xtcu6_10 layout-component text-serif-m layout-normal text-serif-m layout-padded\">\u2013 Dette er p\u00e5 det sterkeste beklagelig, og vi opplever det sv\u00e6rt tungt med situasjonen, skriver han.<\/p>\n<p class=\"_paragraph_o9xde_4 _paragraph_xtcu6_10 layout-component text-serif-m layout-normal text-serif-m layout-padded\">Alen Alexander Jacob har to konkurser bak seg &#8211; den siste var firmaet Cats AS som ble sl\u00e5tt konkurs i mars i \u00e5r, mens Jacob Service gikk konkurs i 2021.<\/p>\n<p class=\"_paragraph_o9xde_4 _paragraph_xtcu6_10 layout-component text-serif-m layout-normal text-serif-m layout-padded\"><strong class=\"_strong_o9xde_25\">Det siste \u00e5ret er Jacob selv og hans firmaer d\u00f8mt i norsk rett til \u00e5 betale 7,2 millioner kroner til firmaer som har solgt ham ved, transporttjenester eller ytt ham l\u00e5n. <\/strong><\/p>\n<p class=\"_paragraph_o9xde_4 _paragraph_xtcu6_10 layout-component text-serif-m layout-normal text-serif-m layout-padded\"><strong class=\"_strong_o9xde_25\">Thomas Iversen ved Forbrukerr\u00e5det reagerer p\u00e5 de store bel\u00f8pene som firmaet skylder.<\/strong><\/p>\n<p class=\"_paragraph_o9xde_4 _paragraph_xtcu6_10 layout-component text-serif-m layout-normal text-serif-m layout-padded\">\u2013 Det virker ikke som om bedriften drives p\u00e5 en ryddig m\u00e5te n\u00e5r de skylder s\u00e5pass mye penger. Det fremst\u00e5r som veldig sannsynlig at det kommer en konkurs her, mener han.<\/p>\n<p class=\"_paragraph_o9xde_4 _paragraph_xtcu6_10 layout-component text-serif-m layout-normal text-serif-m layout-padded\">Det er d\u00e5rlig nytt for dem som har betalt for ved de ikke har f\u00e5tt.<\/p>\n<p class=\"_paragraph_o9xde_4 _paragraph_xtcu6_10 layout-component text-serif-m layout-normal text-serif-m layout-padded\">\u2013 Hvis dette firmaet g\u00e5r konkurs, stiller du som vanlig kunde langt bak i k\u00f8en. Men har du betalt med kort, kan du klage til banken og f\u00e5 pengene tilbake derfra, sier Iversen.  <\/p>\n<p>    <img decoding=\"async\" alt=\"Tips oss illustrasjon\" src=\"https:\/\/www.europesays.com\/no\/wp-content\/uploads\/2025\/10\/pssst-small.webp.webp\"\/>    <\/p>\n<p class=\"title-serif-s\">Har du tips?<\/p>\n<p class=\"text-sans-m\">Send oss informasjon, bilder eller video.<\/p>\n<p>  <a href=\"https:\/\/www.vg.no\/tips-oss\" rel=\"nofollow noopener\" target=\"_blank\"> Tips oss <\/a>      <\/p>\n","protected":false},"excerpt":{"rendered":"\u2013 Jeg skj\u00f8nner ikke at de kan st\u00e5 og lyve folk opp i ansiktet. Utsagnet kommer fra en&hellip;\n","protected":false},"author":2,"featured_media":108650,"comment_status":"","ping_status":"","sticky":false,"template":"","format":"standard","meta":{"footnotes":""},"categories":[10],"tags":[20,21,24,25,4624,15,22,23,13,30,28,29,14,16,26,27,11735,13450],"class_list":{"0":"post-108649","1":"post","2":"type-post","3":"status-publish","4":"format-standard","5":"has-post-thumbnail","7":"category-norge","8":"tag-breaking-news","9":"tag-breakingnews","10":"tag-featured-news","11":"tag-featurednews","12":"tag-forbrukerradet","13":"tag-headlines","14":"tag-latest-news","15":"tag-latestnews","16":"tag-news","17":"tag-no","18":"tag-norge","19":"tag-norway","20":"tag-nyheter","21":"tag-overskrifter","22":"tag-top-stories","23":"tag-topstories","24":"tag-vedfyring","25":"tag-vedproduksjon"},"share_on_mastodon":{"url":"https:\/\/pubeurope.com\/@no\/115690848198571086","error":""},"_links":{"self":[{"href":"https:\/\/www.europesays.com\/no\/wp-json\/wp\/v2\/posts\/108649","targetHints":{"allow":["GET"]}}],"collection":[{"href":"https:\/\/www.europesays.com\/no\/wp-json\/wp\/v2\/posts"}],"about":[{"href":"https:\/\/www.europesays.com\/no\/wp-json\/wp\/v2\/types\/post"}],"author":[{"embeddable":true,"href":"https:\/\/www.europesays.com\/no\/wp-json\/wp\/v2\/users\/2"}],"replies":[{"embeddable":true,"href":"https:\/\/www.europesays.com\/no\/wp-json\/wp\/v2\/comments?post=108649"}],"version-history":[{"count":0,"href":"https:\/\/www.europesays.com\/no\/wp-json\/wp\/v2\/posts\/108649\/revisions"}],"wp:featuredmedia":[{"embeddable":true,"href":"https:\/\/www.europesays.com\/no\/wp-json\/wp\/v2\/media\/108650"}],"wp:attachment":[{"href":"https:\/\/www.europesays.com\/no\/wp-json\/wp\/v2\/media?parent=108649"}],"wp:term":[{"taxonomy":"category","embeddable":true,"href":"https:\/\/www.europesays.com\/no\/wp-json\/wp\/v2\/categories?post=108649"},{"taxonomy":"post_tag","embeddable":true,"href":"https:\/\/www.europesays.com\/no\/wp-json\/wp\/v2\/tags?post=108649"}],"curies":[{"name":"wp","href":"https:\/\/api.w.org\/{rel}","templated":true}]}}