{"id":108651,"date":"2025-12-09T17:43:14","date_gmt":"2025-12-09T17:43:14","guid":{"rendered":"https:\/\/www.europesays.com\/no\/108651\/"},"modified":"2025-12-09T17:43:14","modified_gmt":"2025-12-09T17:43:14","slug":"ny-beskjed-om-vapenet","status":"publish","type":"post","link":"https:\/\/www.europesays.com\/no\/108651\/","title":{"rendered":"Ny beskjed om v\u00e5penet"},"content":{"rendered":"<p class=\"kicker \" style=\"\">Storo-skytingen:\u00a0<\/p>\n<p>  Politiadvokat Trine Elisabeth Selnes sier at den siktede 19-\u00e5ringen fra Storo-skytingen ikke har hatt lovlig tilgang til v\u00e5pen.\u00a0<\/p>\n<p>\n    V\u00c5PENET: Politiet rykket til Storo Storsenter i Oslo etter at en person avfyrte skudd inne p\u00e5 senteret. Foto: J\u00f8rn H. Moen \/ Dagbladet\n  <\/p>\n<p>Politiadvokat Trine Elisabeth Selnes i Oslo politidistrikt kommer med ny informasjon til Dagbladet etter Storo-skytingen tirsdag ettermiddag.\u00a0<\/p>\n<p>Dagbladet har sendt Selnes en e-post med en rekke sp\u00f8rsm\u00e5l, blant annet om v\u00e5penet, ei hagle, som ble avfyrt inne p\u00e5 senteret.\u00a0<\/p>\n<p>&#8211; Ikke lovlig tilgang\t<\/p>\n<p>&#8211; Er v\u00e5penet som ble avfyrt registrert?\u00a0<\/p>\n<p class=\"font-weight-bold m-font-weight-bold\" data-lab-font_weight=\"font-weight-bold\">&#8211; Ut fra politiets informasjon har ikke den siktede lovlig tilgang til v\u00e5pen, sier Selnes til Dagbladet.\u00a0<\/p>\n<p>        OSLO: Det har blitt avfyrt skudd mot taket p\u00e5 Storo Storsenter. Video:Dagbaldet<\/p>\n<p>Hun sier at politiet for \u00f8yeblikket pr\u00f8ver \u00e5 avklare motivet bak hendelsen, og \u00f8nsker ellers ikke \u00e5 g\u00e5 inn p\u00e5 flere detaljer knyttet til skytingen.\u00a0<\/p>\n<p data-lab-italic=\"italic\" class=\"italic m-italic\">&#8211; N\u00e5r skal dere gjennomf\u00f8re avh\u00f8r?<\/p>\n<p>&#8211; Det er gjennomf\u00f8rt flere avh\u00f8r av vitner i saken. Politiet \u00f8nsker \u00e5 gjennomf\u00f8re avh\u00f8r av siktede, sier Selnes.\u00a0<\/p>\n<p>P\u00e5 politiets <a href=\"https:\/\/www.politiet.no\/tjenester\/vapen\/lover-og-regler-om-vapen\/#vaapen-som-krever-tillatelse\" target=\"_blank\" rel=\"nofollow noopener\">nettside<\/a>\u00a0st\u00e5r det at man m\u00e5 ha tillatelse fra politiet for \u00e5 kunne ha et registreringspliktig v\u00e5pen.\u00a0<\/p>\n<p>    <a itemprop=\"url\" href=\"https:\/\/www.dagbladet.no\/nyheter\/pa-jobb-under-skytingen-panikk\/83953686\" rel=\"nofollow noopener\" target=\"_blank\"><\/p>\n<p>        <img loading=\"lazy\" decoding=\"async\" src=\"https:\/\/www.europesays.com\/no\/wp-content\/uploads\/2025\/12\/83953994.webp\" width=\"980\" height=\"441\" title=\"P\u00e5 jobb under skytingen: - Panikk\" alt=\"\" class=\"lazyload\" style=\"--aspect-ratio-image: 2.22; \"\/><\/p>\n<p>        P\u00e5 jobb under skytingen: &#8211; Panikk<\/p>\n<p>    <\/a><\/p>\n<p>Forsvarer: &#8211; Positiv til avh\u00f8r\t<\/p>\n<p>19-\u00e5ringen som er siktet etter skytingen p\u00e5 Storo mandag vil ikke bli avh\u00f8rt tirsdag. Det opplyser forsvarer Kai Vaag overfor Dagbladet.<\/p>\n<p class=\"font-weight-bold m-font-weight-bold\" data-lab-font_weight=\"font-weight-bold\">&#8211; Det blir ikke avh\u00f8r i dag. Det er endelig avklart, sier forsvareren.\u00a0<\/p>\n<p>Han gjentar sitt budskap om at hans klient stiller seg positiv til \u00e5 bli avh\u00f8rt.<\/p>\n<p>&#8211; Han ivertas av helse, og vurderes fortl\u00f8pende. Det har ikke blitt gjort en prejudisiell vurdering, sier han.<\/p>\n<p>Rykket ut mandag\t<\/p>\n<p><a href=\"https:\/\/www.dagbladet.no\/nyheter\/skyting-pa-kjopesenter-i-oslo\/83953465\" rel=\"nofollow noopener\" target=\"_blank\">N\u00f8detatene rykket ut etter at det ble avfyrt skudd p\u00e5 Storo Storsenter i Oslo like f\u00f8r klokka 11 mandag.<\/a><\/p>\n<p>Den siktede skytteren er en 19 \u00e5r gammel mann, bosatt i Oslo. Han skal ikke v\u00e6re godt kjent for politiet fra tidligere.\u00a0<\/p>\n<p>Den siktede skal selv ha ringt politiet f\u00f8r skuddet ble avfyrt. Han ble p\u00e5grepet etter \u00e5 ha skutt et skudd i taket p\u00e5 Storo Storsenter i Oslo mandag. Ingen personer ble skadd.<\/p>\n<p>    <a itemprop=\"url\" href=\"https:\/\/www.dagbladet.no\/nyheter\/120-kriminelle-nettverk-alvorlig-og-uforutsigbart\/83959272\" rel=\"nofollow noopener\" target=\"_blank\"><\/p>\n<p>        <img loading=\"lazy\" decoding=\"async\" src=\"https:\/\/www.europesays.com\/no\/wp-content\/uploads\/2025\/12\/83959370.webp\" width=\"980\" height=\"441\" title=\"120 kriminelle nettverk: - Alvorlig og uforutsigbart\" alt=\"\" class=\"lazyload\" style=\"--aspect-ratio-image: 2.22; \"\/><\/p>\n<p>        120 kriminelle nettverk: &#8211; Alvorlig og uforutsigbart<\/p>\n<p>    <\/a><\/p>\n","protected":false},"excerpt":{"rendered":"Storo-skytingen:\u00a0 Politiadvokat Trine Elisabeth Selnes sier at den siktede 19-\u00e5ringen fra Storo-skytingen ikke har hatt lovlig tilgang til&hellip;\n","protected":false},"author":2,"featured_media":108652,"comment_status":"","ping_status":"","sticky":false,"template":"","format":"standard","meta":{"footnotes":""},"categories":[5],"tags":[20,21,24,25,15,19,2539,983,22,23,17,18,13,30,28,29,14,636,16,468,26,27],"class_list":{"0":"post-108651","1":"post","2":"type-post","3":"status-publish","4":"format-standard","5":"has-post-thumbnail","7":"category-overskrifter","8":"tag-breaking-news","9":"tag-breakingnews","10":"tag-featured-news","11":"tag-featurednews","12":"tag-headlines","13":"tag-hovedoppslag","14":"tag-innenriks","15":"tag-krim","16":"tag-latest-news","17":"tag-latestnews","18":"tag-main-news","19":"tag-mainnews","20":"tag-news","21":"tag-no","22":"tag-norge","23":"tag-norway","24":"tag-nyheter","25":"tag-oslo","26":"tag-overskrifter","27":"tag-politiet","28":"tag-top-stories","29":"tag-topstories"},"share_on_mastodon":{"url":"https:\/\/pubeurope.com\/@no\/115690851859439130","error":""},"_links":{"self":[{"href":"https:\/\/www.europesays.com\/no\/wp-json\/wp\/v2\/posts\/108651","targetHints":{"allow":["GET"]}}],"collection":[{"href":"https:\/\/www.europesays.com\/no\/wp-json\/wp\/v2\/posts"}],"about":[{"href":"https:\/\/www.europesays.com\/no\/wp-json\/wp\/v2\/types\/post"}],"author":[{"embeddable":true,"href":"https:\/\/www.europesays.com\/no\/wp-json\/wp\/v2\/users\/2"}],"replies":[{"embeddable":true,"href":"https:\/\/www.europesays.com\/no\/wp-json\/wp\/v2\/comments?post=108651"}],"version-history":[{"count":0,"href":"https:\/\/www.europesays.com\/no\/wp-json\/wp\/v2\/posts\/108651\/revisions"}],"wp:featuredmedia":[{"embeddable":true,"href":"https:\/\/www.europesays.com\/no\/wp-json\/wp\/v2\/media\/108652"}],"wp:attachment":[{"href":"https:\/\/www.europesays.com\/no\/wp-json\/wp\/v2\/media?parent=108651"}],"wp:term":[{"taxonomy":"category","embeddable":true,"href":"https:\/\/www.europesays.com\/no\/wp-json\/wp\/v2\/categories?post=108651"},{"taxonomy":"post_tag","embeddable":true,"href":"https:\/\/www.europesays.com\/no\/wp-json\/wp\/v2\/tags?post=108651"}],"curies":[{"name":"wp","href":"https:\/\/api.w.org\/{rel}","templated":true}]}}