{"id":108655,"date":"2025-12-09T17:45:12","date_gmt":"2025-12-09T17:45:12","guid":{"rendered":"https:\/\/www.europesays.com\/no\/108655\/"},"modified":"2025-12-09T17:45:12","modified_gmt":"2025-12-09T17:45:12","slug":"bergenfest-tobias-sten-countrystjernen-kommer-til-bergenfest","status":"publish","type":"post","link":"https:\/\/www.europesays.com\/no\/108655\/","title":{"rendered":"Bergenfest, Tobias Sten | Countrystjernen kommer til Bergenfest"},"content":{"rendered":"\n<p>Countryartisten Tobias Sten fra Stord har p\u00e5 relativt kort tid blitt popul\u00e6r, og gikk til topps p\u00e5 Spotifys liste over de mest str\u00f8mmede artistene i Norge i 2025.<\/p>\n<p>Tirsdag melder Bergenfest at 22-\u00e5ringen kommer til neste \u00e5rs utgave av festivalen.<\/p>\n<p>Han er kanskje mest kjent for l\u00e5ter som \u00abFy faen du e deilig\u00bb og \u00abEli\u00bb, og sto blant annet p\u00e5 scenen under <a href=\"https:\/\/www.ba.no\/tysnesfest-far-stralende-solskinn-nar-tom-jones-carina-dahl-og-tobias-sten-kommer-til-festivalen-sier-festivalsjef-oystein-vaage\/s\/5-8-3084523\" rel=\"Follow nofollow noopener\" target=\"_blank\">Tysnesfest<\/a> i sommer.<\/p>\n<p>I januar spiller Sten to konserter p\u00e5 USF Verftet, og kommer alts\u00e5 tilbake 10. juni til Bergenfest.<\/p>\n<p>Fra f\u00f8r er det kjent at artister som Lewis Capaldi, KA2, Dagny, Sigrid, og Kings of Convenience kommer til den \u00e5rlige musikkfestivalen p\u00e5 Bergenhus festning.<\/p>\n<p>Det var <a href=\"https:\/\/www.bt.no\/kultur\/i\/K8vWwG\/tobias-sten-spiller-paa-bergenfest-2026\" rel=\"Follow nofollow noopener\" target=\"_blank\">BT<\/a> som f\u00f8rst skrev om det nyeste artistslippet.<\/p>\n<p>  <a href=\"https:\/\/www.ba.no\/5-8-3244355\" class=\"related-teaser has-image default-story-teaser article--c-eRUmMG article--c-eRUmMG-jKCPdD-design-default\" rel=\"nofollow noopener\" target=\"_blank\"><\/p>\n<p>    <img decoding=\"async\" loading=\"lazy\"  src=\"https:\/\/www.europesays.com\/no\/wp-content\/uploads\/2025\/12\/LorB08turbo7.jpg\" alt=\"\" class=\"brick-c-cFOWSL\" style=\"\"\/><\/p>\n<p>\n            Les ogs\u00e5<\/p>\n<p>              P\u00e5 Hulen ble konserten avbrutt etter 30 minutter, n\u00e5 er de klare for Bergen igjen\n        <\/p>\n<p>  <\/a><\/p>\n","protected":false},"excerpt":{"rendered":"Countryartisten Tobias Sten fra Stord har p\u00e5 relativt kort tid blitt popul\u00e6r, og gikk til topps p\u00e5 Spotifys&hellip;\n","protected":false},"author":2,"featured_media":108656,"comment_status":"","ping_status":"","sticky":false,"template":"","format":"standard","meta":{"footnotes":""},"categories":[58],"tags":[36,10806,5580,71,30,28,29,1510,1364,72],"class_list":{"0":"post-108655","1":"post","2":"type-post","3":"status-publish","4":"format-standard","5":"has-post-thumbnail","7":"category-underholdning","8":"tag-art","9":"tag-bergenfest","10":"tag-country","11":"tag-entertainment","12":"tag-no","13":"tag-norge","14":"tag-norway","15":"tag-story","16":"tag-tobias-sten","17":"tag-underholdning"},"share_on_mastodon":{"url":"https:\/\/pubeurope.com\/@no\/115690859795951113","error":""},"_links":{"self":[{"href":"https:\/\/www.europesays.com\/no\/wp-json\/wp\/v2\/posts\/108655","targetHints":{"allow":["GET"]}}],"collection":[{"href":"https:\/\/www.europesays.com\/no\/wp-json\/wp\/v2\/posts"}],"about":[{"href":"https:\/\/www.europesays.com\/no\/wp-json\/wp\/v2\/types\/post"}],"author":[{"embeddable":true,"href":"https:\/\/www.europesays.com\/no\/wp-json\/wp\/v2\/users\/2"}],"replies":[{"embeddable":true,"href":"https:\/\/www.europesays.com\/no\/wp-json\/wp\/v2\/comments?post=108655"}],"version-history":[{"count":0,"href":"https:\/\/www.europesays.com\/no\/wp-json\/wp\/v2\/posts\/108655\/revisions"}],"wp:featuredmedia":[{"embeddable":true,"href":"https:\/\/www.europesays.com\/no\/wp-json\/wp\/v2\/media\/108656"}],"wp:attachment":[{"href":"https:\/\/www.europesays.com\/no\/wp-json\/wp\/v2\/media?parent=108655"}],"wp:term":[{"taxonomy":"category","embeddable":true,"href":"https:\/\/www.europesays.com\/no\/wp-json\/wp\/v2\/categories?post=108655"},{"taxonomy":"post_tag","embeddable":true,"href":"https:\/\/www.europesays.com\/no\/wp-json\/wp\/v2\/tags?post=108655"}],"curies":[{"name":"wp","href":"https:\/\/api.w.org\/{rel}","templated":true}]}}