{"id":108661,"date":"2025-12-09T17:49:12","date_gmt":"2025-12-09T17:49:12","guid":{"rendered":"https:\/\/www.europesays.com\/no\/108661\/"},"modified":"2025-12-09T17:49:12","modified_gmt":"2025-12-09T17:49:12","slug":"kongefamilien-uteblir-fra-nobelbanketten-maria-corina-machado-hedres","status":"publish","type":"post","link":"https:\/\/www.europesays.com\/no\/108661\/","title":{"rendered":"Kongefamilien uteblir fra Nobelbanketten: Maria Corina Machado hedres"},"content":{"rendered":"<p class=\"kicker \" style=\"\">Kong Harald og dronning Sonja:<\/p>\n<p>  Kronprins Haakon representerer kongefamilien alene under Nobelbanketten.\u00a0<\/p>\n<p>\n    UTEBLIR: Kongeparet blir heller ikke \u00e5 se under \u00e5rets Nobelbankett. Foto: NTB\n  <\/p>\n<p>Onsdag 10.desember er det duket for Nobelbanketten p\u00e5 Grand Hotel, til \u00e6re fro \u00e5rets vinner Maria Corina Machado (58). Den vil imidlertid g\u00e5 av stabelen uten store deler av kongefamilien. Kong Harald (88) og dronning Sonja (88) skal nemlig ikke ta turen.<\/p>\n<p>    <a itemprop=\"url\" href=\"https:\/\/www.dagbladet.no\/kjendis\/det-er-moro-a-se\/83957655\" rel=\"nofollow noopener\" target=\"_blank\"><\/p>\n<p>        <img loading=\"lazy\" decoding=\"async\" src=\"https:\/\/www.europesays.com\/no\/wp-content\/uploads\/2025\/12\/1765302550_484_83958905.webp\" width=\"980\" height=\"441\" title=\"- Det er moro \u00e5 se\" alt=\"\" class=\"lazyload\" style=\"--aspect-ratio-image: 2.22; \"\/><\/p>\n<p>        &#8211; Det er moro \u00e5 se<\/p>\n<p>    <\/a><\/p>\n<p><a href=\"https:\/\/www.dagbladet.no\/kjendis\/bryter-tradisjon-en-konsekvens\/82360445\" rel=\"nofollow noopener\" target=\"_blank\">Heller ikke i fjor<\/a> var kongeparet \u00e5 se p\u00e5 banketten, noe som markerte den f\u00f8rste gangen det skjedde. Den gang spekulerte kongehusekspert Trond Nor\u00e9n Isaksen p\u00e5 om det kunne ha med alderen \u00e5 gj\u00f8re.<\/p>\n<p>&#8211; Kongen gikk ned til firedagers arbeidsuke i 2006. Da det i april i \u00e5r (2024 red.anm.) ble sagt at han skulle trappe ned,\u00a0bet\u00f8d det alts\u00e5 \u00abtrappe ytterligere ned\u00bb.\u00a0<\/p>\n<p>        DUKKET OPP: Mandag kveld er kronprinsesse Mette-Marit (52) tilbake p\u00e5 jobb, og til stede hos Kulturkirken Jakob i Oslo. Her arrangerer NRK-podkasten \u00abLeseklubben\u00bb h\u00f8ytlesing av boka \u00abStargate\u00bb &#8211; en julefortelling. Reporter\/video: Brage Hegg\u00f8y<\/p>\n<p>&#8211; Det meste av kongens og dronningens arbeid foreg\u00e5r n\u00e5 p\u00e5 Slottet, og de har sjelden eksterne oppdrag. Det er en konskevens av at de begynner \u00e5 n\u00e6rme seg 90.<\/p>\n<p>I fjor var b\u00e5de kronprins Haakon (52) og kronprinsesse Mette-Marit (52) til stede i kongeparets frav\u00e6r. I \u00e5r blir det bare f\u00f8rstnevnte.<\/p>\n<p>    <a itemprop=\"url\" href=\"https:\/\/www.dagbladet.no\/kjendis\/trenger-det-i-den-toffe-perioden\/83954241\" rel=\"nofollow noopener\" target=\"_blank\"><\/p>\n<p>        <img loading=\"lazy\" decoding=\"async\" src=\"https:\/\/www.europesays.com\/no\/wp-content\/uploads\/2025\/12\/1765302552_860_83954278.webp\" width=\"980\" height=\"441\" title=\"- Trenger det i den t\u00f8ffe perioden\" alt=\"\" class=\"lazyload\" style=\"--aspect-ratio-image: 2.22; \"\/><\/p>\n<p>        &#8211; Trenger det i den t\u00f8ffe perioden<\/p>\n<p>    <\/a><\/p>\n<p>Overfor VG forklarer Slottet at det handler om kronprinsessens helse.<\/p>\n<p>&#8211; Vi viser til tidligere pressemelding om kronprinsessens helsetilstand og tilpasninger i offisielt program.<\/p>\n<p>        TRUMP-VITS: Da prins Harry gjestet \u00abThe Late Show with Stephen Colbert\u00ab fikk en vits publikummet til \u00e5 bue. Video: The Late Show With Stephen Colbert \/ Danny Son To \/ R\u00f8d L\u00f8per<\/p>\n<p>B\u00e5de kongeparet, kronprinsparet og prinsesse Ingrid Alexandra (21) skal v\u00e6re til stede under selve utdelingen.<\/p>\n","protected":false},"excerpt":{"rendered":"Kong Harald og dronning Sonja: Kronprins Haakon representerer kongefamilien alene under Nobelbanketten.\u00a0 UTEBLIR: Kongeparet blir heller ikke \u00e5&hellip;\n","protected":false},"author":2,"featured_media":108662,"comment_status":"","ping_status":"","sticky":false,"template":"","format":"standard","meta":{"footnotes":""},"categories":[10],"tags":[20,21,3990,1560,24,25,15,479,2590,76,1764,2293,22,23,13,30,8649,28,29,14,16,291,26,27],"class_list":{"0":"post-108661","1":"post","2":"type-post","3":"status-publish","4":"format-standard","5":"has-post-thumbnail","7":"category-norge","8":"tag-breaking-news","9":"tag-breakingnews","10":"tag-det-norske-kongehuset","11":"tag-dronning-sonja","12":"tag-featured-news","13":"tag-featurednews","14":"tag-headlines","15":"tag-kjendis","16":"tag-kong-harald","17":"tag-kongelig","18":"tag-kronprins-haakon","19":"tag-kronprinsesse-mette-marit","20":"tag-latest-news","21":"tag-latestnews","22":"tag-news","23":"tag-no","24":"tag-nobels_fredspris","25":"tag-norge","26":"tag-norway","27":"tag-nyheter","28":"tag-overskrifter","29":"tag-prinsesse-ingrid-alexandra","30":"tag-top-stories","31":"tag-topstories"},"share_on_mastodon":{"url":"https:\/\/pubeurope.com\/@no\/115690875623927821","error":""},"_links":{"self":[{"href":"https:\/\/www.europesays.com\/no\/wp-json\/wp\/v2\/posts\/108661","targetHints":{"allow":["GET"]}}],"collection":[{"href":"https:\/\/www.europesays.com\/no\/wp-json\/wp\/v2\/posts"}],"about":[{"href":"https:\/\/www.europesays.com\/no\/wp-json\/wp\/v2\/types\/post"}],"author":[{"embeddable":true,"href":"https:\/\/www.europesays.com\/no\/wp-json\/wp\/v2\/users\/2"}],"replies":[{"embeddable":true,"href":"https:\/\/www.europesays.com\/no\/wp-json\/wp\/v2\/comments?post=108661"}],"version-history":[{"count":0,"href":"https:\/\/www.europesays.com\/no\/wp-json\/wp\/v2\/posts\/108661\/revisions"}],"wp:featuredmedia":[{"embeddable":true,"href":"https:\/\/www.europesays.com\/no\/wp-json\/wp\/v2\/media\/108662"}],"wp:attachment":[{"href":"https:\/\/www.europesays.com\/no\/wp-json\/wp\/v2\/media?parent=108661"}],"wp:term":[{"taxonomy":"category","embeddable":true,"href":"https:\/\/www.europesays.com\/no\/wp-json\/wp\/v2\/categories?post=108661"},{"taxonomy":"post_tag","embeddable":true,"href":"https:\/\/www.europesays.com\/no\/wp-json\/wp\/v2\/tags?post=108661"}],"curies":[{"name":"wp","href":"https:\/\/api.w.org\/{rel}","templated":true}]}}