{"id":108667,"date":"2025-12-09T17:52:42","date_gmt":"2025-12-09T17:52:42","guid":{"rendered":"https:\/\/www.europesays.com\/no\/108667\/"},"modified":"2025-12-09T17:52:42","modified_gmt":"2025-12-09T17:52:42","slug":"pantones-kontroversielle-fargevalg-for-2026-cloud-dancer","status":"publish","type":"post","link":"https:\/\/www.europesays.com\/no\/108667\/","title":{"rendered":"Pantones kontroversielle fargevalg for 2026: Cloud Dancer"},"content":{"rendered":"<p>Siden 1999 har Pantone hvert \u00e5r funnet frem til fargen som vil komme til \u00e5 definere kulturen i \u00e5ret som kommer. Og dette \u00e5ret er intet unntak.\u00a0<\/p>\n<p class=\"font-weight-bold m-font-weight-bold\" data-lab-font_weight=\"font-weight-bold\">De siste par \u00e5rene er det ikke skjedd uten kontrovers \u2013 snarere tvert imot.<\/p>\n<p>    <a itemprop=\"url\" href=\"https:\/\/www.kk.no\/mote\/fristende-a-legge-mer-i-det\/83746390\" rel=\"nofollow noopener\" target=\"_blank\"><\/p>\n<p>        <img loading=\"lazy\" decoding=\"async\" src=\"https:\/\/www.europesays.com\/no\/wp-content\/uploads\/2025\/12\/83746424.webp\" width=\"980\" height=\"441\" title=\"\u2013 Fristende \u00e5 legge mer i det\" alt=\"\" class=\"lazyload\" style=\"--aspect-ratio-image: 2.22; \"\/><\/p>\n<p>        \u2013 Fristende \u00e5 legge mer i det<\/p>\n<p>    <\/a><\/p>\n<p>\u00c5rets farge 2026 er \u00abCloud Dancer\u00bb; En n\u00f8ytral hvit \u2013 ikke for varm, ikke for kald.\u00a0<\/p>\n<p class=\"font-weight-bold m-font-weight-bold\" data-lab-font_weight=\"font-weight-bold\">Fargen skal signalisere balanse, trygghet og kreativitet \u2013 blanke ark. Og er det ikke akkurat det vi trenger n\u00e5?<\/p>\n<p>        <img loading=\"lazy\" decoding=\"async\" src=\"https:\/\/www.europesays.com\/no\/wp-content\/uploads\/2025\/12\/83960535.webp\" width=\"980\" height=\"1470\" title=\"I HELHVITT: Meghan Markle under moteuken i Paris i h\u00f8st. Foto: NTB.\" alt=\"\" class=\"\" style=\"--aspect-ratio-image: 0.67; \"\/><\/p>\n<p>\n        I HELHVITT: Meghan Markle under moteuken i Paris i h\u00f8st. Foto: NTB.\n    <\/p>\n<p class=\"font-weight-bold m-font-weight-bold\" data-lab-font_weight=\"font-weight-bold\">Tydeligvis ikke, for folk er i harnisk over valget som omtales som b\u00e5de toned\u00f8vt og s\u00e5 langt fra tids\u00e5nden man kommer.\u00a0<\/p>\n<p class=\"font-weight-bold m-font-weight-bold\" data-lab-font_weight=\"font-weight-bold\">For det koker p\u00e5 sosiale medier etter kunngj\u00f8ringen av \u00e5rets, eh \u2013 farge.<\/p>\n<p>    <a itemprop=\"url\" href=\"https:\/\/www.kk.no\/mote\/et-historisk-oyeblikk\/83879787\" rel=\"nofollow noopener\" target=\"_blank\"><\/p>\n<p>        <img loading=\"lazy\" decoding=\"async\" src=\"https:\/\/www.europesays.com\/no\/wp-content\/uploads\/2025\/12\/83879803.webp\" width=\"980\" height=\"441\" title=\"\u2013 Et historisk \u00f8yeblikk\" alt=\"\" class=\"lazyload\" style=\"--aspect-ratio-image: 2.22; \"\/><\/p>\n<p>        \u2013 Et historisk \u00f8yeblikk<\/p>\n<p>    <\/a><\/p>\n<p>\u2013 P\u00e5 sp\u00f8rsm\u00e5l om hvitt blir det mest interessante og fremoverlente fargevalget neste \u00e5r generelt vil jeg helt klart si \u00abnei\u00bb, sier Dagny Thurmann-Moe.\u00a0<\/p>\n<p>Hun er fargeekspert og grunnlegger og kreativ leder av Koi Fargestudio.\u00a0<\/p>\n<p>\u2013 Responsen p\u00e5 Chanel sin nye kolleksjon er ganske annerledes, for \u00e5 si det s\u00e5nn.\u00a0<\/p>\n<p>        <img loading=\"lazy\" decoding=\"async\" src=\"https:\/\/www.europesays.com\/no\/wp-content\/uploads\/2025\/12\/83960538.webp\" width=\"980\" height=\"1225\" title=\"\u00c5RETS FARGE: Hvitt er \u00e5rets farge, i alle fall if\u00f8lge Pantone. Foto: Bryndis Thorsteinsdotter.\" alt=\"\" class=\"\" style=\"--aspect-ratio-image: 0.80; \"\/><\/p>\n<p>\n        \u00c5RETS FARGE: Hvitt er \u00e5rets farge, i alle fall if\u00f8lge Pantone. Foto: Bryndis Thorsteinsdotter.\n    <\/p>\n<p>Det har hun helt rett i. For Matthieu Blazys debutkolleksjon for det franske luksusmotehuset ble tatt spesielt godt imot i motebyen Paris tidligere i h\u00f8st.\u00a0<\/p>\n<p>Endelig lager designerne kl\u00e6r som vi vil g\u00e5 i, skrev undertegnende. Man skulle kanskje tro det var en selvf\u00f8lge, men nei.<\/p>\n<p>    <a itemprop=\"url\" href=\"https:\/\/www.kk.no\/mote\/akkurat-det-vi-trenger-na\/83706149\" rel=\"nofollow noopener\" target=\"_blank\"><\/p>\n<p>        <img loading=\"lazy\" decoding=\"async\" src=\"https:\/\/www.europesays.com\/no\/wp-content\/uploads\/2025\/12\/83735641.webp\" width=\"980\" height=\"441\" title=\"\u2013 Akkurat det vi trenger n\u00e5\" alt=\"\" class=\"lazyload\" style=\"--aspect-ratio-image: 2.22; \"\/><\/p>\n<p>        \u2013 Akkurat det vi trenger n\u00e5<\/p>\n<p>    <\/a><\/p>\n<p>    Pantones kontroversielle fargevalg<\/p>\n<p lang=\"nb-NO\">Pantone har valgt \u00abCloud Dancer\u00bb som \u00e5rets farge 2026.<\/p>\n<p lang=\"nb-NO\">Valget har skapt stor kontrovers og kritikk.<\/p>\n<p lang=\"nb-NO\">Fargen beskrives som en n\u00f8ytral hvit som skal signalisere balanse.<\/p>\n<p lang=\"nb-NO\">Mange mener valget er toned\u00f8vt og ikke i takt med tids\u00e5nden.<\/p>\n<p lang=\"nb-NO\">Debatten raser p\u00e5 sosiale medier om relevansen av Pantones fargevalg.<\/p>\n<p class=\"italic ai-disclaimer\" data-lab-italic=\"italic\">Sammendraget er laget av ChatGPT og godkjent av KK.<\/p>\n<p>      Vis mer<br \/>\n      Vis mindre<\/p>\n<p>Det var blant annet Blazys fargebruk som ble hyllet. En vitamininnspr\u00f8ytning, mente mange, i en bransje som s\u00e5rt trengte nettopp det; Noen som r\u00f8ska litt skikkelig i stille luksus-trenden som det kan virke som er grodd fast trendmessig.\u00a0<\/p>\n<p>        <img loading=\"lazy\" decoding=\"async\" src=\"https:\/\/www.europesays.com\/no\/wp-content\/uploads\/2025\/12\/83960616.webp\" width=\"686\" height=\"515\" title=\"FARGEEKSPERT: Dagny Thurmann-Moe er fargeekspert og kreativ leder i Koi Fargestudio. Foto: Privat.\" alt=\"\" class=\"\" style=\"--aspect-ratio-image: 1.33; \"\/><\/p>\n<p>\n        FARGEEKSPERT: Dagny Thurmann-Moe er fargeekspert og kreativ leder i Koi Fargestudio. Foto: Privat.\n    <\/p>\n<p>\u2013\u00a0Motehusene v\u00e5ger alts\u00e5 mer enn Pantone. Fargeuttrykket som faktisk engasjerer n\u00e5 er ikke hvitt \u2013 det er det motsatte, fortsetter Thurmann-Moe.<\/p>\n<p>        <img loading=\"lazy\" decoding=\"async\" src=\"https:\/\/www.europesays.com\/no\/wp-content\/uploads\/2025\/12\/83960536.webp\" width=\"980\" height=\"726\" title=\"SER SEG TILBAKE: Ikke siden 1999 har en nyanse av hvitt blitt \u00e5rets farge. Foto: NTB.\" alt=\"\" class=\"\" style=\"--aspect-ratio-image: 1.35; \"\/><\/p>\n<p>\n        SER SEG TILBAKE: Ikke siden 1999 har en nyanse av hvitt blitt \u00e5rets farge. Foto: NTB.\n    <\/p>\n<p>Hvordan kan Pantone bomme s\u00e5 grovt?<\/p>\n<p class=\"font-weight-bold m-font-weight-bold\" data-lab-font_weight=\"font-weight-bold\">Vel, hvis vi legger godvilja til s\u00e5 har hvitt kanskje noe for seg likevel. For fargen skal visstnok v\u00e6re et slags velkomment avbrekk i en stadig mer digitalisert verden \u2013 en pause fra det vi f\u00e5r servert p\u00e5 sosiale medier i en rasende fart til alle d\u00f8gnets tider. En motsats til det digitale kaoset. En respons p\u00e5 v\u00e5r tid.<\/p>\n<p>    <a itemprop=\"url\" href=\"https:\/\/www.kk.no\/mote\/noksa-spesielt-at-dette-trender-na\/82200428\" rel=\"nofollow noopener\" target=\"_blank\"><\/p>\n<p>        <img loading=\"lazy\" decoding=\"async\" src=\"https:\/\/www.europesays.com\/no\/wp-content\/uploads\/2025\/12\/82200450.webp\" width=\"980\" height=\"441\" title=\"- Noks\u00e5 spesielt at dette trender n\u00e5\" alt=\"\" class=\"lazyload\" style=\"--aspect-ratio-image: 2.22; \"\/><\/p>\n<p>        &#8211; Noks\u00e5 spesielt at dette trender n\u00e5<\/p>\n<p>    <\/a><\/p>\n<p>Hvitt har dessuten allerede gjort sin inntog i moteverdenen, og kjendiser\u00a0 som Sabrina Carpenter, Gwyneth Paltrow og Meghan Markle har alle dukket opp kledd nettopp i hvitt den siste tiden.<\/p>\n<p>        <img loading=\"lazy\" decoding=\"async\" src=\"https:\/\/www.europesays.com\/no\/wp-content\/uploads\/2025\/12\/83960551.webp\" width=\"980\" height=\"1470\" title=\"L\u00c5NTE FJ\u00c6R: Matthieu Blazys Chanel hylles, blant annet for bruken av farger. Foto: NTB.\" alt=\"\" class=\"\" style=\"--aspect-ratio-image: 0.67; \"\/><\/p>\n<p>\n        L\u00c5NTE FJ\u00c6R: Matthieu Blazys Chanel hylles, blant annet for bruken av farger. Foto: NTB.\n    <\/p>\n<p data-lab-font_weight=\"\">Fargen passer ogs\u00e5 inn i wellness-trenden, skriver <a href=\"https:\/\/wwd.com\/eye\/lifestyle\/color-of-the-year-cloud-dancer-pantone-1238370798\/\" rel=\"nofollow noopener\" target=\"_blank\">Women&#8217;s Wear Daily<\/a>. Industrien er for \u00f8vrig verdisatt til svimlende 6,8 milliarder dollar globalt, og hvit er en farge som brukes nettopp her for \u00e5 signalisere b\u00e5de renhet og helse.<\/p>\n<p class=\"font-weight-bold m-font-weight-bold\" data-lab-font_weight=\"font-weight-bold\">Det er f\u00f8rste gang at Pantone velger en hvit nyanse siden k\u00e5ringen startet i 1999.\u00a0Det skulle de heller aldri gjort, i alle fall ikke etter responsen \u00e5 d\u00f8mme.\u00a0<\/p>\n<p>    <a itemprop=\"url\" href=\"https:\/\/www.kk.no\/mote\/derfor-gar-det-aldri-av-moten\/82134063\" rel=\"nofollow noopener\" target=\"_blank\"><\/p>\n<p>        <img loading=\"lazy\" decoding=\"async\" src=\"https:\/\/www.europesays.com\/no\/wp-content\/uploads\/2025\/12\/82146380.webp\" width=\"980\" height=\"441\" title=\"Derfor g\u00e5r det aldri av moten\" alt=\"\" class=\"lazyload\" style=\"--aspect-ratio-image: 2.22; \"\/><\/p>\n<p>        Derfor g\u00e5r det aldri av moten<\/p>\n<p>    <\/a><\/p>\n<p class=\"font-weight-bold m-font-weight-bold\" data-lab-font_weight=\"font-weight-bold\">Sp\u00f8rsm\u00e5let er om utnevnelsen av \u00e5rets farge i det hele tatt er relevant lenger.<\/p>\n<p>\u2013 Det virker som om det sklir ut omd\u00f8mmemessig og at kredibiliteten synker. Det er interessant. Tidligere har det v\u00e6rt mye entusiasme rundt k\u00e5ringen, n\u00e5 er det himling med \u00f8ynene, irritasjon og skuldertrekk, sier Thurmann-Moe.<\/p>\n<p>        <img loading=\"lazy\" decoding=\"async\" src=\"https:\/\/www.europesays.com\/no\/wp-content\/uploads\/2025\/12\/83960534.webp\" width=\"980\" height=\"1470\" title=\"TRENDER: Joda, hvitt trender. Som her hos Celine for SS26. Foto: NTB.\" alt=\"\" class=\"\" style=\"--aspect-ratio-image: 0.67; \"\/><\/p>\n<p>\n        TRENDER: Joda, hvitt trender. Som her hos Celine for SS26. Foto: NTB.\n    <\/p>\n<p>\u2013 Tidligere ble Pantone sett p\u00e5 som et slags \u00aborakel\u00bb som kom med en visjon om fremtidens estetikk. I dag skj\u00f8nner folk flest at det er markedsf\u00f8ring. N\u00e5r man oppdager mekanikken bak, forsvinner magien. Da forventer publikum faktiske retninger, ikke symboltunge, kommersielt \u00absikre valg\u00bb. I tillegg er vi blitt mer estetiske bevisste.\u00a0<\/p>\n<p class=\"font-weight-bold m-font-weight-bold\" data-lab-font_weight=\"font-weight-bold\">Og hun er ikke akkurat n\u00e5dig i sin dom.<\/p>\n<p>    <a itemprop=\"url\" href=\"https:\/\/www.kk.no\/mote\/et-elsk-hat-forhold\/81871239\" rel=\"nofollow noopener\" target=\"_blank\"><\/p>\n<p>        <img loading=\"lazy\" decoding=\"async\" src=\"https:\/\/www.europesays.com\/no\/wp-content\/uploads\/2025\/12\/81871277.webp\" width=\"980\" height=\"441\" title=\"- Et elsk-hat-forhold\" alt=\"\" class=\"lazyload\" style=\"--aspect-ratio-image: 2.22; \"\/><\/p>\n<p>        &#8211; Et elsk-hat-forhold<\/p>\n<p>    <\/a><\/p>\n<p class=\"font-weight-bold m-font-weight-bold\" data-lab-font_weight=\"font-weight-bold\">\u2013 N\u00e5r Pantone kommer trekkende med \u00abCloud Dancer\u00bb, som i realiteten er en hvit basefarge, oppleves det som en forn\u00e6rmelse mot den visuelle intelligensen. Det er et \u00abikke-valg\u00bb i en tid hvor folk vil ha noe, fortsetter hun.\u00a0<\/p>\n<p class=\"font-weight-bold m-font-weight-bold\" data-lab-font_weight=\"font-weight-bold\">Ja, for legger vi egentlig for mye i det?\u00a0<\/p>\n<p class=\"font-weight-normal m-font-weight-normal\" data-lab-font_weight=\"font-weight-normal\">\u2013 Det er grenser for hvor mye fluffy symbolikk man kan legge i farger. Ja, det betyr noe, men ikke s\u00e5 mye som de absurde tekstene som Pantone leverer.\u00a0<\/p>\n<p>        <img loading=\"lazy\" decoding=\"async\" src=\"https:\/\/www.europesays.com\/no\/wp-content\/uploads\/2025\/12\/83960537.webp\" width=\"980\" height=\"1225\" title=\"PAUSE: En pause fra hverdagens kjas og mas skal hvitt visstnok v\u00e6re. Foto: Bryndis Thorsteinsdotter.\" alt=\"\" class=\"\" style=\"--aspect-ratio-image: 0.80; \"\/><\/p>\n<p>\n        PAUSE: En pause fra hverdagens kjas og mas skal hvitt visstnok v\u00e6re. Foto: Bryndis Thorsteinsdotter.\n    <\/p>\n<p>\u2013 Folk flest vil ikke ha en farge som representerer \u00aben f\u00f8lelse verden trenger\u00bb. De vil ha en farge som faktisk brukes, lever, f\u00f8les \u00abn\u00e5\u00bb og som ogs\u00e5 beveger b\u00e5de visuelt og emosjonelt.<\/p>\n<p>Hun mener autoriteten har flyttet seg fra fargestandardiseringsselskapet til praksisfeltet. Mest sannsynlig for godt.<\/p>\n<p>\u2013 Vi vil heller se hva de virkelige kreative milj\u00f8ene, designerne, kunstnerne, og kulturen faktisk produserer. Det er g\u00f8y!<\/p>\n","protected":false},"excerpt":{"rendered":"Siden 1999 har Pantone hvert \u00e5r funnet frem til fargen som vil komme til \u00e5 definere kulturen i&hellip;\n","protected":false},"author":2,"featured_media":108668,"comment_status":"","ping_status":"","sticky":false,"template":"","format":"standard","meta":{"footnotes":""},"categories":[58],"tags":[13453,71,7055,13454,1857,4024,30,28,29,13456,1702,13455,72],"class_list":{"0":"post-108667","1":"post","2":"type-post","3":"status-publish","4":"format-standard","5":"has-post-thumbnail","7":"category-underholdning","8":"tag-arets-farge","9":"tag-entertainment","10":"tag-farge","11":"tag-hvitt","12":"tag-kritikk","13":"tag-mote","14":"tag-no","15":"tag-norge","16":"tag-norway","17":"tag-pantone","18":"tag-trend","19":"tag-trendfarge","20":"tag-underholdning"},"share_on_mastodon":{"url":"https:\/\/pubeurope.com\/@no\/115690887455983526","error":""},"_links":{"self":[{"href":"https:\/\/www.europesays.com\/no\/wp-json\/wp\/v2\/posts\/108667","targetHints":{"allow":["GET"]}}],"collection":[{"href":"https:\/\/www.europesays.com\/no\/wp-json\/wp\/v2\/posts"}],"about":[{"href":"https:\/\/www.europesays.com\/no\/wp-json\/wp\/v2\/types\/post"}],"author":[{"embeddable":true,"href":"https:\/\/www.europesays.com\/no\/wp-json\/wp\/v2\/users\/2"}],"replies":[{"embeddable":true,"href":"https:\/\/www.europesays.com\/no\/wp-json\/wp\/v2\/comments?post=108667"}],"version-history":[{"count":0,"href":"https:\/\/www.europesays.com\/no\/wp-json\/wp\/v2\/posts\/108667\/revisions"}],"wp:featuredmedia":[{"embeddable":true,"href":"https:\/\/www.europesays.com\/no\/wp-json\/wp\/v2\/media\/108668"}],"wp:attachment":[{"href":"https:\/\/www.europesays.com\/no\/wp-json\/wp\/v2\/media?parent=108667"}],"wp:term":[{"taxonomy":"category","embeddable":true,"href":"https:\/\/www.europesays.com\/no\/wp-json\/wp\/v2\/categories?post=108667"},{"taxonomy":"post_tag","embeddable":true,"href":"https:\/\/www.europesays.com\/no\/wp-json\/wp\/v2\/tags?post=108667"}],"curies":[{"name":"wp","href":"https:\/\/api.w.org\/{rel}","templated":true}]}}