{"id":108689,"date":"2025-12-09T18:13:18","date_gmt":"2025-12-09T18:13:18","guid":{"rendered":"https:\/\/www.europesays.com\/no\/108689\/"},"modified":"2025-12-09T18:13:18","modified_gmt":"2025-12-09T18:13:18","slug":"innrommer-at-arets-ord-tekoligark-ikke-er-sa-mye-brukt","status":"publish","type":"post","link":"https:\/\/www.europesays.com\/no\/108689\/","title":{"rendered":"Innr\u00f8mmer at \u00e5rets ord \u00abtekoligark\u00bb ikke er s\u00e5 mye brukt"},"content":{"rendered":"\n<p class=\"_paragraph_o9xde_4 _paragraph_xtcu6_10 layout-component text-serif-m layout-normal text-serif-m layout-padded\"><a href=\"https:\/\/www.vg.no\/tag\/spraakraadet?utm_source=vg-article&amp;utm_medium=auto-tagger&amp;utm_campaign=wrExVn\" class=\"_link_o9xde_39\" rel=\"nofollow noopener\" target=\"_blank\">Spr\u00e5kr\u00e5det<\/a> har k\u00e5ret <a href=\"https:\/\/sprakradet.no\/aktuelt\/tekoligark-er-arets-ord\/\" class=\"_link_o9xde_39\" rel=\"nofollow noopener\" target=\"_blank\">\u00abtekoligark\u00bb til \u00e5rets nyord i 2025<\/a>. <\/p>\n<p class=\"_paragraph_o9xde_4 _paragraph_xtcu6_10 layout-component text-serif-m layout-normal text-serif-m layout-padded\">Dette fikk noen av VGs journalister til \u00e5 stusse: Er det egentlig et norsk ord? Og har vi noen gang brukt det?<\/p>\n<p class=\"_paragraph_o9xde_4 _paragraph_xtcu6_10 layout-component text-serif-m layout-normal text-serif-m layout-padded\">VG sl\u00e5r p\u00e5 tr\u00e5den til Gisle Andersen for \u00e5 h\u00f8re. Han forsker ved Norges handelsh\u00f8yskole (NHH) og har sammen med Spr\u00e5kr\u00e5det st\u00e5tt bak k\u00e5ringen. <\/p>\n<p class=\"_paragraph_o9xde_4 _paragraph_xtcu6_10 layout-component text-serif-m layout-normal text-serif-m layout-padded\">\u2013 Hvorfor ble tekoligark \u00e5rets nyord? <\/p>\n<p class=\"_paragraph_o9xde_4 _paragraph_xtcu6_10 layout-component text-serif-m layout-normal text-serif-m layout-padded\">\u2013 Det er et mye brukt ord som har blitt skrevet mye om p\u00e5 tvers av ulike aviser og medier. Det er veldig aktuelt, svarer Andersen. <\/p>\n<p><img decoding=\"async\" alt=\"Bilde av Gisle Andersen\" class=\"_image_ygndg_42\" height=\"40\" itemprop=\"image\" loading=\"lazy\"  src=\"https:\/\/www.europesays.com\/no\/wp-content\/uploads\/2025\/12\/4efca071-205d-4743-bb87-89086be6862d\"  width=\"40\"\/><strong class=\"_name_ygndg_51 title-serif-xs\">Gisle Andersen<\/strong><\/p>\n<p class=\"_paragraph_o9xde_4 text-sans-m _description_ygndg_56\">Professor ved Norges Handelsh\u00f8yskole<\/p>\n<p class=\"_paragraph_o9xde_4 _paragraph_xtcu6_10 layout-component text-serif-m layout-normal text-serif-m layout-padded\">Han mener det m\u00f8ter Spr\u00e5kr\u00e5dets kriterier: <\/p>\n<ul class=\"_list_o9xde_3 _list_xtcu6_9 _unordered_o9xde_106 layout-component text-serif-m layout-normal text-serif-m layout-padded\">\n<li class=\"_item_o9xde_30\">Fungerer godt p\u00e5 norsk<\/li>\n<li class=\"_item_o9xde_30\">H\u00f8y aktualitet<\/li>\n<li class=\"_item_o9xde_30\">Betegner \u00e5ret som har g\u00e5tt <\/li>\n<\/ul>\n<p class=\"_paragraph_o9xde_4 _paragraph_xtcu6_10 layout-component text-serif-m layout-normal text-serif-m layout-padded\">\u2013 Hvor mye er det egentlig brukt?<\/p>\n<p class=\"_paragraph_o9xde_4 _paragraph_xtcu6_10 layout-component text-serif-m layout-normal text-serif-m layout-padded\">Andersen sl\u00e5r opp i dataprogrammet som de bruker for \u00e5 gj\u00f8re kalkuleringer og finne nye ord.<\/p>\n<p class=\"_paragraph_o9xde_4 _paragraph_xtcu6_10 layout-component text-serif-m layout-normal text-serif-m layout-padded\">\u2013 Ja, tekoligarker, det er ikke fryktelig mye brukt, alts\u00e5, innr\u00f8mmer han.<\/p>\n<p class=\"_paragraph_o9xde_4 _paragraph_xtcu6_10 layout-component text-serif-m layout-normal text-serif-m layout-padded\">Etter en titt i databanken, konkluderer han: <\/p>\n<p class=\"_paragraph_o9xde_4 _paragraph_xtcu6_10 layout-component text-serif-m layout-normal text-serif-m layout-padded\">\u2013 Det er snakk om et hundretalls. <\/p>\n<p class=\"_paragraph_o9xde_4 _paragraph_xtcu6_10 layout-component text-serif-m layout-normal text-serif-m layout-padded\">Noen kjappe s\u00f8k i analysetjenesten <a href=\"https:\/\/retriever.no\/\" class=\"_link_o9xde_39\" rel=\"nofollow noopener\" target=\"_blank\">Retriever<\/a> viser seks treff p\u00e5 \u00abtekoligark\u00bb, 30 treff p\u00e5 \u00abtek-oligark\u00bb og fem treff p\u00e5 \u00abtech-oligark\u00bb det siste \u00e5ret. <\/p>\n<ul class=\"_list_o9xde_3 _list_xtcu6_9 _unordered_o9xde_106 layout-component text-serif-m layout-normal text-serif-m layout-padded\">\n<li class=\"_item_o9xde_30\"><a href=\"https:\/\/www.vg.no\/nyheter\/i\/5pVRjW\/spraakraadet-tekoligark-er-aarets-ord\" data-track-element-type=\"Link\" data-track-id=\"link:5pVRjW\" class=\"_link_o9xde_39\" rel=\"nofollow noopener\" target=\"_blank\">Les ogs\u00e5: Spr\u00e5kr\u00e5det: \u00abTekoligark\u00bb er \u00e5rets ord<\/a><\/li>\n<\/ul>\n<p class=\"_paragraph_o9xde_4 _paragraph_xtcu6_10 layout-component text-serif-m layout-normal text-serif-m layout-padded\">Spr\u00e5kr\u00e5dets direkt\u00f8r \u00c5se Wet\u00e5s sier seg enig i at ordet ikke er s\u00e5 mye brukt, men at dette ikke er kriterium for \u00e5 bli \u00e5rets nyord.<\/p>\n<p class=\"_paragraph_o9xde_4 _paragraph_xtcu6_10 layout-component text-serif-m layout-normal text-serif-m layout-padded\">\u2013 Det var tekoligark som vi slutt falt ned p\u00e5 ga den beste beskrivelsen av det som har v\u00e6rt viktig i det offentlige ordskiftet, sier hun.<\/p>\n<p><img decoding=\"async\" alt=\"Bilde av \u00c5se Wet\u00e5s \" class=\"_image_ygndg_42\" height=\"27\" itemprop=\"image\" loading=\"lazy\"  src=\"https:\/\/www.europesays.com\/no\/wp-content\/uploads\/2025\/12\/c0b78691-c032-4fd1-97b2-039b5bb2c734\"  width=\"40\"\/><strong class=\"_name_ygndg_51 title-serif-xs\">\u00c5se Wet\u00e5s <\/strong><\/p>\n<p class=\"_paragraph_o9xde_4 text-sans-m _description_ygndg_56\">Direkt\u00f8r i Spr\u00e5kr\u00e5det<\/p>\n<p>\u2013 Trussel<\/p>\n<p class=\"_paragraph_o9xde_4 _paragraph_xtcu6_10 layout-component text-serif-m layout-normal text-serif-m layout-padded\">Aktualiteten til ordet derimot, er det ingen som tviler p\u00e5. <\/p>\n<p class=\"_paragraph_o9xde_4 _paragraph_xtcu6_10 layout-component text-serif-m layout-normal text-serif-m layout-padded\">Da Donald Trump ble innsatt som president i januar 2025, var det gjestene som fikk mye av oppmerksomheten. <\/p>\n<p class=\"_paragraph_o9xde_4 _paragraph_xtcu6_10 layout-component text-serif-m layout-normal text-serif-m layout-padded\">Blant tidligere presidenter og influencere satt noen av nettopp tekoligarkene og USAs rikeste: Amazon-grunnlegger Jeff Bezos, Metas-sjefen Mark Zuckerberg, Apples Tim Cook og Googles sjef Sundar Pichai.<\/p>\n<p class=\"_paragraph_o9xde_4 _paragraph_xtcu6_10 layout-component text-serif-m layout-normal text-serif-m layout-padded\">Og Elon Musk fikk like etterp\u00e5 en sentral rolle i Trumps stab. <\/p>\n<p><img alt=\"\u00abTekoligarkene\u00bb p\u00e5 rekke og rad p\u00e5 innsettelsen av USAs 47. president.   Foto: Julia Demaree Nikhinson \/ AP \/ NTB\" class=\"_image_qp4xg_65 layout-component layout-normal\" data-fullscreen- data-track-element-type=\"Article image fullscreen\" data-track-name=\"ImageFullscreen\" decoding=\"async\" loading=\"lazy\" height=\"2814\" itemprop=\"image\"  src=\"https:\/\/www.europesays.com\/no\/wp-content\/uploads\/2025\/12\/122a2a05-a81a-4b99-9037-1751cab8b328\"  style=\"object-position:0% 0%\" width=\"4225\"\/>\u00abTekoligarkene\u00bb p\u00e5 rekke og rad p\u00e5 innsettelsen av USAs 47. president.   Foto: Julia Demaree Nikhinson \/ AP \/ NTB<\/p>\n<p class=\"_paragraph_o9xde_4 _paragraph_xtcu6_10 layout-component text-serif-m layout-normal text-serif-m layout-padded\">Dette er ogs\u00e5 noe av begrunnelsen til Spr\u00e5kr\u00e5det for akkurat hvorfor tekoligark ble \u00e5rets nyord: <\/p>\n<p class=\"_paragraph_o9xde_4 _paragraph_xtcu6_10 layout-component text-serif-m layout-normal text-serif-m layout-padded\">\u2013 Etter innsettelsen av Trump ble det veldig tydelig for alle hvilke n\u00e6re forbindelser det er mellom n\u00e6ringslivsleder og presidenten. Og det utgj\u00f8r en ganske stor trussel, sier Andersen. <\/p>\n<p class=\"_paragraph_o9xde_4 _paragraph_xtcu6_10 layout-component text-serif-m layout-normal text-serif-m layout-padded\">Dette er snakk om store selskaper som eies og kontrolleres av f\u00e5 personer.<\/p>\n<p class=\"_paragraph_o9xde_4 _paragraph_xtcu6_10 layout-component text-serif-m layout-normal text-serif-m layout-padded\">\u2013 Men er dette egentlig et norsk ord?<\/p>\n<p class=\"_paragraph_o9xde_4 _paragraph_xtcu6_10 layout-component text-serif-m layout-normal text-serif-m layout-padded\">\u2013 Sammensetningen av tek og oligark er det nok sikkert noen som anses som et slags l\u00e5n fra engelsk. Men det er ikke til hinder for at vi tar det med i k\u00e5ringen, for dette er likevel et ganske godt fungerende ord p\u00e5 norsk, forklarer han.<\/p>\n<p class=\"_paragraph_o9xde_4 _paragraph_xtcu6_10 layout-component text-serif-m layout-normal text-serif-m layout-padded\"><strong class=\"_strong_o9xde_25\">P\u00e5 Spr\u00e5kr\u00e5det sine egne sider st\u00e5r det at \u00abdirekte l\u00e5n fra andre spr\u00e5k n\u00e5r sjelden opp i konkurransen\u00bb. <\/strong><\/p>\n<p class=\"_paragraph_o9xde_4 _paragraph_xtcu6_10 layout-component text-serif-m layout-normal text-serif-m layout-padded\">\u2013 Ja, direkte l\u00e5n, men dette er et indirekte l\u00e5n. Et oversettingsl\u00e5n. Det er den m\u00e5ten det skrives p\u00e5 norsk, s\u00e5 det b\u00f8r man egentlig anse som et norsk ord, svarer Andersen. <\/p>\n<p class=\"_paragraph_o9xde_4 _paragraph_xtcu6_10 layout-component text-serif-m layout-normal text-serif-m layout-padded\">Spr\u00e5kr\u00e5dets direkt\u00f8r sier at ordene tek og oligark har etablert seg godt i det norske spr\u00e5ket. <\/p>\n<p class=\"_paragraph_o9xde_4 _paragraph_xtcu6_10 layout-component text-serif-m layout-normal text-serif-m layout-padded\">\u2013 Tek er i ferd med \u00e5 lande som substantiv i ordb\u00f8kene v\u00e5re, sier Wet\u00e5s<\/p>\n<p>Mer innholdet, enn selve ordet <\/p>\n<p class=\"_paragraph_o9xde_4 _paragraph_xtcu6_10 layout-component text-serif-m layout-normal text-serif-m layout-padded\">S\u00e5 da har vi f\u00e5tt det avklart at ordet er helnorsk og det har blitt brukt i alle fall litt i norske medier. <\/p>\n<p class=\"_paragraph_o9xde_4 _paragraph_xtcu6_10 layout-component text-serif-m layout-normal text-serif-m layout-padded\">\u2013 Hvordan har dette ordet preget Norge?<\/p>\n<p class=\"_paragraph_o9xde_4 _paragraph_xtcu6_10 layout-component text-serif-m layout-normal text-serif-m layout-padded\">\u2013 Tekoligarkene utgj\u00f8r en ganske stor trussel. Hvis du ser p\u00e5 den makten som disse har, s\u00e5 vil de i prinsippet kunne gj\u00f8re hva de vil med dataene v\u00e5re. <\/p>\n<p class=\"font-weight-semi-bold color-accent label-medium _label_16v91_20\">Spr\u00e5kr\u00e5dets tidligere k\u00e5ringer<\/p>\n<ul class=\"_list_o9xde_3 _list_xtcu6_9 _list_16v91_9 _unordered_o9xde_106 layout-component text-serif-m layout-normal text-sans-m layout-padded\">\n<li class=\"_item_o9xde_30\">\u00c5rets ord 2024: beredskapsvenn<\/li>\n<li class=\"_item_o9xde_30\">\u00c5rets ord 2023: ki-generert<\/li>\n<li class=\"_item_o9xde_30\">\u00c5rets ord 2022: krympflasjon<\/li>\n<li class=\"_item_o9xde_30\">\u00c5rets ord 2021: sportsvaske<\/li>\n<li class=\"_item_o9xde_30\">\u00c5rets ord 2020: koronaen<\/li>\n<li class=\"_item_o9xde_30\">\u00c5rets ord 2019: klimabr\u00f8l<\/li>\n<li class=\"_item_o9xde_30\">\u00c5rets ord 2018: skjebnelandsm\u00f8te<\/li>\n<li class=\"_item_o9xde_30\">\u00c5rets ord 2017: falske nyheter<\/li>\n<li class=\"_item_o9xde_30\">\u00c5rets ord 2016: hverdagsintegrering<\/li>\n<li class=\"_item_o9xde_30\">\u00c5rets ord 2015: det gr\u00f8nne skiftet<\/li>\n<li class=\"_item_o9xde_30\">\u00c5rets ord 2014: fremmedkriger<\/li>\n<li class=\"_item_o9xde_30\">\u00c5rets ord 2013: sakte-tv<\/li>\n<li class=\"_item_o9xde_30\">\u00c5rets ord 2012: \u00e5 nave (naving)<\/li>\n<li class=\"_item_o9xde_30\">\u00c5rets ord 2011: rosetog<\/li>\n<li class=\"_item_o9xde_30\">\u00c5rets ord 2010: askefast<\/li>\n<li class=\"_item_o9xde_30\">\u00c5rets ord 2009: svineinfluensa<\/li>\n<li class=\"_item_o9xde_30\">\u00c5rets ord 2008: finanskrise<\/li>\n<\/ul>\n<p>Vis mer<\/p>\n<p class=\"_paragraph_o9xde_4 _paragraph_xtcu6_10 layout-component text-serif-m layout-normal text-serif-m layout-padded\">En tett relasjon mellom tekoligarken og presidenten kan v\u00e6re en stor risiko, sier Andersen. <\/p>\n<p class=\"_paragraph_o9xde_4 _paragraph_xtcu6_10 layout-component text-serif-m layout-normal text-serif-m layout-padded\">\u2013 Presidenten er jo notorisk uberegnelig, s\u00e5 du kan aldri vite hva slags trussel dette egentlig inneb\u00e6rer. Det er helt klart en risiko. <\/p>\n<p class=\"_paragraph_o9xde_4 _paragraph_xtcu6_10 layout-component text-serif-m layout-normal text-serif-m layout-padded\">Professoren sier at vi ikke har tatt innover oss hvor s\u00e5rbare vi er n\u00e5r det gjelder datasikkerhet og at dette har v\u00e6rt tydelig det siste \u00e5ret. <\/p>\n<p class=\"_paragraph_o9xde_4 _paragraph_xtcu6_10 layout-component text-serif-m layout-normal text-serif-m layout-padded\">Innholdet og betydningen er nok viktigere enn selve ordet, understreker Andersen. <\/p>\n<p>Mange kandidater<\/p>\n<p class=\"_paragraph_o9xde_4 _paragraph_xtcu6_10 layout-component text-serif-m layout-normal text-serif-m layout-padded\">P\u00e5 listen over kandidater til \u00e5rets nyord sto blant annet stoltenbackstoltenbackDa Jens Stoltenberg gjorde comeback i norks politikk, ble det omtalt som &laquo;Stoltenback&raquo;. , kj\u00f8ttkakeindekskj\u00f8ttkakeindeksUnder stortingsvalget 2025, utviklet Ipsos &laquo;Kj\u00f8ttkakeindeksen&raquo; som viste antall kj\u00f8ttkakemiddager konsumert i \u00e5ret av velgerne til de ulike partiene. , norgesprisnorgesprisEn statlig prisordning for str\u00f8m.  og tuttifruttisamarbeidettuttifruttisamarbeidetOrdet er brukt om samarbeidet mellom de fem partiene p\u00e5 venstresiden som til sammen danner flertall p\u00e5 Stortinget. . Noen av de hadde kanskje mer underholdningsverdi. <\/p>\n<p class=\"_paragraph_o9xde_4 _paragraph_xtcu6_10 layout-component text-serif-m layout-normal text-serif-m layout-padded\">Og flere har ogs\u00e5 blitt mer brukt. <\/p>\n<p class=\"_paragraph_o9xde_4 _paragraph_xtcu6_10 layout-component text-serif-m layout-normal text-serif-m layout-padded\">\u2013 Kj\u00f8ttkakeindeks er et artig ord. Spesielt hvis vi ser spr\u00e5klig p\u00e5 det, s\u00e5 det en usannsynlig sammenheng, sier Andersen. <\/p>\n<p><img alt=\"\u00abTuttifruttisamarbeidet\u00bb i levende live.   Foto: Amanda Pedersen Giske \/ NTB\" class=\"_image_qp4xg_65 layout-component layout-normal\" data-fullscreen- data-track-element-type=\"Article image fullscreen\" data-track-name=\"ImageFullscreen\" decoding=\"async\" loading=\"lazy\" height=\"5464\" itemprop=\"image\"  src=\"https:\/\/www.europesays.com\/no\/wp-content\/uploads\/2025\/12\/726a4751-a0e7-4347-aede-935c0643f361\"  style=\"object-position:0% 0%\" width=\"8192\"\/>\u00abTuttifruttisamarbeidet\u00bb i levende live.   Foto: Amanda Pedersen Giske \/ NTB<\/p>\n<p class=\"_paragraph_o9xde_4 _paragraph_xtcu6_10 layout-component text-serif-m layout-normal text-serif-m layout-padded\">Et annet ord p\u00e5 listen som ogs\u00e5 har noe internasjonalt opphav er tuttifruttisamarbeidet. <\/p>\n<p class=\"_paragraph_o9xde_4 _paragraph_xtcu6_10 layout-component text-serif-m layout-normal text-serif-m layout-padded\">Da valgresultatet ble klart, var det tydelig at Arbeiderpartiet var avhengig av \u00e5 samarbeide med mange parti til venstre. Det ble av flere kalt et tuttifruttisamarbeid. <\/p>\n<p class=\"_paragraph_o9xde_4 _paragraph_xtcu6_10 layout-component text-serif-m layout-normal text-serif-m layout-padded\"><strong class=\"_strong_o9xde_25\">Det n\u00e5dde ikke helt opp til de \u00f8vrige spr\u00e5kmaktene. <\/strong><\/p>\n<p class=\"_paragraph_o9xde_4 _paragraph_xtcu6_10 layout-component text-serif-m layout-normal text-serif-m layout-padded\">\u2013 Det var egentlig litt forutsigbart. Det er litt artig at man har brukt den italienske frasen i et norsk ord. <\/p>\n<p class=\"_paragraph_o9xde_4 _paragraph_xtcu6_10 layout-component text-serif-m layout-normal text-serif-m layout-padded\">Men ikke er det veldig betegnende, sier Andersen. <\/p>\n<p class=\"_paragraph_o9xde_4 _paragraph_xtcu6_10 layout-component text-serif-m layout-normal text-serif-m layout-padded\">\u2013 Tuttifrutti gir en assosiasjon til at det er snakk om massevis, men det er snakk om fem partier mot det som tidligere kanskje har v\u00e6rt snakk om fire. <\/p>\n<p class=\"_paragraph_o9xde_4 _paragraph_xtcu6_10 layout-component text-serif-m layout-normal text-serif-m layout-padded\">Han legger ogs\u00e5 til: <\/p>\n<p class=\"_paragraph_o9xde_4 _paragraph_xtcu6_10 layout-component text-serif-m layout-normal text-serif-m layout-padded\">\u2013 Det er jo ogs\u00e5 snakk om to farger, mens det er jo mer variabilitet i fargene p\u00e5 h\u00f8yresiden i norsk politikk. <\/p>\n<p class=\"_paragraph_o9xde_4 _paragraph_xtcu6_10 layout-component text-serif-m layout-normal text-serif-m layout-padded\">Spr\u00e5kr\u00e5dets direkt\u00f8r sier seg godt forn\u00f8yd med \u00e5rets nyord: <\/p>\n<p class=\"_paragraph_o9xde_4 _paragraph_xtcu6_10 layout-component text-serif-m layout-normal text-serif-m layout-padded\"><strong class=\"_strong_o9xde_25\">\u2013 Verden endrer seg, s\u00e5 vi trenger nye ord. Det viser at spr\u00e5ket v\u00e5rt er livskraftig og levende. <\/strong><\/p>\n<p class=\"_paragraph_o9xde_4 _paragraph_xtcu6_10 layout-component text-serif-m layout-normal text-serif-m layout-padded\">VG har unders\u00f8kt <a href=\"https:\/\/www.nb.no\/ngram\/#1_1_2_oligark_1_1_3_1810%2C2022_2_2_2_12_2\" class=\"_link_o9xde_39\" rel=\"nofollow noopener\" target=\"_blank\">Nasjonalbibliotekets historiske aviskorpus<\/a>, uten \u00e5 finne treff p\u00e5 \u00e5rets ord. Men ordet \u00aboligark\u00bb har vokst stort de siste \u00e5rene:<\/p>\n","protected":false},"excerpt":{"rendered":"Spr\u00e5kr\u00e5det har k\u00e5ret \u00abtekoligark\u00bb til \u00e5rets nyord i 2025. Dette fikk noen av VGs journalister til \u00e5 stusse:&hellip;\n","protected":false},"author":2,"featured_media":108690,"comment_status":"","ping_status":"","sticky":false,"template":"","format":"standard","meta":{"footnotes":""},"categories":[10],"tags":[20,21,129,24,25,15,22,23,13,30,28,29,14,16,10233,13461,26,27],"class_list":{"0":"post-108689","1":"post","2":"type-post","3":"status-publish","4":"format-standard","5":"has-post-thumbnail","7":"category-norge","8":"tag-breaking-news","9":"tag-breakingnews","10":"tag-elon-musk","11":"tag-featured-news","12":"tag-featurednews","13":"tag-headlines","14":"tag-latest-news","15":"tag-latestnews","16":"tag-news","17":"tag-no","18":"tag-norge","19":"tag-norway","20":"tag-nyheter","21":"tag-overskrifter","22":"tag-sprakradet","23":"tag-tek","24":"tag-top-stories","25":"tag-topstories"},"share_on_mastodon":{"url":"https:\/\/pubeurope.com\/@no\/115690970256773108","error":""},"_links":{"self":[{"href":"https:\/\/www.europesays.com\/no\/wp-json\/wp\/v2\/posts\/108689","targetHints":{"allow":["GET"]}}],"collection":[{"href":"https:\/\/www.europesays.com\/no\/wp-json\/wp\/v2\/posts"}],"about":[{"href":"https:\/\/www.europesays.com\/no\/wp-json\/wp\/v2\/types\/post"}],"author":[{"embeddable":true,"href":"https:\/\/www.europesays.com\/no\/wp-json\/wp\/v2\/users\/2"}],"replies":[{"embeddable":true,"href":"https:\/\/www.europesays.com\/no\/wp-json\/wp\/v2\/comments?post=108689"}],"version-history":[{"count":0,"href":"https:\/\/www.europesays.com\/no\/wp-json\/wp\/v2\/posts\/108689\/revisions"}],"wp:featuredmedia":[{"embeddable":true,"href":"https:\/\/www.europesays.com\/no\/wp-json\/wp\/v2\/media\/108690"}],"wp:attachment":[{"href":"https:\/\/www.europesays.com\/no\/wp-json\/wp\/v2\/media?parent=108689"}],"wp:term":[{"taxonomy":"category","embeddable":true,"href":"https:\/\/www.europesays.com\/no\/wp-json\/wp\/v2\/categories?post=108689"},{"taxonomy":"post_tag","embeddable":true,"href":"https:\/\/www.europesays.com\/no\/wp-json\/wp\/v2\/tags?post=108689"}],"curies":[{"name":"wp","href":"https:\/\/api.w.org\/{rel}","templated":true}]}}