{"id":108691,"date":"2025-12-09T18:14:17","date_gmt":"2025-12-09T18:14:17","guid":{"rendered":"https:\/\/www.europesays.com\/no\/108691\/"},"modified":"2025-12-09T18:14:17","modified_gmt":"2025-12-09T18:14:17","slug":"dummeste-jeg-har-gjort","status":"publish","type":"post","link":"https:\/\/www.europesays.com\/no\/108691\/","title":{"rendered":"&#8211; Dummeste jeg har gjort"},"content":{"rendered":"<p>  Det blir ikke en reprise av stuntet Kjetil Knutsen gjorde i Istanbul.<\/p>\n<p>\n    \u00d8REGANGER TIL BESV\u00c6R: Kjetil Knutsen pr\u00f8vde \u00e5 ha p\u00e5 seg \u00f8repropper for \u00e5 dempe lyden i Istanbul. Det funket d\u00e5rlig. Foto: Umit Bekta\/Reuters\/NTB\n  <\/p>\n<p>DORTMUND\/OSLO (Dagbladet): Bod\u00f8\/Glimt-manager Kjetil Knutsen (57) m\u00f8tte pressen f\u00f8r morgendagens Champions League-oppgj\u00f8r mot Borussia Dortmund.<\/p>\n<p>Nok en gang blir det en skikkelig\u00a0\u00abheksegryte\u00bb p\u00e5 Signal Iduna Park, slik Glimt-spillerne har blitt vant til ute i Eruopa.<\/p>\n<p>Da de gulkledde spilte mot Galatasaray i Istanbul i slutten av oktober, hadde Knutsen p\u00e5 seg \u00f8repropper underveis i kampen. Det var noe som vakte oppsikt.<\/p>\n<p>&#8211; Det tror jeg er det dummeste jeg har gjort noen gang. Det funket ikke. Det var noe galt med \u00f8regangene mine. Jeg pr\u00f8vde i 15 minutter, men det gikk ikke, sier Knutsen til Dagbladet.<\/p>\n<p class=\"font-weight-bold m-font-weight-bold\" data-lab-font_weight=\"font-weight-bold\">Derfor f\u00e5r vi ikke en reprise av det stuntet i Tyskland, selv om Knutsen mener at tanken var god.<\/p>\n<p>&#8211; Ideen var ikke s\u00e5 dum. N\u00e5r kampen er i gang s\u00e5 stoler jeg p\u00e5 spillerne. Men jeg pr\u00f8ver alltid \u00e5 gj\u00f8re justeringer. Jeg har en bra stemme, en tydelig dialekt, s\u00e5 jeg kan n\u00e5 langt fram. Jeg kan v\u00e6re tydelig, sier Knutsen om det \u00e5 st\u00e5 p\u00e5 sidelinja i koket.<\/p>\n<p>        <img loading=\"lazy\" decoding=\"async\" src=\"https:\/\/www.europesays.com\/no\/wp-content\/uploads\/2025\/12\/83960888.webp\" width=\"980\" height=\"559\" title=\"STILLE F\u00d8R STORMEN: Bod\u00f8\/Glimt-spillerne trener p\u00e5 Signal Iduna Park. Foto: Tore Ulrik Bratland \/ Dagbladet.\" alt=\"\" class=\"\" style=\"--aspect-ratio-image: 1.75; \"\/><\/p>\n<p>\n        STILLE F\u00d8R STORMEN: Bod\u00f8\/Glimt-spillerne trener p\u00e5 Signal Iduna Park. Foto: Tore Ulrik Bratland \/ Dagbladet.\n    <\/p>\n<p>        <img loading=\"lazy\" decoding=\"async\" src=\"https:\/\/www.europesays.com\/no\/wp-content\/uploads\/2025\/12\/83960901.webp\" width=\"980\" height=\"559\" title=\"DEN GULE VEGGEN: Bod\u00f8\/Glimt trener p\u00e5 Signal Iduna Park, foran den ber\u00f8mte gule veggen som er tom dagen f\u00f8r det braker l\u00f8s. Foto: Tore Ulrik Bratland \/ Dagbladet.\" alt=\"\" class=\"\" style=\"--aspect-ratio-image: 1.75; \"\/><\/p>\n<p>\n        DEN GULE VEGGEN: Bod\u00f8\/Glimt trener p\u00e5 Signal Iduna Park, foran den ber\u00f8mte gule veggen som er tom dagen f\u00f8r det braker l\u00f8s. Foto: Tore Ulrik Bratland \/ Dagbladet.\n    <\/p>\n<p>Knutsen r\u00f8per samtidig at stjerna Jens Petter Hauge sliter med sykdom.<\/p>\n<p>&#8211; Jeg tror han bare lurer oss. Nei, det har v\u00e6rt en lang sesong og litt sykdom er det. Han kommer til \u00e5 v\u00e6re p\u00e5 feltet, men vi sparer ham fra \u00e5 v\u00e6re tett p\u00e5 folk og gj\u00f8r det vi kan. Forh\u00e5penltigvis f\u00e5r vi ham p\u00e5 beina til i morra, det er st\u00e5a per n\u00e5, sier Knutsen.<\/p>\n<p class=\"font-weight-bold m-font-weight-bold\" data-lab-font_weight=\"font-weight-bold\">I Dortmund blir det blant annet et m\u00f8te med den ber\u00f8mte \u00abgule veggen\u00bb, som huser rundt 25 000 hjemmesupportere.<\/p>\n<p>&#8211; Vi har spilt i noen heksegyter n\u00e5 i Serbia og Tyrkia. Vi har hatt b\u00e5de-og opplevelser p\u00e5 slike baner. Det er en kul mulighet til \u00e5 spille foran et slikt publikum og vise hva vi er gode for &#8211; og spille v\u00e5rt spill. Det som foreg\u00e5r p\u00e5 tribunen skal ikke endre noe p\u00e5 v\u00e5rt mindset og hvordan vi spiller p\u00e5 banen, sier Glimts Fredrik Sj\u00f8vold til Dagbladet.<\/p>\n<p>Over 4000 Glimt-supportere er p\u00e5 vei til Dortmund for \u00e5 f\u00f8lge laget i Champions League, forteller medieansvarlig Simen Pedersen i Glimt til NTB.<\/p>\n<p>    <a itemprop=\"url\" href=\"https:\/\/www.dagbladet.no\/sport\/pa-vei-mot-katastrofe\/83956965\" rel=\"nofollow noopener\" target=\"_blank\"><\/p>\n<p>        <img loading=\"lazy\" decoding=\"async\" src=\"https:\/\/www.europesays.com\/no\/wp-content\/uploads\/2025\/12\/83956971.webp\" width=\"980\" height=\"441\" title=\"- P\u00e5 vei mot katastrofe\" alt=\"\" class=\"lazyload\" style=\"--aspect-ratio-image: 2.22; \"\/><\/p>\n<p>        &#8211; P\u00e5 vei mot katastrofe<\/p>\n<p>    <\/a><\/p>\n","protected":false},"excerpt":{"rendered":"Det blir ikke en reprise av stuntet Kjetil Knutsen gjorde i Istanbul. \u00d8REGANGER TIL BESV\u00c6R: Kjetil Knutsen pr\u00f8vde&hellip;\n","protected":false},"author":2,"featured_media":108692,"comment_status":"","ping_status":"","sticky":false,"template":"","format":"standard","meta":{"footnotes":""},"categories":[5],"tags":[517,20,21,24,25,92,15,19,3309,22,23,17,18,13,30,28,29,14,16,83,26,27],"class_list":{"0":"post-108691","1":"post","2":"type-post","3":"status-publish","4":"format-standard","5":"has-post-thumbnail","7":"category-overskrifter","8":"tag-bodo-glimt","9":"tag-breaking-news","10":"tag-breakingnews","11":"tag-featured-news","12":"tag-featurednews","13":"tag-fotball","14":"tag-headlines","15":"tag-hovedoppslag","16":"tag-kjetil-knutsen","17":"tag-latest-news","18":"tag-latestnews","19":"tag-main-news","20":"tag-mainnews","21":"tag-news","22":"tag-no","23":"tag-norge","24":"tag-norway","25":"tag-nyheter","26":"tag-overskrifter","27":"tag-sport","28":"tag-top-stories","29":"tag-topstories"},"share_on_mastodon":{"url":"https:\/\/pubeurope.com\/@no\/115690973949841743","error":""},"_links":{"self":[{"href":"https:\/\/www.europesays.com\/no\/wp-json\/wp\/v2\/posts\/108691","targetHints":{"allow":["GET"]}}],"collection":[{"href":"https:\/\/www.europesays.com\/no\/wp-json\/wp\/v2\/posts"}],"about":[{"href":"https:\/\/www.europesays.com\/no\/wp-json\/wp\/v2\/types\/post"}],"author":[{"embeddable":true,"href":"https:\/\/www.europesays.com\/no\/wp-json\/wp\/v2\/users\/2"}],"replies":[{"embeddable":true,"href":"https:\/\/www.europesays.com\/no\/wp-json\/wp\/v2\/comments?post=108691"}],"version-history":[{"count":0,"href":"https:\/\/www.europesays.com\/no\/wp-json\/wp\/v2\/posts\/108691\/revisions"}],"wp:featuredmedia":[{"embeddable":true,"href":"https:\/\/www.europesays.com\/no\/wp-json\/wp\/v2\/media\/108692"}],"wp:attachment":[{"href":"https:\/\/www.europesays.com\/no\/wp-json\/wp\/v2\/media?parent=108691"}],"wp:term":[{"taxonomy":"category","embeddable":true,"href":"https:\/\/www.europesays.com\/no\/wp-json\/wp\/v2\/categories?post=108691"},{"taxonomy":"post_tag","embeddable":true,"href":"https:\/\/www.europesays.com\/no\/wp-json\/wp\/v2\/tags?post=108691"}],"curies":[{"name":"wp","href":"https:\/\/api.w.org\/{rel}","templated":true}]}}