{"id":108693,"date":"2025-12-09T18:15:10","date_gmt":"2025-12-09T18:15:10","guid":{"rendered":"https:\/\/www.europesays.com\/no\/108693\/"},"modified":"2025-12-09T18:15:10","modified_gmt":"2025-12-09T18:15:10","slug":"gianniinfantino-klaget-inn-for-brudd-pa-fifas-regler","status":"publish","type":"post","link":"https:\/\/www.europesays.com\/no\/108693\/","title":{"rendered":"GianniInfantino klaget inn for brudd p\u00e5 FIFAs regler"},"content":{"rendered":"\n<p class=\"_lead_o9xde_2 _lead_xtcu6_50 layout-component text-serif-m layout-normal text-serif-l layout-component layout-wide layout-padded _wide_17hqh_1 layout-padded\">Fifas mektige president Gianni Infantino anklages for \u00e5 ha brutt reglene om \u00e5 v\u00e6re politisk n\u00f8ytral da han ga Donald Trump en fredspris.<\/p>\n<p><img alt=\"Fifas \u00f8verste sjef Gianni Infantino delte nylig ut en nyetablert fredspris til USAs president Donald Trump. Det har skapt sterke reaksjoner.  Foto: Stephanie Scarbrough \/ Pool \/ AP \/ NTB\" class=\"_image_qp4xg_65 layout-component layout-wide\" data-fullscreen- data-track-element-type=\"Article image fullscreen\" data-track-name=\"ImageFullscreen\" fetchpriority=\"high\" decoding=\"sync\" loading=\"eager\" height=\"4348\" itemprop=\"image\"  src=\"https:\/\/www.europesays.com\/no\/wp-content\/uploads\/2025\/12\/28dd23fe-6fd8-43c4-bda2-c8f56500b23c\"  style=\"object-position:0% 0%\" width=\"6522\"\/>Fifas \u00f8verste sjef Gianni Infantino delte nylig ut en nyetablert fredspris til USAs president Donald Trump. Det har skapt sterke reaksjoner.  Foto: Stephanie Scarbrough \/ Pool \/ AP \/ NTB<\/p>\n<ul aria-hidden=\"true\" class=\"_images_ntbth_112\">\n<li><a class=\"_link_ntbth_117\" href=\"https:\/\/www.vg.no\/forfatter\/ntb\" style=\"z-index:1\" title=\"NTB\" rel=\"nofollow noopener\" target=\"_blank\"><img alt=\"Bilde av NTB\" class=\"_image_ntbth_93\" fetchpriority=\"low\" loading=\"lazy\" decoding=\"async\" itemprop=\"image\"  src=\"https:\/\/www.europesays.com\/no\/wp-content\/uploads\/2025\/12\/1765304110_817_c33980b0-5d07-4027-84a1-813f90a7c8d6\"  width=\"480\"\/><\/a><\/li>\n<\/ul>\n<p> Oppdatert tirsdag 9. desember kl. 18:29    <\/p>\n<ul class=\"_list_o9xde_3 _list_64s2r_85 _unordered_o9xde_106 text-sans-m\">\n<li class=\"_item_o9xde_30\">President Gianni Infantino anklages for \u00e5 ha brutt Fifas regler om politisk n\u00f8ytralitet ved \u00e5 gi Donald Trump en fredspris.<\/li>\n<li class=\"_item_o9xde_30\">Beskyldningen kommer fra menneskerettighetsorganisasjonen FairSquare, som har klaget til Fifas etiske komit\u00e9.<\/li>\n<li class=\"_item_o9xde_30\">FairSquare mener Infantinos uttalelser om Trump viser klare regelbrudd.<\/li>\n<li class=\"_item_o9xde_30\">Fotballforbundet ignorerte henvendelser om hvordan prisen ble utdelt.<\/li>\n<\/ul>\n<p>Vis mer <\/p>\n<p class=\"_paragraph_o9xde_4 _paragraph_xtcu6_10 layout-component text-serif-m layout-normal text-serif-m layout-padded\">Beskyldningen kommer fra menneskerettighetsorganisasjonen FairSquare, som har sendt inn en offisiell klage til <a href=\"https:\/\/www.vg.no\/tag\/fifa?utm_source=vg-article&amp;utm_medium=auto-tagger&amp;utm_campaign=Pd3Om5\" class=\"_link_o9xde_39\" rel=\"nofollow noopener\" target=\"_blank\">Fifas<\/a> etiske komit\u00e9 etter prisutdelingen i forkant av VM-trekningen sist fredag. Det skriver The Athletic.<\/p>\n<p class=\"_paragraph_o9xde_4 _paragraph_xtcu6_10 layout-component text-serif-m layout-normal text-serif-m layout-padded\">I klagen listes det opp flere forhold FairSquare mener er klare brudd p\u00e5 Fifas regelverk om politisk n\u00f8ytralitet. Det blir vist til Infantinos uttalelser om Trump og den amerikanske presidentens politikk.<\/p>\n<p class=\"_paragraph_o9xde_4 _paragraph_xtcu6_10 layout-component text-serif-m layout-normal text-serif-m layout-padded\"> \u2013 Det er helt \u00e5penbart at han har brutt reglene. Hvis etisk komit\u00e9 ikke tar denne klagen seri\u00f8st, s\u00e5 betyr det at de aldri noen gang vil holde FIfa-presidenten ansvarlig for noe som helst, sier Nick McGeehan i FairSquare til <a href=\"https:\/\/www.nrk.no\/fotballvm2026\/miguel-maduro-og-joseph-weiler-skulle-passe-pa-gianni-infantino-_-na-tar-de-et-oppgjor-med-fifa-1.17682855\" class=\"_link_o9xde_39\" rel=\"nofollow noopener\" target=\"_blank\">NRK.<\/a><\/p>\n<p class=\"_paragraph_o9xde_4 _paragraph_xtcu6_10 layout-component text-serif-m layout-normal text-serif-m layout-padded\">Organisasjonen stiller sp\u00f8rsm\u00e5l ved hvem som tok avgj\u00f8relsen om den nyetablerte fredsprisen og prosessen som gjorde Trump til f\u00f8rste mottaker.<\/p>\n<p class=\"_paragraph_o9xde_4 _paragraph_xtcu6_10 layout-component text-serif-m layout-normal text-serif-m layout-padded\">The Athletic har tidligere erfart at verken de 28 ordin\u00e6re medlemmene eller de \u00e5tte visepresidentene i Fifa-styret ble tatt med p\u00e5 r\u00e5d eller engang orientert om opprettelsen av fredsprisen.<\/p>\n<p class=\"_paragraph_o9xde_4 _paragraph_xtcu6_10 layout-component text-serif-m layout-normal text-serif-m layout-padded\">Fotballforbundet skal ogs\u00e5 ha ignorert en henvendelse fra menneskerettighetsorganisasjonen Human Rights Watch, som etterspurte informasjon om kriteriene for prisen, en liste over nominerte og hvem som valgte vinneren.<\/p>\n<p class=\"_paragraph_o9xde_4 _paragraph_xtcu6_10 layout-component text-serif-m layout-normal text-serif-m layout-padded\">Under mottakelsen omtalte Trump prisen som en av de st\u00f8rste utmerkelsene han har f\u00e5tt. En video som ble vist i forbindelse med overrekkelsen, framstilte USAs president som en mann som samler og s\u00f8ker fred i en stadig mer fragmentert og urolig verden.<\/p>\n<p class=\"_paragraph_o9xde_4 _paragraph_xtcu6_10 layout-component text-serif-m layout-normal text-serif-m layout-padded\">Trump sa i sin takketale at han og USA har reddet millioner av liv verden over ved \u00e5 ha stoppet en rekke kriger.<\/p>\n<p class=\"_paragraph_o9xde_4 _paragraph_xtcu6_10 layout-component text-serif-m layout-normal text-serif-m layout-padded\">\u2013 Verden er et tryggere sted n\u00e5, hevdet Trump.<\/p>\n","protected":false},"excerpt":{"rendered":"Fifas mektige president Gianni Infantino anklages for \u00e5 ha brutt reglene om \u00e5 v\u00e6re politisk n\u00f8ytral da han&hellip;\n","protected":false},"author":2,"featured_media":108694,"comment_status":"","ping_status":"","sticky":false,"template":"","format":"standard","meta":{"footnotes":""},"categories":[59],"tags":[2326,92,7826,30,28,29,83,82],"class_list":{"0":"post-108693","1":"post","2":"type-post","3":"status-publish","4":"format-standard","5":"has-post-thumbnail","7":"category-sport","8":"tag-fifa","9":"tag-fotball","10":"tag-gianni-infantino","11":"tag-no","12":"tag-norge","13":"tag-norway","14":"tag-sport","15":"tag-sports"},"share_on_mastodon":{"url":"https:\/\/pubeurope.com\/@no\/115690977762403839","error":""},"_links":{"self":[{"href":"https:\/\/www.europesays.com\/no\/wp-json\/wp\/v2\/posts\/108693","targetHints":{"allow":["GET"]}}],"collection":[{"href":"https:\/\/www.europesays.com\/no\/wp-json\/wp\/v2\/posts"}],"about":[{"href":"https:\/\/www.europesays.com\/no\/wp-json\/wp\/v2\/types\/post"}],"author":[{"embeddable":true,"href":"https:\/\/www.europesays.com\/no\/wp-json\/wp\/v2\/users\/2"}],"replies":[{"embeddable":true,"href":"https:\/\/www.europesays.com\/no\/wp-json\/wp\/v2\/comments?post=108693"}],"version-history":[{"count":0,"href":"https:\/\/www.europesays.com\/no\/wp-json\/wp\/v2\/posts\/108693\/revisions"}],"wp:featuredmedia":[{"embeddable":true,"href":"https:\/\/www.europesays.com\/no\/wp-json\/wp\/v2\/media\/108694"}],"wp:attachment":[{"href":"https:\/\/www.europesays.com\/no\/wp-json\/wp\/v2\/media?parent=108693"}],"wp:term":[{"taxonomy":"category","embeddable":true,"href":"https:\/\/www.europesays.com\/no\/wp-json\/wp\/v2\/categories?post=108693"},{"taxonomy":"post_tag","embeddable":true,"href":"https:\/\/www.europesays.com\/no\/wp-json\/wp\/v2\/tags?post=108693"}],"curies":[{"name":"wp","href":"https:\/\/api.w.org\/{rel}","templated":true}]}}