{"id":108713,"date":"2025-12-09T18:57:09","date_gmt":"2025-12-09T18:57:09","guid":{"rendered":"https:\/\/www.europesays.com\/no\/108713\/"},"modified":"2025-12-09T18:57:09","modified_gmt":"2025-12-09T18:57:09","slug":"kommentar-harreisende-motstand-mot-machado","status":"publish","type":"post","link":"https:\/\/www.europesays.com\/no\/108713\/","title":{"rendered":"Kommentar: H\u00e5rreisende motstand mot Machado"},"content":{"rendered":"\n<p class=\"_paragraph_o9xde_4 _paragraph_xtcu6_10 layout-component text-serif-m layout-normal text-serif-m layout-padded\">Reaksjonene p\u00e5 fredspristildelingen til den venezuelanske opposisjonslederen har p\u00e5 bedr\u00f8velig vis fulgt for lengst oppg\u00e5tte \u2013 og dumme \u2013 spor i den utenrikspolitiske debatten i Norge. <\/p>\n<p class=\"_paragraph_o9xde_4 _paragraph_xtcu6_10 layout-component text-serif-m layout-normal text-serif-m layout-padded\">Paraplyorganisasjonen Norges fredsr\u00e5d \u2013 som av en eller annen grunn har et slags monopol p\u00e5 \u00e5 arrangere det tradisjonelle fakkeltoget for fredsprisvinneren \u2013 vedtok tidligere i h\u00f8st \u00e5 boikotte \u00e5rets prisvinner. <\/p>\n<p class=\"_paragraph_o9xde_4 _paragraph_xtcu6_10 layout-component text-serif-m layout-normal text-serif-m layout-padded\">Etter det jeg forst\u00e5r har det kun skjedd en gang f\u00f8r: Da EU fikk fredsprisen 2012. <\/p>\n<p class=\"_paragraph_o9xde_4 _paragraph_xtcu6_10 layout-component text-serif-m layout-normal text-serif-m layout-padded\">Prisen til det mellomstatlige og demokratiske samarbeidet i Europa ble den gangen for dr\u00f8y kost for norske \u00abfredsvenner\u00bb. <\/p>\n<p class=\"_paragraph_o9xde_4 _paragraph_xtcu6_10 layout-component text-serif-m layout-normal text-serif-m layout-padded\">\u00c5rets boikott er om mulig enda mer h\u00e5rreisende. <\/p>\n<p class=\"_paragraph_o9xde_4 _paragraph_xtcu6_10 layout-component text-serif-m layout-normal text-serif-m layout-padded\">Ikke fordi Mar\u00eda Corina Machado er en ukontroversiell fredsprisvinner, for det er hun ikke. <\/p>\n<p class=\"_paragraph_o9xde_4 _paragraph_xtcu6_10 layout-component text-serif-m layout-normal text-serif-m layout-padded\">Men fordi Fredsr\u00e5det \u2013 og de mange gruppene som inng\u00e5r i det \u2013 ikke evner \u00e5 forholde seg til kampen hun f\u00f8rer p\u00e5 vegne av millioner av fortvilte landsmenn og -kvinner. <\/p>\n<p class=\"_paragraph_o9xde_4 _paragraph_xtcu6_10 layout-component text-serif-m layout-normal text-serif-m layout-padded\">For Machados kamp er en kamp for demokrati \u2013 mot diktaturet. <\/p>\n<p><img alt=\"Foto: PEDRO MATTEY \/ AFP \/ NTB\" class=\"_image_qp4xg_65 layout-component layout-normal\" data-fullscreen- data-track-element-type=\"Article image fullscreen\" data-track-name=\"ImageFullscreen\" decoding=\"async\" loading=\"lazy\" height=\"2795\" itemprop=\"image\"  src=\"https:\/\/www.europesays.com\/no\/wp-content\/uploads\/2025\/12\/47e47a70-2264-4627-af3f-e1277f0c266b\"  style=\"object-position:0% 0%\" width=\"4193\"\/>Foto: PEDRO MATTEY \/ AFP \/ NTB<\/p>\n<p class=\"_paragraph_o9xde_4 _paragraph_xtcu6_10 layout-component text-serif-m layout-normal text-serif-m layout-padded\">Venezuelas illegitime leder Nicol\u00e1s Maduro tapte presidentvalget i fjor, mot Machados kandidat Edmundo Gonzales. Maduro nektet \u00e5 godta det som trolig var et <a href=\"https:\/\/www.politico.com\/news\/2024\/08\/01\/us-recognizes-opposition-candidate-venezuela-election-00172412\" class=\"_link_o9xde_39\" rel=\"nofollow noopener\" target=\"_blank\">gedigent nederlag<\/a> og utropte seg selv til vinner. <\/p>\n<p class=\"_paragraph_o9xde_4 _paragraph_xtcu6_10 layout-component text-serif-m layout-normal text-serif-m layout-padded\">Mar\u00eda Corina Machado <a href=\"https:\/\/www.nytimes.com\/2024\/01\/26\/world\/americas\/venezuela-presidential-election-opposition.html\" class=\"_link_o9xde_39\" rel=\"nofollow noopener\" target=\"_blank\">fikk ikke lov<\/a> til \u00e5 stille. <\/p>\n<p class=\"_paragraph_o9xde_4 _paragraph_xtcu6_10 layout-component text-serif-m layout-normal text-serif-m layout-padded\">Siden har demokratiforkjemperen levd under jorden i hjemlandet i skjul for Maduros h\u00e5ndlangere. Det er i skrivende stund ikke sikkert om hun kommer seg til Oslo for \u00e5 motta hedersbevisningen.<\/p>\n<p class=\"_paragraph_o9xde_4 _paragraph_xtcu6_10 layout-component text-serif-m layout-normal text-serif-m layout-padded\">\u00abDet dreier seg om sikkerhet og liv og d\u00f8d for henne\u00bb, sier Nobelinstituttets pressesjef. <\/p>\n<p class=\"_paragraph_o9xde_4 _paragraph_xtcu6_10 layout-component text-serif-m layout-normal text-serif-m layout-padded\">M\u00e5let hennes er like enkelt som det er vanskelig: \u00c5 felle diktaturet som har \u00f8delagt det som potensielt kunne v\u00e6rt et av verdens rikeste land. <\/p>\n<p class=\"_paragraph_o9xde_4 _paragraph_xtcu6_10 layout-component text-serif-m layout-normal text-serif-m layout-padded\">I stedet lever millioner av venezuelanere i n\u00f8d og fattigdom. Snaut en tredjedel av landets befolkning har flyktet i det som trolig er den st\u00f8rste migrasjonskrisen i denne delen av verden noensinne.<\/p>\n<p class=\"_paragraph_o9xde_4 _paragraph_xtcu6_10 layout-component text-serif-m layout-normal text-serif-m layout-padded\">Det oljestinne landet er kj\u00f8rt i gr\u00f8ften. <\/p>\n<p><img alt=\"Demonstrasjon til st\u00f8tte for fredsprisvinneren i Colombias hovedstad Bogota 6. desember.  Foto: LUIS ACOSTA \/ AFP \/ NTB\" class=\"_image_qp4xg_65 layout-component layout-normal\" data-fullscreen- data-track-element-type=\"Article image fullscreen\" data-track-name=\"ImageFullscreen\" decoding=\"async\" loading=\"lazy\" height=\"2589\" itemprop=\"image\"  src=\"https:\/\/www.europesays.com\/no\/wp-content\/uploads\/2025\/12\/eb393524-5557-4b88-a4dd-84bc638d97c6\"  style=\"object-position:0% 0%\" width=\"3890\"\/>Demonstrasjon til st\u00f8tte for fredsprisvinneren i Colombias hovedstad Bogota 6. desember.  Foto: LUIS ACOSTA \/ AFP \/ NTB<\/p>\n<p class=\"_paragraph_o9xde_4 _paragraph_xtcu6_10 layout-component text-serif-m layout-normal text-serif-m layout-padded\">Med \u00e5rets fredspris er den ulykksalige situasjonen i Venezuela for alvor satt p\u00e5 kartet. Derfor har venezuelanere over hele verden, <a href=\"https:\/\/fdfv.no\/2025\/12\/08\/brev-fra-venezuelas-krigshissere\/\" class=\"_link_o9xde_39\" rel=\"nofollow noopener\" target=\"_blank\">ogs\u00e5 i Norge<\/a>, uttrykt stor glede over tildelingen.<\/p>\n<p class=\"_paragraph_o9xde_4 _paragraph_xtcu6_10 layout-component text-serif-m layout-normal text-serif-m layout-padded\">Mange av dem st\u00e5r langt unna Machado politisk, men de jubler likevel. <\/p>\n<p class=\"_paragraph_o9xde_4 _paragraph_xtcu6_10 layout-component text-serif-m layout-normal text-serif-m layout-padded\">De forenes nemlig i h\u00e5pet om demokrati og \u00f8konomisk stabilitet. Bort fra Maduro-diktaturets vanstyre, bruk av tortur og systematiske innskrenkinger i ytringsfriheten. <\/p>\n<p class=\"_paragraph_o9xde_4 _paragraph_xtcu6_10 layout-component text-serif-m layout-normal text-serif-m layout-padded\">P\u00e5 den norske venstresiden \u2013 som aldri la skjul p\u00e5 sin begeistring for den \u00abbolivariske revolusjonen\u00bb til Maduros forgjenger Hugo Ch\u00e1vez \u2013 er reaksjonen derimot den motsatte. <\/p>\n<p class=\"_paragraph_o9xde_4 _paragraph_xtcu6_10 layout-component text-serif-m layout-normal text-serif-m layout-padded\">\u00abUtdelingen av Nobels fredspris til <a href=\"https:\/\/www.vg.no\/tag\/maria-corina-machado?utm_source=vg-article&amp;utm_medium=auto-tagger&amp;utm_campaign=q6nQbm\" class=\"_link_o9xde_39\" rel=\"nofollow noopener\" target=\"_blank\">Maria Corina Machado<\/a> fremst\u00e5r stadig mer som en h\u00f8yresidevits\u00bb, skriver <a href=\"https:\/\/www.facebook.com\/sofie.marhaug\" class=\"_link_o9xde_39\" rel=\"nofollow noopener\" target=\"_blank\">R\u00f8dts Sofie Marhaug p\u00e5 Facebook<\/a>. <\/p>\n<p class=\"_paragraph_o9xde_4 _paragraph_xtcu6_10 layout-component text-serif-m layout-normal text-serif-m layout-padded\">Hun stopper sannelig ikke der. For \u00abNobelkomiteen fremst\u00e5r i beste fall som naive klovner\u00bb, fastsl\u00e5r Marhaug. Intet mindre. <\/p>\n<p class=\"_paragraph_o9xde_4 _paragraph_xtcu6_10 layout-component text-serif-m layout-normal text-serif-m layout-padded\">Vi er mange som har skrytt av partiet R\u00f8dt i det siste. <\/p>\n<p class=\"_paragraph_o9xde_4 _paragraph_xtcu6_10 layout-component text-serif-m layout-normal text-serif-m layout-padded\">De har steg for steg kvittet seg med det aller meste av det uhyggelige slagget fra gamle dager, da bevegelsen de vokste ut fra \u00f8nsket \u00e5 ta makten i Norge med v\u00e5pen i h\u00e5nd. <\/p>\n<p class=\"_paragraph_o9xde_4 _paragraph_xtcu6_10 layout-component text-serif-m layout-normal text-serif-m layout-padded\">I denne saken, derimot, snuser b\u00e5de de og SV p\u00e5 gamle synder. <\/p>\n<p class=\"_paragraph_o9xde_4 _paragraph_xtcu6_10 layout-component text-serif-m layout-normal text-serif-m layout-padded\">I trygge Norge feller de knallharde dommer over en kvinne som har viet sitt liv til \u00e5 gj\u00f8re alt som st\u00e5r i sin makt for \u00e5 bli kvitt et regime som har \u00f8delagt hjemlandet hennes. <\/p>\n<p><img alt=\"St\u00f8ttedemonstrasjon for Mar\u00eda Corina Machado i Panama City 6. desember.   Foto: MARTIN BERNETTI \/ AFP \/ NTB\" class=\"_image_qp4xg_65 layout-component layout-normal\" data-fullscreen- data-track-element-type=\"Article image fullscreen\" data-track-name=\"ImageFullscreen\" decoding=\"async\" loading=\"lazy\" height=\"5306\" itemprop=\"image\"  src=\"https:\/\/www.europesays.com\/no\/wp-content\/uploads\/2025\/12\/415bb474-c050-4d26-859a-ae8941f8f78a\"  style=\"object-position:0% 0%\" width=\"7959\"\/>St\u00f8ttedemonstrasjon for Mar\u00eda Corina Machado i Panama City 6. desember.   Foto: MARTIN BERNETTI \/ AFP \/ NTB<\/p>\n<p class=\"_paragraph_o9xde_4 _paragraph_xtcu6_10 layout-component text-serif-m layout-normal text-serif-m layout-padded\">Det er selvsagt lov \u00e5 markere politisk avstand. <\/p>\n<p class=\"_paragraph_o9xde_4 _paragraph_xtcu6_10 layout-component text-serif-m layout-normal text-serif-m layout-padded\">Det er like selvsagt lov \u00e5 mene at Machado og andre h\u00f8yreorienterte makthavere i Latin-Amerika ikke foreskriver rett medisin for det som gamle NRK-medarbeidere gjerne omtalte som \u00abt\u00e5renes kontinent\u00bb. <\/p>\n<p class=\"_paragraph_o9xde_4 _paragraph_xtcu6_10 layout-component text-serif-m layout-normal text-serif-m layout-padded\">Men det er ufint og uverdig \u00e5 gyve l\u00f8s p\u00e5 Machados desperate kamp for \u00e5 oppn\u00e5 de samme rettighetene og den samme friheten som de selv nyter godt av hver eneste dag. <\/p>\n<p class=\"_paragraph_o9xde_4 _paragraph_xtcu6_10 layout-component text-serif-m layout-normal text-serif-m layout-padded\">For selv om Mar\u00eda Corina Machado befinner seg p\u00e5 den andre siden av det politiske spekteret og samarbeider n\u00e6rt med USA og Trump i et fortvilt h\u00e5p om \u00e5 bli kvitt Maduro, st\u00e5r hun trygt p\u00e5 demokratiets grunn.<\/p>\n<p class=\"_paragraph_o9xde_4 _paragraph_xtcu6_10 layout-component text-serif-m layout-normal text-serif-m layout-padded\">Hun kjemper for at hjemlandet skal bli fritt, og at det venezuelanske folk selv skal kunne velge sine ledere i h\u00e5p om en bedre fremtid. Ting vi i Norge tar helt for gitt, ogs\u00e5 Marhaug og hennes kamerater.<\/p>\n<p class=\"_paragraph_o9xde_4 _paragraph_xtcu6_10 layout-component text-serif-m layout-normal text-serif-m layout-padded\">Altfor ofte projiseres ideologiske motsetninger her hjemme p\u00e5 land og samfunn med helt andre utfordringer, konfliktlinjer og historiske s\u00e6regenheter. Like ofte f\u00f8rer dette til politisk sveiseblindhet. <\/p>\n<p class=\"_paragraph_o9xde_4 _paragraph_xtcu6_10 layout-component text-serif-m layout-normal text-serif-m layout-padded\">Fredsprisen g\u00e5r til Mar\u00eda Corina Machado og til det venezuelanske folk. <\/p>\n<p class=\"_paragraph_o9xde_4 _paragraph_xtcu6_10 layout-component text-serif-m layout-normal text-serif-m layout-padded\">Det er en demokratipris til en ubendig kvinne som er blitt selve symbolet p\u00e5 en stadig mer fortvilt kamp mot en brutal og urokkelig diktator. <\/p>\n<p class=\"_paragraph_o9xde_4 _paragraph_xtcu6_10 layout-component text-serif-m layout-normal text-serif-m layout-padded\">Det er ikke en pris til aggressiv amerikansk utenrikspolitikk. Det er heller ikke en pris til Donald Trump (han f\u00e5r n\u00f8ye seg med FIFAs nonsenspris) eller hans utenriksminister Marco Rubio. <\/p>\n<p class=\"_paragraph_o9xde_4 _paragraph_xtcu6_10 layout-component text-serif-m layout-normal text-serif-m layout-padded\">Det er ikke en pris som bejaer den amerikanske administrasjonens uh\u00f8rte og illegale angrep p\u00e5 venezuelanske sj\u00f8folk, uansett hva disse m\u00e5tte ha i lasten. <\/p>\n<p class=\"_paragraph_o9xde_4 _paragraph_xtcu6_10 layout-component text-serif-m layout-normal text-serif-m layout-padded\">Men det er heller ikke en pris som handler om ideologiske kjepphester og blasert moralposering i det fredelige og demokratiske landet Norge 850 mil unna.<\/p>\n<p class=\"_paragraph_o9xde_4 _paragraph_xtcu6_10 layout-component text-serif-m layout-normal text-serif-m layout-padded\">Et land der inntektene fra folkets felles naturressurser er brukt til \u00e5 bygge og videreutvikle en raus velferdsstat \u2013 og ikke p\u00e5 \u00f8konomisk vanstyre og systematisk undergraving av folkestyret og institusjonene som i Chavez\u2019 og Maduros Venezuela. <\/p>\n<p class=\"_paragraph_o9xde_4 _paragraph_xtcu6_10 layout-component text-serif-m layout-normal text-serif-m layout-padded\">Gratulerer med prisen til Mar\u00eda Corina Machado og alle venezuelanere.<\/p>\n<p class=\"_paragraph_o9xde_4 _paragraph_xtcu6_10 layout-component text-serif-m layout-normal text-serif-m layout-padded\">Og beklager de dumme reaksjonene fra en norsk venstreside som henger fast i analyser og en verdensanskuelse noen i v\u00e5r naivitet trodde var et tilbakelagt kapittel i historieb\u00f8kene.<\/p>\n<p class=\"_paragraph_o9xde_4 _paragraph_xtcu6_10 layout-component text-serif-m layout-normal text-serif-m layout-padded\">Men nei da. Som den amerikanske l\u00e5tskriveren og aktivisten Pete Seeger sang i sin ber\u00f8mte fredshymne: When will they ever learn? <\/p>\n<p>   Dette er en kommentar. Kommentaren gir uttrykk for skribentens holdning. <\/p>\n","protected":false},"excerpt":{"rendered":"Reaksjonene p\u00e5 fredspristildelingen til den venezuelanske opposisjonslederen har p\u00e5 bedr\u00f8velig vis fulgt for lengst oppg\u00e5tte \u2013 og dumme&hellip;\n","protected":false},"author":2,"featured_media":108714,"comment_status":"","ping_status":"","sticky":false,"template":"","format":"standard","meta":{"footnotes":""},"categories":[5],"tags":[20,21,24,25,15,19,22,23,17,18,8707,13,4037,30,1125,28,29,14,16,26,27,95,103],"class_list":{"0":"post-108713","1":"post","2":"type-post","3":"status-publish","4":"format-standard","5":"has-post-thumbnail","7":"category-overskrifter","8":"tag-breaking-news","9":"tag-breakingnews","10":"tag-featured-news","11":"tag-featurednews","12":"tag-headlines","13":"tag-hovedoppslag","14":"tag-latest-news","15":"tag-latestnews","16":"tag-main-news","17":"tag-mainnews","18":"tag-maria-corina-machado","19":"tag-news","20":"tag-nicolas-maduro","21":"tag-no","22":"tag-nobels-fredspris","23":"tag-norge","24":"tag-norway","25":"tag-nyheter","26":"tag-overskrifter","27":"tag-top-stories","28":"tag-topstories","29":"tag-venezuela","30":"tag-vgmeninger"},"share_on_mastodon":{"url":"https:\/\/pubeurope.com\/@no\/115691142977884761","error":""},"_links":{"self":[{"href":"https:\/\/www.europesays.com\/no\/wp-json\/wp\/v2\/posts\/108713","targetHints":{"allow":["GET"]}}],"collection":[{"href":"https:\/\/www.europesays.com\/no\/wp-json\/wp\/v2\/posts"}],"about":[{"href":"https:\/\/www.europesays.com\/no\/wp-json\/wp\/v2\/types\/post"}],"author":[{"embeddable":true,"href":"https:\/\/www.europesays.com\/no\/wp-json\/wp\/v2\/users\/2"}],"replies":[{"embeddable":true,"href":"https:\/\/www.europesays.com\/no\/wp-json\/wp\/v2\/comments?post=108713"}],"version-history":[{"count":0,"href":"https:\/\/www.europesays.com\/no\/wp-json\/wp\/v2\/posts\/108713\/revisions"}],"wp:featuredmedia":[{"embeddable":true,"href":"https:\/\/www.europesays.com\/no\/wp-json\/wp\/v2\/media\/108714"}],"wp:attachment":[{"href":"https:\/\/www.europesays.com\/no\/wp-json\/wp\/v2\/media?parent=108713"}],"wp:term":[{"taxonomy":"category","embeddable":true,"href":"https:\/\/www.europesays.com\/no\/wp-json\/wp\/v2\/categories?post=108713"},{"taxonomy":"post_tag","embeddable":true,"href":"https:\/\/www.europesays.com\/no\/wp-json\/wp\/v2\/tags?post=108713"}],"curies":[{"name":"wp","href":"https:\/\/api.w.org\/{rel}","templated":true}]}}