{"id":108718,"date":"2025-12-09T19:05:15","date_gmt":"2025-12-09T19:05:15","guid":{"rendered":"https:\/\/www.europesays.com\/no\/108718\/"},"modified":"2025-12-09T19:05:15","modified_gmt":"2025-12-09T19:05:15","slug":"portor-pensjonat-utsatt-for-haerverk-i-oktober","status":"publish","type":"post","link":"https:\/\/www.europesays.com\/no\/108718\/","title":{"rendered":"Port\u00f8r pensjonat utsatt for h\u00e6rverk i oktober"},"content":{"rendered":"\n<p class=\"_lead_o9xde_2 _lead_xtcu6_50 layout-component text-serif-m layout-normal text-serif-l layout-component layout-wide layout-padded _wide_17hqh_1 layout-padded\">Pensjonatet i Krager\u00f8 som ble utsatt for h\u00e6rverk i oktober, ble totalskadet i en brann natt til tirsdag. <\/p>\n<p><img alt=\"IDYLLISK:  Port\u00f8r pensjonat ligger i Krager\u00f8-skj\u00e6rg\u00e5rden. Natt til tirsdag brant store deler av det ned. Foto: Privat \/ Privat\" class=\"_image_qp4xg_65 layout-component layout-wide\" data-fullscreen- data-track-element-type=\"Article image fullscreen\" data-track-name=\"ImageFullscreen\" fetchpriority=\"high\" decoding=\"sync\" loading=\"eager\" height=\"791\" itemprop=\"image\"  src=\"https:\/\/www.europesays.com\/no\/wp-content\/uploads\/2025\/12\/79b5ec9f-85b6-4837-9f18-157733cc9358\"  style=\"object-position:0% 0%\" width=\"1055\"\/>IDYLLISK:  Port\u00f8r pensjonat ligger i Krager\u00f8-skj\u00e6rg\u00e5rden. Natt til tirsdag brant store deler av det ned. Foto: Privat \/ Privat<\/p>\n<ul aria-hidden=\"true\" class=\"_images_ntbth_112\">\n<li><a class=\"_link_ntbth_117\" href=\"https:\/\/www.vg.no\/forfatter\/joern-e-kaalstad\" style=\"z-index:1\" title=\"J\u00f8rn E. Kaalstad\" rel=\"nofollow noopener\" target=\"_blank\"><img alt=\"Bilde av J\u00f8rn E. Kaalstad\" class=\"_image_ntbth_93\" fetchpriority=\"low\" loading=\"lazy\" decoding=\"async\" itemprop=\"image\"  src=\"https:\/\/www.europesays.com\/no\/wp-content\/uploads\/2025\/12\/1765307110_975_669373df-e8fd-4864-880f-5035f6f30b0b\"  width=\"480\"\/><\/a><\/li>\n<\/ul>\n<p> Oppdatert tirsdag 9. desember kl. 19:31     <\/p>\n<p class=\"_paragraph_o9xde_4 _paragraph_xtcu6_10 layout-component text-serif-m layout-normal text-serif-m layout-padded\">Klokken 04.35 tirsdag meldte politiet i S\u00f8r-\u00d8st om brann i Port\u00f8r pensjonat. <\/p>\n<p class=\"_paragraph_o9xde_4 _paragraph_xtcu6_10 layout-component text-serif-m layout-normal text-serif-m layout-padded\">\u2013 Brannvesenet er straks p\u00e5 stedet. Politi og ambulanse er ogs\u00e5 p\u00e5 vei. Pensjonatet er vinterstengt, og det er trolig ingen i bygget, skrev operasjonsleder Roger Aaser i en melding.<\/p>\n<p class=\"_paragraph_o9xde_4 _paragraph_xtcu6_10 layout-component text-serif-m layout-normal text-serif-m layout-padded\">Det var <a href=\"https:\/\/www.kv.no\/deler-av-pensjonatet-totalskadd-i-brann-ma-etterslukke-i-mange-timer\/s\/5-63-757223\" class=\"_link_o9xde_39\" rel=\"nofollow noopener\" target=\"_blank\">Krager\u00f8 og Vestmar Blad<\/a> (KV) som skrev om saken f\u00f8rst. Da avisen kom frem til stedet like etter klokka 06.00 var det ingen flammer, men kraftig r\u00f8yk fra bygget.<\/p>\n<p class=\"_paragraph_o9xde_4 _paragraph_xtcu6_10 layout-component text-serif-m layout-normal text-serif-m layout-padded\">\u2013 Den vestre delen er totalskadd. Det er masse r\u00f8ykskader i resten av bygget, og det er nok ikke mulig \u00e5 bruke det som det er, sier innsatsleder Knut Olav Helleseng fra Grenland brann og redning til KV.<\/p>\n<p><img alt=\"Foto: Privat \/ Privat\" class=\"_image_qp4xg_65 layout-component layout-normal\" data-fullscreen- data-track-element-type=\"Article image fullscreen\" data-track-name=\"ImageFullscreen\" decoding=\"async\" loading=\"lazy\" height=\"2016\" itemprop=\"image\"  src=\"https:\/\/www.europesays.com\/no\/wp-content\/uploads\/2025\/12\/710ea4b5-f292-49c7-aabf-e4310a6ec108\"  style=\"object-position:0% 0%\" width=\"1512\"\/>Foto: Privat \/ PrivatUtsatt for h\u00e6rverk<\/p>\n<p class=\"_paragraph_o9xde_4 _paragraph_xtcu6_10 layout-component text-serif-m layout-normal text-serif-m layout-padded\">Port\u00f8r pensjonat i Krager\u00f8 ble i oktober utsatt for <a href=\"https:\/\/www.vg.no\/nyheter\/i\/OoGQy1\/tolv-boenheter-rasert-i-massivt-haerverk\" data-track-element-type=\"Link\" data-track-id=\"link:OoGQy1\" class=\"_link_o9xde_39\" rel=\"nofollow noopener\" target=\"_blank\">omfattende h\u00e6rverk<\/a>. 12 av de 16 boenhetene p\u00e5 p\u00e5 pensjonatet som ligger nesten helt ytterst p\u00e5 Port\u00f8r ble rasert da gjerningspersoner har brutt opp d\u00f8rer med brekkjern, knust vinduer og kuttet opp sofaer og gardiner med kniv.<\/p>\n<p class=\"_paragraph_o9xde_4 _paragraph_xtcu6_10 layout-component text-serif-m layout-normal text-serif-m layout-padded\">Skadene ble vurdert til \u00e5 bel\u00f8pe seg til til flere hundre tusen kroner.<\/p>\n<p><img decoding=\"async\" alt=\"Bilde av Fredrik Bratsberg\" class=\"_image_ygndg_42\" height=\"42\" itemprop=\"image\" loading=\"lazy\"  src=\"https:\/\/www.europesays.com\/no\/wp-content\/uploads\/2025\/12\/9d6b79d4-feb9-4c84-88f0-791cd021868c\"  width=\"40\"\/><strong class=\"_name_ygndg_51 title-serif-xs\">Fredrik Bratsberg<\/strong><\/p>\n<p class=\"_paragraph_o9xde_4 text-sans-m _description_ygndg_56\">Daglig leder<\/p>\n<p class=\"_paragraph_o9xde_4 _paragraph_xtcu6_10 layout-component text-serif-m layout-normal text-serif-m layout-padded\">Daglig leder Fredrik Bratsberg reagerte sterkt p\u00e5h\u00e6rverket.<\/p>\n<p class=\"_paragraph_o9xde_4 _paragraph_xtcu6_10 layout-component text-serif-m layout-normal text-serif-m layout-padded\">\u2013 Ingen ting er stj\u00e5let. Dette er kun rent og skj\u00e6rt h\u00e6rverk. Hva er vitsen med \u00e5 \u00f8delegge for folk? sa han til VG i oktober.<\/p>\n<p class=\"_paragraph_o9xde_4 _paragraph_xtcu6_10 layout-component text-serif-m layout-normal text-serif-m layout-padded\">N\u00e5 er Bratsberg ikke lenger involvert i driften og \u00f8nsker derfor ikke \u00e5 uttale seg om brannen til VG. <\/p>\n<p class=\"_paragraph_o9xde_4 _paragraph_xtcu6_10 layout-component text-serif-m layout-normal text-serif-m layout-padded\">Selskapet Sommartider AS drev pensjonatet, slo seg selv konkurs i oktober  i \u00e5r, i f\u00f8lge KV.<\/p>\n<p class=\"_paragraph_o9xde_4 _paragraph_xtcu6_10 layout-component text-serif-m layout-normal text-serif-m layout-padded\">KV har v\u00e6rt i kontakt med Christian Hestenes, som er medeier i penjonatet.<\/p>\n<p class=\"_paragraph_o9xde_4 _paragraph_xtcu6_10 layout-component text-serif-m layout-normal text-serif-m layout-padded\">\u2013 Det er veldig trist, det er det jeg kan si n\u00e5, sier han i en kort kommentar til avisen. <\/p>\n<p><img alt=\"Dette er noen av de eksterne boenhetene til pensjonatet.   Foto: Privat \/ Privat\" class=\"_image_qp4xg_65 layout-component layout-normal\" data-fullscreen- data-track-element-type=\"Article image fullscreen\" data-track-name=\"ImageFullscreen\" decoding=\"async\" loading=\"lazy\" height=\"768\" itemprop=\"image\"  src=\"https:\/\/www.europesays.com\/no\/wp-content\/uploads\/2025\/12\/99a06769-4cd1-456b-836d-ffd2a4c66c28\"  style=\"object-position:0% 0%\" width=\"1024\"\/>Dette er noen av de eksterne boenhetene til pensjonatet.   Foto: Privat \/ Privat<\/p>\n<p class=\"_paragraph_o9xde_4 _paragraph_xtcu6_10 layout-component text-serif-m layout-normal text-serif-m layout-padded\">Den siste oppdateringen fra politiet p\u00e5 X var kl. 14.42:<\/p>\n<p class=\"_paragraph_o9xde_4 _paragraph_xtcu6_10 layout-component text-serif-m layout-normal text-serif-m layout-padded\">\u2013 Det er store skader som f\u00f8lge av brannen. Brann\u00e5rsak er ukjent, sak opprettes for videre etterforskning, skriver Jan Tore Gregersen, operasjonsleder p\u00e5 X.<\/p>\n<p class=\"_paragraph_o9xde_4 _paragraph_xtcu6_10 layout-component text-serif-m layout-normal text-serif-m layout-padded\">VG snakket med operasjonsleder Inge Omli Landsr\u00f8d klokken 18.00.<\/p>\n<p class=\"_paragraph_o9xde_4 _paragraph_xtcu6_10 layout-component text-serif-m layout-normal text-serif-m layout-padded\">\u2013 Hva er situasjonen p\u00e5 brannstedet n\u00e5?<\/p>\n<p class=\"_paragraph_o9xde_4 _paragraph_xtcu6_10 layout-component text-serif-m layout-normal text-serif-m layout-padded\">\u2013 Brannvesenet har nettopp gitt seg p\u00e5 stedet. Vi har sperret av omr\u00e5det som n\u00e5 er et \u00e5sted. Kriminalteknikere skal n\u00e5 g\u00e5 igjennom \u00e5stedet og etterforske brannen og \u00e5rsaken til den.<\/p>\n<p class=\"_paragraph_o9xde_4 _paragraph_xtcu6_10 layout-component text-serif-m layout-normal text-serif-m layout-padded\">Han sier de ikke vet ikke hvor brannen har startet.<\/p>\n<p class=\"_paragraph_o9xde_4 _paragraph_xtcu6_10 layout-component text-serif-m layout-normal text-serif-m layout-padded\">\u2013 Har vet dere om brann\u00e5rsaken?<\/p>\n<p class=\"_paragraph_o9xde_4 _paragraph_xtcu6_10 layout-component text-serif-m layout-normal text-serif-m layout-padded\">\u2013 Forel\u00f8pig er det flere hypoteser om brann\u00e5rsak, men den videre etterforskningen vil avdekke hva \u00e5rsaken er, sier Landsr\u00f8d.<\/p>\n<p>    <img decoding=\"async\" alt=\"Tips oss illustrasjon\" src=\"https:\/\/www.europesays.com\/no\/wp-content\/uploads\/2025\/10\/pssst-small.webp.webp\"\/>    <\/p>\n<p class=\"title-serif-s\">Har du tips?<\/p>\n<p class=\"text-sans-m\">Send oss informasjon, bilder eller video.<\/p>\n<p>  <a href=\"https:\/\/www.vg.no\/tips-oss\" rel=\"nofollow noopener\" target=\"_blank\"> Tips oss <\/a>      <\/p>\n","protected":false},"excerpt":{"rendered":"Pensjonatet i Krager\u00f8 som ble utsatt for h\u00e6rverk i oktober, ble totalskadet i en brann natt til tirsdag.&hellip;\n","protected":false},"author":2,"featured_media":108719,"comment_status":"","ping_status":"","sticky":false,"template":"","format":"standard","meta":{"footnotes":""},"categories":[10],"tags":[31,20,21,24,25,15,22,23,13,30,28,29,14,16,26,27],"class_list":{"0":"post-108718","1":"post","2":"type-post","3":"status-publish","4":"format-standard","5":"has-post-thumbnail","7":"category-norge","8":"tag-breaking","9":"tag-breaking-news","10":"tag-breakingnews","11":"tag-featured-news","12":"tag-featurednews","13":"tag-headlines","14":"tag-latest-news","15":"tag-latestnews","16":"tag-news","17":"tag-no","18":"tag-norge","19":"tag-norway","20":"tag-nyheter","21":"tag-overskrifter","22":"tag-top-stories","23":"tag-topstories"},"share_on_mastodon":{"url":"https:\/\/pubeurope.com\/@no\/115691174539264801","error":""},"_links":{"self":[{"href":"https:\/\/www.europesays.com\/no\/wp-json\/wp\/v2\/posts\/108718","targetHints":{"allow":["GET"]}}],"collection":[{"href":"https:\/\/www.europesays.com\/no\/wp-json\/wp\/v2\/posts"}],"about":[{"href":"https:\/\/www.europesays.com\/no\/wp-json\/wp\/v2\/types\/post"}],"author":[{"embeddable":true,"href":"https:\/\/www.europesays.com\/no\/wp-json\/wp\/v2\/users\/2"}],"replies":[{"embeddable":true,"href":"https:\/\/www.europesays.com\/no\/wp-json\/wp\/v2\/comments?post=108718"}],"version-history":[{"count":0,"href":"https:\/\/www.europesays.com\/no\/wp-json\/wp\/v2\/posts\/108718\/revisions"}],"wp:featuredmedia":[{"embeddable":true,"href":"https:\/\/www.europesays.com\/no\/wp-json\/wp\/v2\/media\/108719"}],"wp:attachment":[{"href":"https:\/\/www.europesays.com\/no\/wp-json\/wp\/v2\/media?parent=108718"}],"wp:term":[{"taxonomy":"category","embeddable":true,"href":"https:\/\/www.europesays.com\/no\/wp-json\/wp\/v2\/categories?post=108718"},{"taxonomy":"post_tag","embeddable":true,"href":"https:\/\/www.europesays.com\/no\/wp-json\/wp\/v2\/tags?post=108718"}],"curies":[{"name":"wp","href":"https:\/\/api.w.org\/{rel}","templated":true}]}}