{"id":108720,"date":"2025-12-09T19:06:09","date_gmt":"2025-12-09T19:06:09","guid":{"rendered":"https:\/\/www.europesays.com\/no\/108720\/"},"modified":"2025-12-09T19:06:09","modified_gmt":"2025-12-09T19:06:09","slug":"frp-med-beste-vg-maling-pa-over-15-ar","status":"publish","type":"post","link":"https:\/\/www.europesays.com\/no\/108720\/","title":{"rendered":"Frp med beste VG-m\u00e5ling p\u00e5 over 15 \u00e5r"},"content":{"rendered":"\n<ul class=\"_list_o9xde_3 _list_64s2r_85 _unordered_o9xde_106 text-sans-m\">\n<li class=\"_item_o9xde_30\">Frp f\u00e5r 27,7 prosent oppslutning i ny VG- og Aftenposten-m\u00e5ling, h\u00f8yeste niv\u00e5 siden 2008.<\/li>\n<li class=\"_item_o9xde_30\">Sylvi Listhaug mener budsjettkaoset og de r\u00f8dgr\u00f8nnes politikk har bidratt til Frps vekst.<\/li>\n<li class=\"_item_o9xde_30\">B\u00e5de Frp og R\u00f8dt gj\u00f8r det bra; Frp dominerer blant menn under 30 \u00e5r.<\/li>\n<\/ul>\n<p>Vis mer <\/p>\n<p class=\"_paragraph_o9xde_4 _paragraph_xtcu6_10 layout-component text-serif-m layout-normal text-serif-m layout-padded\">Vi m\u00e5 helt tilbake til september 2008 for \u00e5 se et like h\u00f8yt tall.et like h\u00f8yt tall.I september 2008 fikk Frp 31,7 prosents oppslutning p\u00e5 Respons Analyses m\u00e5ling. Partim\u00e5lingen er utf\u00f8rt av Respons Analyse for VG og Aftenposten. <\/p>\n<p class=\"_paragraph_o9xde_4 _paragraph_xtcu6_10 layout-component text-serif-m layout-normal text-serif-m layout-padded\">Listhaug mener at de r\u00f8dgr\u00f8nne partiene m\u00e5 svare for en del av Frps vekst.<\/p>\n<p class=\"_paragraph_o9xde_4 _paragraph_xtcu6_10 layout-component text-serif-m layout-normal text-serif-m layout-padded\">\u2013 Jeg tror mange ser at det de har f\u00e5tt etter valget er det totale kaos. Ap og de fire samarbeidspartiene fortsetter \u00e5 sl\u00f8se med skattepengene i enda st\u00f8rre tempo, uten at de l\u00f8ser de grunnleggende oppgavene, skriver Listhaug til VG i en e-post fra USA. <\/p>\n<p class=\"_paragraph_o9xde_4 _paragraph_xtcu6_10 layout-component text-serif-m layout-normal text-serif-m layout-padded\">Der deltar hun denne uken p\u00e5 Natos parlamentarikerforsamling i USAs hovedstad Washington D.C.<\/p>\n<p>Frp er st\u00f8rst <\/p>\n<p class=\"_paragraph_o9xde_4 _paragraph_xtcu6_10 layout-component text-serif-m layout-normal text-serif-m layout-padded\">\u2013 Det ble en toppnotering for Frp, konstaterer Thore Gaard Olaussen.<\/p>\n<p class=\"_paragraph_o9xde_4 _paragraph_xtcu6_10 layout-component text-serif-m layout-normal text-serif-m layout-padded\">Olaussen er faglig ansvarlig for m\u00e5lingen fra Respons Analyse, som er hans siste f\u00f8r han g\u00e5r av med pensjon etter 40 \u00e5r med meningsm\u00e5linger. <\/p>\n<p class=\"_paragraph_o9xde_4 _paragraph_xtcu6_10 layout-component text-serif-m layout-normal text-serif-m layout-padded\"><strong class=\"_strong_o9xde_25\">Hvis det hadde v\u00e6rt valg i morgen hadde de borgerlige partiene sikret seg flertall med 90 stortingsrepresentanter, if\u00f8lge m\u00e5lingen. 49 av stortingsrepresentantene ville representert Frp. <\/strong><\/p>\n<p class=\"_paragraph_o9xde_4 _paragraph_xtcu6_10 layout-component text-serif-m layout-normal text-serif-m layout-padded\">Arbeiderpartiet fortsetter nedturen og raser ned 5,2 prosentpoeng til 22,8 prosent. De to store vinnerne i denne m\u00e5lingen er Frp og R\u00f8dt, som begge befinner seg ytterst p\u00e5 hver sin side i norsk politikk. <\/p>\n<p class=\"_paragraph_o9xde_4 _paragraph_xtcu6_10 layout-component text-serif-m layout-normal text-serif-m layout-padded\">\u2013 Det er et tegn i tiden at velgermassen splittes opp p\u00e5 flere partier, ogs\u00e5 f\u00e5r man polarisering. Det ser vi ogs\u00e5 internasjonalt at man har en sterk ytre h\u00f8yreside og en sterk venstreside, sier Olaussen. <\/p>\n<p><img decoding=\"async\" alt=\"Bilde av Thore Gaard Olaussen\" class=\"_image_ygndg_42\" height=\"40\" itemprop=\"image\" loading=\"lazy\"  src=\"https:\/\/www.europesays.com\/no\/wp-content\/uploads\/2025\/12\/dcd03a15-1bb9-49e6-bb77-646ee7810698\"  width=\"40\"\/><strong class=\"_name_ygndg_51 title-serif-xs\">Thore Gaard Olaussen<\/strong><\/p>\n<p class=\"_paragraph_o9xde_4 text-sans-m _description_ygndg_56\">Faglig ansvarlig for meningsm\u00e5lingen hos Respons Analyse<\/p>\n<p class=\"_paragraph_o9xde_4 _paragraph_xtcu6_10 layout-component text-serif-m layout-normal text-serif-m layout-padded\">Frp henter velgere fra et bredt spekter av andre partier. <\/p>\n<p class=\"_paragraph_o9xde_4 _paragraph_xtcu6_10 layout-component text-serif-m layout-normal text-serif-m layout-padded\">\u2013 Grunnen til at de styrker seg er for det f\u00f8rste solid lojalitet blant egne velgere, i tillegg tar de velgere fra Arbeiderpartiet, H\u00f8yre, KrF og gruppen andre, forklarer Olaussen. <\/p>\n<p class=\"_paragraph_o9xde_4 _paragraph_xtcu6_10 layout-component text-serif-m layout-normal text-serif-m layout-padded\">Frp har lenge gjort det bra blant yngre menn. Bakgrunnstallene p\u00e5 denne m\u00e5lingen viser n\u00e6r totaldominans.<\/p>\n<p class=\"_paragraph_o9xde_4 _paragraph_xtcu6_10 layout-component text-serif-m layout-normal text-serif-m layout-padded\"><strong class=\"_strong_o9xde_25\">\u2013 N\u00e5 har de over 50 prosent av velgerne i gruppen menn under 30 \u00e5r, s\u00e5 er det ganske enest\u00e5ende. <\/strong><\/p>\n<p class=\"_paragraph_o9xde_4 _paragraph_xtcu6_10 layout-component text-serif-m layout-normal text-serif-m layout-padded\">Det er verdt \u00e5 ha med seg at det er stor usikkerhet i tallene n\u00e5r de brytes ned p\u00e5 mindre grupper, men de har over tid styrket seg i denne gruppen, p\u00e5peker Olaussen. <\/p>\n<p>R\u00f8dt st\u00f8rst av tuttifrutti<\/p>\n<p class=\"_paragraph_o9xde_4 _paragraph_xtcu6_10 layout-component text-serif-m layout-normal text-serif-m layout-padded\">MDG g\u00e5r litt tilbake og SV rykker marginalt frem, med begge endringene er innenfor feilmarginfeilmarginDet viser hvor usikker en statistisk m\u00e5ling er. Alle meningsm\u00e5linger har feilmarginer for de ulike tingene det blir spurt om., etter uken med budsjettdrama. <\/p>\n<p class=\"_paragraph_o9xde_4 _paragraph_xtcu6_10 layout-component text-serif-m layout-normal text-serif-m layout-padded\">R\u00f8dt styrker derimot posisjonen sin som det st\u00f8rste partiet blant tuttifruttiene og ligger p\u00e5 7 prosent. Det er 1,3 prosentpoeng bedre enn SV, som ligger p\u00e5 5,7 prosent p\u00e5 VGs m\u00e5ling. <\/p>\n<p class=\"_paragraph_o9xde_4 _paragraph_xtcu6_10 layout-component text-serif-m layout-normal text-serif-m layout-padded\">\u2013 R\u00f8dt har g\u00e5tt fra \u00e5 v\u00e6re lillebror p\u00e5 venstresiden, til \u00e5 ha blitt storebror. De ligger foran b\u00e5de SV og MDG og har bare fortsatt veksten siden valget, sier Olaussen.<\/p>\n<p><img alt=\"VINNER: R\u00f8dt-leder Marie Sneve Martinussen kan smile bredt av m\u00e5lingen.   Foto: Fredrik Solstad \/ VG\" class=\"_image_qp4xg_65 layout-component layout-normal\" data-fullscreen- data-track-element-type=\"Article image fullscreen\" data-track-name=\"ImageFullscreen\" decoding=\"async\" loading=\"lazy\" height=\"2656\" itemprop=\"image\"  src=\"https:\/\/www.europesays.com\/no\/wp-content\/uploads\/2025\/12\/1ccbcb3b-5075-4855-9631-737cdfae4cb8\"  style=\"object-position:0% 0%\" width=\"3984\"\/>VINNER: R\u00f8dt-leder Marie Sneve Martinussen kan smile bredt av m\u00e5lingen.   Foto: Fredrik Solstad \/ VG<\/p>\n<p class=\"_paragraph_o9xde_4 _paragraph_xtcu6_10 layout-component text-serif-m layout-normal text-serif-m layout-padded\">R\u00f8dt henter flest velgere fra SV, viser bakgrunnstallene. Men igjen, her er tallgrunnlaget lite.<\/p>\n<p class=\"_paragraph_o9xde_4 _paragraph_xtcu6_10 layout-component text-serif-m layout-normal text-serif-m layout-padded\">Norsk politikk har lagt bak seg en dramatisk uke med budsjettforhandlinger. SV og MDG ville f\u00f8rst ikke stille seg bak budsjettet, men etter mange lange m\u00f8ter ble det til slutt flertall for budsjettforslaget fra Arbeiderpartiet, Senterpartiet og R\u00f8dt. <\/p>\n<p class=\"_paragraph_o9xde_4 _paragraph_xtcu6_10 layout-component text-serif-m layout-normal text-serif-m layout-padded\">\u2013 Har budsjettforhandlingene p\u00e5virket SVs oppslutning? <\/p>\n<p class=\"_paragraph_o9xde_4 _paragraph_xtcu6_10 layout-component text-serif-m layout-normal text-serif-m layout-padded\">\u2013 Det kan se ut som det har litt \u00e5 si. At R\u00f8dt blir oppfattet som seri\u00f8se og at de tar budsjettforhandlingene p\u00e5 alvor, har hatt positiv gevinst, sier Olaussen.<\/p>\n<p>Illojale MDG-velgere<\/p>\n<p class=\"_paragraph_o9xde_4 _paragraph_xtcu6_10 layout-component text-serif-m layout-normal text-serif-m layout-padded\">MDG har p\u00e5 sin side flest velgere som sitter p\u00e5 gjerdet \u2013 alts\u00e5 folk som stemte MDG i stortingsvalget, men som n\u00e5 ikke vet hva de skal stemme. <\/p>\n<p class=\"_paragraph_o9xde_4 _paragraph_xtcu6_10 layout-component text-serif-m layout-normal text-serif-m layout-padded\">\u2013 Det er et fenomen jeg har sett over lengre tid, at velgere som stemmer MDG og Venstre, har lavere lojalitet. Venstre mister sine til H\u00f8yre, mens MDGs setter seg p\u00e5 gjerdet, sier Olaussen.<\/p>\n<p><img alt=\"BR\u00d8T: MDG-leder Arild Hermstad under budsjettforhandlingene forrige uke.   Foto: Fredrik Solstad \/ VG\" class=\"_image_qp4xg_65 layout-component layout-normal\" data-fullscreen- data-track-element-type=\"Article image fullscreen\" data-track-name=\"ImageFullscreen\" decoding=\"async\" loading=\"lazy\" height=\"2656\" itemprop=\"image\"  src=\"https:\/\/www.europesays.com\/no\/wp-content\/uploads\/2025\/12\/c44fc620-5f89-4f0d-920a-464bc126af1b\"  style=\"object-position:0% 0%\" width=\"3984\"\/>BR\u00d8T: MDG-leder Arild Hermstad under budsjettforhandlingene forrige uke.   Foto: Fredrik Solstad \/ VG<\/p>\n<p class=\"_paragraph_o9xde_4 _paragraph_xtcu6_10 layout-component text-serif-m layout-normal text-serif-m layout-padded\">P\u00e5 borgerlig side er det KrF som faller mest med 1,2 prosentpoeng til 3,1 prosent, alts\u00e5 godt under sperregrensen p\u00e5 4 prosent. <\/p>\n<p class=\"_paragraph_o9xde_4 _paragraph_xtcu6_10 layout-component text-serif-m layout-normal text-serif-m layout-padded\">\u2013 De opplever ogs\u00e5 lavere lojalitet. Jeg vil tro at en del av KrFs mobilisering i valget var taktisk stemmegivning for at de skulle komme seg over sperregrensen. N\u00e5 kan det se ut som en del av velgerne har vendt tilbake til H\u00f8yre.<\/p>\n<p>Vil bredde ut<\/p>\n<p class=\"_paragraph_o9xde_4 _paragraph_xtcu6_10 layout-component text-serif-m layout-normal text-serif-m layout-padded\">Listhaug peker p\u00e5 partiets l\u00f8fter om kutt i sl\u00f8sing og satsing p\u00e5 det hun kaller kjerneoppgaver i Norge for \u00e5 forklare suksessen.<\/p>\n<p class=\"_paragraph_o9xde_4 _paragraph_xtcu6_10 layout-component text-serif-m layout-normal text-serif-m layout-padded\">Hun trekker frem ambisjoner om \u00e5 styrke sykehus\u00f8konomien, bygge flere omsorgsboliger, halvere matmoms og kutte drivstoffavgifter \u2013 og \u00e5 kutte penger til klimasubsidier, bistand og innvandring. <\/p>\n<p><img alt=\"SELFIE: Sylvi Listhaug har selv tatt bilde til VG inne i den amerikanske kongressen tirsdag morgen amerikansk tid.   Foto: Privat\" class=\"_image_qp4xg_65 layout-component layout-normal\" data-fullscreen- data-track-element-type=\"Article image fullscreen\" data-track-name=\"ImageFullscreen\" decoding=\"async\" loading=\"lazy\" height=\"3088\" itemprop=\"image\"  src=\"https:\/\/www.europesays.com\/no\/wp-content\/uploads\/2025\/12\/f6a73d12-35ee-4380-9d46-67021bbd0514\"  style=\"object-position:0% 0%\" width=\"2316\"\/>SELFIE: Sylvi Listhaug har selv tatt bilde til VG inne i den amerikanske kongressen tirsdag morgen amerikansk tid.   Foto: Privat<\/p>\n<p class=\"_paragraph_o9xde_4 _paragraph_xtcu6_10 layout-component text-serif-m layout-normal text-serif-m layout-padded\">\u2013 Kan Frp bli et parti som f\u00e5r over 30 prosents oppslutning p\u00e5 m\u00e5lingene over tid?<\/p>\n<p class=\"_paragraph_o9xde_4 _paragraph_xtcu6_10 layout-component text-serif-m layout-normal text-serif-m layout-padded\">\u2013 Det vil komme mange m\u00e5linger f\u00f8r neste stortingsvalg og m\u00e5lingene vil g\u00e5 b\u00e5de opp og ned. Det er selvsagt hyggelig at folk st\u00f8tter Frps l\u00f8sninger med lavere skatter og avgifter, samtidig som vi prioriterer de viktigste oppgavene som skole, helse, eldreomsorg, politi og forsvar, skriver hun til VG. <\/p>\n<p class=\"_paragraph_o9xde_4 _paragraph_xtcu6_10 layout-component text-serif-m layout-normal text-serif-m layout-padded\">Frp henter velgere fra alle partier utenom SV, if\u00f8lge m\u00e5lingens bakgrunnstall. Aller flest henter de fra H\u00f8yre og KrF. <\/p>\n<p class=\"_paragraph_o9xde_4 _paragraph_xtcu6_10 layout-component text-serif-m layout-normal text-serif-m layout-padded\">Listhaug sier at partiet skal bli best \u2013 p\u00e5 alt. <\/p>\n<p class=\"_paragraph_o9xde_4 _paragraph_xtcu6_10 layout-component text-serif-m layout-normal text-serif-m layout-padded\">\u2013 Skal dere bredde ut partiet mer eller spisse dere i tiden fremover?\u00a0<\/p>\n<p class=\"_paragraph_o9xde_4 _paragraph_xtcu6_10 layout-component text-serif-m layout-normal text-serif-m layout-padded\">\u2013 Vi har de beste l\u00f8sningene p\u00e5 alle omr\u00e5der, og det er v\u00e5r oppgave \u00e5 vise velgerne, skriver hun. <\/p>\n","protected":false},"excerpt":{"rendered":"Frp f\u00e5r 27,7 prosent oppslutning i ny VG- og Aftenposten-m\u00e5ling, h\u00f8yeste niv\u00e5 siden 2008. Sylvi Listhaug mener budsjettkaoset&hellip;\n","protected":false},"author":2,"featured_media":108721,"comment_status":"","ping_status":"","sticky":false,"template":"","format":"standard","meta":{"footnotes":""},"categories":[5],"tags":[20,21,24,25,577,15,19,22,23,17,18,1312,13,30,28,281,29,14,16,200,26,27,205],"class_list":{"0":"post-108720","1":"post","2":"type-post","3":"status-publish","4":"format-standard","5":"has-post-thumbnail","7":"category-overskrifter","8":"tag-breaking-news","9":"tag-breakingnews","10":"tag-featured-news","11":"tag-featurednews","12":"tag-fremskrittspartiet-frp","13":"tag-headlines","14":"tag-hovedoppslag","15":"tag-latest-news","16":"tag-latestnews","17":"tag-main-news","18":"tag-mainnews","19":"tag-meningsmalinger","20":"tag-news","21":"tag-no","22":"tag-norge","23":"tag-norsk-politikk","24":"tag-norway","25":"tag-nyheter","26":"tag-overskrifter","27":"tag-sylvi-listhaug","28":"tag-top-stories","29":"tag-topstories","30":"tag-vgsamfunn"},"share_on_mastodon":{"url":"https:\/\/pubeurope.com\/@no\/115691178296298207","error":""},"_links":{"self":[{"href":"https:\/\/www.europesays.com\/no\/wp-json\/wp\/v2\/posts\/108720","targetHints":{"allow":["GET"]}}],"collection":[{"href":"https:\/\/www.europesays.com\/no\/wp-json\/wp\/v2\/posts"}],"about":[{"href":"https:\/\/www.europesays.com\/no\/wp-json\/wp\/v2\/types\/post"}],"author":[{"embeddable":true,"href":"https:\/\/www.europesays.com\/no\/wp-json\/wp\/v2\/users\/2"}],"replies":[{"embeddable":true,"href":"https:\/\/www.europesays.com\/no\/wp-json\/wp\/v2\/comments?post=108720"}],"version-history":[{"count":0,"href":"https:\/\/www.europesays.com\/no\/wp-json\/wp\/v2\/posts\/108720\/revisions"}],"wp:featuredmedia":[{"embeddable":true,"href":"https:\/\/www.europesays.com\/no\/wp-json\/wp\/v2\/media\/108721"}],"wp:attachment":[{"href":"https:\/\/www.europesays.com\/no\/wp-json\/wp\/v2\/media?parent=108720"}],"wp:term":[{"taxonomy":"category","embeddable":true,"href":"https:\/\/www.europesays.com\/no\/wp-json\/wp\/v2\/categories?post=108720"},{"taxonomy":"post_tag","embeddable":true,"href":"https:\/\/www.europesays.com\/no\/wp-json\/wp\/v2\/tags?post=108720"}],"curies":[{"name":"wp","href":"https:\/\/api.w.org\/{rel}","templated":true}]}}