{"id":108731,"date":"2025-12-09T19:25:08","date_gmt":"2025-12-09T19:25:08","guid":{"rendered":"https:\/\/www.europesays.com\/no\/108731\/"},"modified":"2025-12-09T19:25:08","modified_gmt":"2025-12-09T19:25:08","slug":"na-er-skolenes-skjebne-avgjort-smp-no","status":"publish","type":"post","link":"https:\/\/www.europesays.com\/no\/108731\/","title":{"rendered":"(+) N\u00e5 er skolenes skjebne avgjort &#8211; smp.no"},"content":{"rendered":"<ol>\n<li><a href=\"https:\/\/news.google.com\/rss\/articles\/CBMilAFBVV95cUxONkM5emR1Y3RDTGVqdUtGcXpoWTlYNVRrb1V4VXhmcFJ2UG4tOWE5RjRWcHVXZ2RrcUhlOWp0NVF0azJJdkx1dHJRZERITXVGaFp0SXlMemVQX1JMbzc0WlNzaFZkektsMHFLVGw4Y3Y0RWRVQjlmS3V5QUszSGdyTGFRMUhURkQ0MnBSbmlKWlQxcEpI?oc=5\" target=\"_blank\" rel=\"nofollow noopener\">(+) N\u00e5 er skolenes skjebne avgjort<\/a>&nbsp;&nbsp;smp.no<\/li>\n<li><a href=\"https:\/\/news.google.com\/rss\/articles\/CBMikwFBVV95cUxOYzdSUzFxTnl6cVNrNjdTdEw2QWNjQ1RISnRad0NmVEFWN05sNENsUnMxb2FOUlRhTUo4ME9ua2MyVGE1QXZvRThiZ2FSeFR2ODFIcUplTi05eXdjUGROVGpDdEJOb0tFUDVSY2RtUnJEalo0U1F5SWZKTkdfNnBEMlpwNFVxN0pMM3FVb3VkaENfYlk?oc=5\" target=\"_blank\" rel=\"nofollow noopener\">Elever skal f\u00e5 oppl\u00e6ring i bedrift: &#8211; Rekker vi det?<\/a>&nbsp;&nbsp;rbnett.no<\/li>\n<li><a href=\"https:\/\/news.google.com\/rss\/articles\/CBMivwFBVV95cUxNUlZXWVZoeVVidXNaWF9CMkROeFhRQlJPSzFiT3BsNXFmNWpZSEZPX3ZsUmZMR2NPWjcwUzlNd0Q3YTdTWXBiVWRkS1UyZFc5czFyeGxGXzBzR1RScmkxLVdPTDdtVk50NkhiS2NUZDd3c0h4enB1VHpiLS1ZaFFUdEZzR0N5Yy13Y3N3YURGWGd3SEI3Q05XSURHcGRQeGs1XzhUS0RTVUNySW0zNGUtd213bWVsTFNYeks2VjFYZw?oc=5\" target=\"_blank\" rel=\"nofollow noopener\">Jonas Maas Nilsen fryktar at samansl\u00e5ing av skular vil f\u00f8re til nedlegging i neste omgang<\/a>&nbsp;&nbsp;NRK<\/li>\n<li><a href=\"https:\/\/news.google.com\/rss\/articles\/CBMilgFBVV95cUxPVHdPbXRSLXNMWnVWUllpRWlDck8ySXNTa1prY1hzaTdKY0lMUTFFQlNjU29lM1pya2JRcm9BWjlhTC1JXzJ2SDM3b0ZpaEZkbXVCMUMxeEZ1cWxwUlF1U1VjUUl6UE9RTUJaaVFKWXFBc1V2akV1UWVRS0JrR0tBOXJlMHB5Q1F0VmVka2QzQVMtSTNiY1E?oc=5\" target=\"_blank\" rel=\"nofollow noopener\">No er skulen sin skjebne avgjort<\/a>&nbsp;&nbsp;nyss.no<\/li>\n<li><a href=\"https:\/\/news.google.com\/rss\/articles\/CBMijAFBVV95cUxNNWlPNVFLdGVhSGpVbVJkZUoycm9EemhCV0g5R2c1WWdaQktNOEh3bklPNVZrNmxPNXZQNHl4dVppOVgydWNMRGFDeldheTZ1bkFjRzNKYTl2R0N3aWRzNkdvYUJhZXY1b05hOFVvYWFHOWtpRTRwMXF6TkdBSXdMUTZJWXRyc2NoRDFORg?oc=5\" target=\"_blank\" rel=\"nofollow noopener\">Skolestruktur, Fylkestinget | N\u00e5 er det vedtatt: Sl\u00e5r sammen skolene<\/a>&nbsp;&nbsp;Tidens Krav<\/li>\n<\/ol>\n","protected":false},"excerpt":{"rendered":"(+) N\u00e5 er skolenes skjebne avgjort&nbsp;&nbsp;smp.no Elever skal f\u00e5 oppl\u00e6ring i bedrift: &#8211; Rekker vi det?&nbsp;&nbsp;rbnett.no Jonas Maas&hellip;\n","protected":false},"author":2,"featured_media":108732,"comment_status":"","ping_status":"","sticky":false,"template":"","format":"standard","meta":{"footnotes":""},"categories":[10],"tags":[20,21,24,25,15,22,23,13465,13,30,28,29,14,16,13464,8313,1963,2749,2751,3028,7810,26,27],"class_list":{"0":"post-108731","1":"post","2":"type-post","3":"status-publish","4":"format-standard","5":"has-post-thumbnail","7":"category-norge","8":"tag-breaking-news","9":"tag-breakingnews","10":"tag-featured-news","11":"tag-featurednews","12":"tag-headlines","13":"tag-latest-news","14":"tag-latestnews","15":"tag-marit-aklestad","16":"tag-news","17":"tag-no","18":"tag-norge","19":"tag-norway","20":"tag-nyheter","21":"tag-overskrifter","22":"tag-per-ivar-lied","23":"tag-sammenslaing","24":"tag-senterpartiet","25":"tag-stranda","26":"tag-stranda-vidaregaande-skule","27":"tag-sykkylven","28":"tag-tingvoll","29":"tag-top-stories","30":"tag-topstories"},"share_on_mastodon":{"url":"https:\/\/pubeurope.com\/@no\/115691252763986993","error":""},"_links":{"self":[{"href":"https:\/\/www.europesays.com\/no\/wp-json\/wp\/v2\/posts\/108731","targetHints":{"allow":["GET"]}}],"collection":[{"href":"https:\/\/www.europesays.com\/no\/wp-json\/wp\/v2\/posts"}],"about":[{"href":"https:\/\/www.europesays.com\/no\/wp-json\/wp\/v2\/types\/post"}],"author":[{"embeddable":true,"href":"https:\/\/www.europesays.com\/no\/wp-json\/wp\/v2\/users\/2"}],"replies":[{"embeddable":true,"href":"https:\/\/www.europesays.com\/no\/wp-json\/wp\/v2\/comments?post=108731"}],"version-history":[{"count":0,"href":"https:\/\/www.europesays.com\/no\/wp-json\/wp\/v2\/posts\/108731\/revisions"}],"wp:featuredmedia":[{"embeddable":true,"href":"https:\/\/www.europesays.com\/no\/wp-json\/wp\/v2\/media\/108732"}],"wp:attachment":[{"href":"https:\/\/www.europesays.com\/no\/wp-json\/wp\/v2\/media?parent=108731"}],"wp:term":[{"taxonomy":"category","embeddable":true,"href":"https:\/\/www.europesays.com\/no\/wp-json\/wp\/v2\/categories?post=108731"},{"taxonomy":"post_tag","embeddable":true,"href":"https:\/\/www.europesays.com\/no\/wp-json\/wp\/v2\/tags?post=108731"}],"curies":[{"name":"wp","href":"https:\/\/api.w.org\/{rel}","templated":true}]}}